{"id":24696,"date":"2016-02-25T14:05:56","date_gmt":"2016-02-25T13:05:56","guid":{"rendered":"http:\/\/www.invarena.cz\/?p=24696"},"modified":"2016-02-25T19:49:00","modified_gmt":"2016-02-25T18:49:00","slug":"pacienty-s-alzheimerovou-chorobou-leci-v-pruhonicich-umela-morska-plaz","status":"publish","type":"post","link":"https:\/\/www.invarena.cz\/?p=24696","title":{"rendered":"Pacienty s Alzheimerovou chorobou l\u00e9\u010d\u00ed v Pr\u016fhonic\u00edch um\u011bl\u00e1 mo\u0159sk\u00e1 pl\u00e1\u017e"},"content":{"rendered":"<p><strong>Pacienti Alzheimercentra v pra\u017esk\u00fdch Pr\u016fhonic\u00edch maj\u00ed mo\u017enost vyu\u017e\u00edvat k l\u00e9\u010db\u011b speci\u00e1ln\u00ed fototerapeutickou pl\u00e1\u017e. Ta je ur\u010dena k terapi\u00edm zalo\u017een\u00fdm na efektu jasn\u00e9ho sv\u011btla, kter\u00e9 p\u0159\u00edzniv\u011b ovliv\u0148uje lidskou psychiku a pom\u00e1h\u00e1 i p\u0159i onemocn\u011bn\u00ed Alzheimerovou chorobou.<\/strong><!--more--><\/p>\n<p>Cel\u00fd \u010dl\u00e1nek <a href=\"http:\/\/www.novinky.cz\/domaci\/395689-pacienty-s-alzheimerovou-chorobou-leci-v-pruhonicich-umela-morska-plaz.html\">ZDE<\/a><\/p>\n","protected":false},"excerpt":{"rendered":"<div class=\"mh-excerpt\"><p>Pacienti Alzheimercentra v pra\u017esk\u00fdch Pr\u016fhonic\u00edch maj\u00ed mo\u017enost vyu\u017e\u00edvat k l\u00e9\u010db\u011b speci\u00e1ln\u00ed fototerapeutickou pl\u00e1\u017e. Ta je ur\u010dena k terapi\u00edm zalo\u017een\u00fdm na efektu jasn\u00e9ho sv\u011btla, kter\u00e9 p\u0159\u00edzniv\u011b <a class=\"mh-excerpt-more\" href=\"https:\/\/www.invarena.cz\/?p=24696\" title=\"Pacienty s Alzheimerovou chorobou l\u00e9\u010d\u00ed v Pr\u016fhonic\u00edch um\u011bl\u00e1 mo\u0159sk\u00e1 pl\u00e1\u017e\">[&#8230;]<\/a><\/p>\n<\/div>","protected":false},"author":1,"featured_media":15145,"comment_status":"open","ping_status":"closed","sticky":false,"template":"","format":"standard","meta":{"footnotes":""},"categories":[9],"tags":[],"class_list":["post-24696","post","type-post","status-publish","format-standard","has-post-thumbnail","hentry","category-zpravy"],"_links":{"self":[{"href":"https:\/\/www.invarena.cz\/index.php?rest_route=\/wp\/v2\/posts\/24696","targetHints":{"allow":["GET"]}}],"collection":[{"href":"https:\/\/www.invarena.cz\/index.php?rest_route=\/wp\/v2\/posts"}],"about":[{"href":"https:\/\/www.invarena.cz\/index.php?rest_route=\/wp\/v2\/types\/post"}],"author":[{"embeddable":true,"href":"https:\/\/www.invarena.cz\/index.php?rest_route=\/wp\/v2\/users\/1"}],"replies":[{"embeddable":true,"href":"https:\/\/www.invarena.cz\/index.php?rest_route=%2Fwp%2Fv2%2Fcomments&post=24696"}],"version-history":[{"count":1,"href":"https:\/\/www.invarena.cz\/index.php?rest_route=\/wp\/v2\/posts\/24696\/revisions"}],"predecessor-version":[{"id":24698,"href":"https:\/\/www.invarena.cz\/index.php?rest_route=\/wp\/v2\/posts\/24696\/revisions\/24698"}],"wp:featuredmedia":[{"embeddable":true,"href":"https:\/\/www.invarena.cz\/index.php?rest_route=\/wp\/v2\/media\/15145"}],"wp:attachment":[{"href":"https:\/\/www.invarena.cz\/index.php?rest_route=%2Fwp%2Fv2%2Fmedia&parent=24696"}],"wp:term":[{"taxonomy":"category","embeddable":true,"href":"https:\/\/www.invarena.cz\/index.php?rest_route=%2Fwp%2Fv2%2Fcategories&post=24696"},{"taxonomy":"post_tag","embeddable":true,"href":"https:\/\/www.invarena.cz\/index.php?rest_route=%2Fwp%2Fv2%2Ftags&post=24696"}],"curies":[{"name":"wp","href":"https:\/\/api.w.org\/{rel}","templated":true}]}}