{"id":24710,"date":"2016-02-26T08:54:43","date_gmt":"2016-02-26T07:54:43","guid":{"rendered":"http:\/\/www.invarena.cz\/?p=24710"},"modified":"2016-02-26T11:20:28","modified_gmt":"2016-02-26T10:20:28","slug":"promeny-se-ukazi-na-obrazech-postizenych","status":"publish","type":"post","link":"https:\/\/www.invarena.cz\/?p=24710","title":{"rendered":"Prom\u011bny se uk\u00e1\u017e\u00ed na obrazech posti\u017een\u00fdch"},"content":{"rendered":"<p><strong>Tradice v\u00fdstav obraz\u016f klient\u016f je op\u011bt zp\u00e1tky, letos s n\u00e1zvem Prom\u011bny V. Pakli\u017ee se chcete pono\u0159it do pocit\u016f hendikepovan\u00fdch lid\u00ed, kte\u0159\u00ed pro\u017e\u00edvaj\u00ed mnohdy stejn\u00e1 \u017eivotn\u00ed \u00faskal\u00ed jako my zdrav\u00ed, pak na v\u00e1s \u010dekaj\u00ed jejich obrazy ve Fabrice.<\/strong> <!--more--><\/p>\n<p>Svitavy \u2013 Klienti svitavsk\u00e9 Sv\u011btlanky do b\u0159ezna namaluj\u00ed obrazy a ka\u017ed\u00fd z nich m\u00e1 p\u0159in\u00e9st \u0161irokou \u0161k\u00e1lu emoc\u00ed, individu\u00e1ln\u00edho umu i zvl\u00e1\u0161tn\u00ed sebereflexi a profil sebe sama. Jedno bude spole\u010dn\u00e9: &#8222;Leto\u0161n\u00ed obrazy na\u0161ich klient\u016f budou namalovan\u00e9 technikou mramorov\u00e1n\u00ed,&#8220; \u0159\u00edk\u00e1 Gabriela Kleinov\u00e1, vedouc\u00ed CDS charity.<\/p>\n<p>Podle Kleinov\u00e9 to bude p\u0159edev\u0161\u00edm fantazijn\u00ed z\u00e1le\u017eitost. Na obrazech nebudou p\u0159\u00edmo konkr\u00e9tn\u00ed malby, ale bude se jednat p\u0159edev\u0161\u00edm o hru s fantazi\u00ed. &#8222;Vystav\u00edme tam p\u0159ibli\u017en\u011b dvacet obraz\u016f, nebo\u0165 v\u011bt\u0161\u00ed rozsah n\u00e1m neumo\u017e\u0148uje prostor foyer multifunk\u010dn\u00edho centra Fabrika,&#8220; dodala Kleinov\u00e1. V\u00fdstava obraz\u016f bude prob\u00edhat v prostor\u00e1ch foyer Fabriky a bude zah\u00e1jena v \u00fater\u00fd 1. b\u0159ezna od 16 hodin. Tato tradice vznikla p\u0159ed p\u011bti lety. P\u0159ij\u010fte na sebe nechat p\u016fsobit fantazii a atmosf\u00e9ru, kterou obrazy vyza\u0159uj\u00ed.<\/p>\n<p>Svitavsk\u00fd den\u00edk<br \/>\n<a href=\"http:\/\/svitavsky.denik.cz\/\">http:\/\/svitavsky.denik.cz\/<\/a><\/p>\n","protected":false},"excerpt":{"rendered":"<div class=\"mh-excerpt\"><p>Tradice v\u00fdstav obraz\u016f klient\u016f je op\u011bt zp\u00e1tky, letos s n\u00e1zvem Prom\u011bny V. Pakli\u017ee se chcete pono\u0159it do pocit\u016f hendikepovan\u00fdch lid\u00ed, kte\u0159\u00ed pro\u017e\u00edvaj\u00ed mnohdy stejn\u00e1 \u017eivotn\u00ed <a class=\"mh-excerpt-more\" href=\"https:\/\/www.invarena.cz\/?p=24710\" title=\"Prom\u011bny se uk\u00e1\u017e\u00ed na obrazech posti\u017een\u00fdch\">[&#8230;]<\/a><\/p>\n<\/div>","protected":false},"author":1,"featured_media":8202,"comment_status":"open","ping_status":"closed","sticky":false,"template":"","format":"standard","meta":{"footnotes":""},"categories":[17],"tags":[],"class_list":["post-24710","post","type-post","status-publish","format-standard","has-post-thumbnail","hentry","category-kultura"],"_links":{"self":[{"href":"https:\/\/www.invarena.cz\/index.php?rest_route=\/wp\/v2\/posts\/24710","targetHints":{"allow":["GET"]}}],"collection":[{"href":"https:\/\/www.invarena.cz\/index.php?rest_route=\/wp\/v2\/posts"}],"about":[{"href":"https:\/\/www.invarena.cz\/index.php?rest_route=\/wp\/v2\/types\/post"}],"author":[{"embeddable":true,"href":"https:\/\/www.invarena.cz\/index.php?rest_route=\/wp\/v2\/users\/1"}],"replies":[{"embeddable":true,"href":"https:\/\/www.invarena.cz\/index.php?rest_route=%2Fwp%2Fv2%2Fcomments&post=24710"}],"version-history":[{"count":0,"href":"https:\/\/www.invarena.cz\/index.php?rest_route=\/wp\/v2\/posts\/24710\/revisions"}],"wp:featuredmedia":[{"embeddable":true,"href":"https:\/\/www.invarena.cz\/index.php?rest_route=\/wp\/v2\/media\/8202"}],"wp:attachment":[{"href":"https:\/\/www.invarena.cz\/index.php?rest_route=%2Fwp%2Fv2%2Fmedia&parent=24710"}],"wp:term":[{"taxonomy":"category","embeddable":true,"href":"https:\/\/www.invarena.cz\/index.php?rest_route=%2Fwp%2Fv2%2Fcategories&post=24710"},{"taxonomy":"post_tag","embeddable":true,"href":"https:\/\/www.invarena.cz\/index.php?rest_route=%2Fwp%2Fv2%2Ftags&post=24710"}],"curies":[{"name":"wp","href":"https:\/\/api.w.org\/{rel}","templated":true}]}}