{"id":24733,"date":"2016-02-29T07:17:33","date_gmt":"2016-02-29T06:17:33","guid":{"rendered":"http:\/\/www.invarena.cz\/?p=24733"},"modified":"2016-02-29T07:17:33","modified_gmt":"2016-02-29T06:17:33","slug":"v-javorniku-se-priotravilo-oxidem-pet-lidi-1-dite-v-bezvedomi","status":"publish","type":"post","link":"https:\/\/www.invarena.cz\/?p=24733","title":{"rendered":"V Javorn\u00edku se p\u0159iotr\u00e1vilo oxidem p\u011bt lid\u00ed, 1 d\u00edt\u011b v bezv\u011bdom\u00ed"},"content":{"rendered":"<p>V Javorn\u00edku na Jesenicku se dnes p\u0159iotr\u00e1vilo oxidem uhelnat\u00fdm p\u011bt lid\u00ed. Mezi nimi byly i dv\u011b d\u00edvky ve v\u011bku deseti a 11 let. Mlad\u0161\u00ed z nich byla nalezena v bezv\u011bdom\u00ed a leteckou z\u00e1chrannou slu\u017ebou byla p\u0159evezena do ostravsk\u00e9 nemocnice. <!--more--><\/p>\n<p>Ostatn\u00ed skon\u010dili v jesenick\u00e9 nemocnici, \u0159ekl dnes \u010cTK mluv\u010d\u00ed krajsk\u00e9 z\u00e1chrann\u00e9 slu\u017eby Pavel Vyslou\u017eil. Lid\u00e9 se podle policie nad\u00fdchali zplodin z karmy.<\/p>\n<div class=\"rows\">\n<div class=\"leftCol\">\n<div id=\"textNews\" class=\"text\">\n<p>Z\u00e1chran\u00e1\u0159i vyrazili na m\u00edsto dnes kolem poledne. Desetiletou d\u00edvku v bezv\u011bdom\u00ed nalezli ve van\u011b jej\u00ed rodi\u010de. &#8222;Pos\u00e1dka javornick\u00e9 z\u00e1chranky, kter\u00e1 na m\u00edsto po chv\u00edli dorazila, d\u00edvku na m\u00edst\u011b o\u0161et\u0159ila a p\u0159edala leteck\u00e9 z\u00e1chrann\u00e9 slu\u017eb\u011b. Ta d\u00edvku ve v\u00e1\u017en\u00e9m stavu a na um\u011bl\u00e9 plicn\u00ed ventilaci transportovala na specializovan\u00e9 pracovi\u0161t\u011b ostravsk\u00e9 fakultn\u00ed nemocnice,&#8220; uvedl Vyslou\u017eil. Oxidem uhelnat\u00fdm se p\u0159iotr\u00e1vili na m\u00edst\u011b podle Vyslou\u017eila je\u0161t\u011b dal\u0161\u00ed \u010dty\u0159i lid\u00e9. \u0160lo o \u017eeny ve v\u011bku 42 a 66 let, mu\u017ee ve v\u011bku 40 let a jeden\u00e1ctiletou d\u00edvku. Sanitky je p\u0159i v\u011bdom\u00ed p\u0159evezly do jesenick\u00e9 nemocnice.<\/p>\n<p>Podle mluv\u010d\u00edho ostravsk\u00e9 fakultn\u00ed nemocnice Tom\u00e1\u0161e Oborn\u00e9ho je desetilet\u00e1 d\u00edvka stabilizovan\u00e1. &#8222;Je v p\u00e9\u010di na\u0161ich l\u00e9ka\u0159\u016f, nebyl nutn\u00fd p\u0159evoz do hyperbarick\u00e9 komory. Je ve stabilizovan\u00e9m stavu,&#8220; \u0159ekl dnes \u010cTK mluv\u010d\u00ed nemocnice.<\/p>\n<p>Podle mluv\u010d\u00ed krajsk\u00e9 policie Ireny Urb\u00e1nkov\u00e9 se zplodin nad\u00fdchali t\u0159i lid\u00e9, dal\u0161\u00ed dv\u011b osoby byly p\u0159evezeny do jesenick\u00e9 nemocnice na preventivn\u00ed vy\u0161et\u0159en\u00ed. Ne\u0161t\u011bst\u00ed se podle n\u00ed stalo v jednom z byt\u016f v Dukelsk\u00e9 ulici. &#8222;Policist\u00e9 se p\u0159\u00edpadem zab\u00fdvaj\u00ed, okolnosti zji\u0161\u0165uj\u00ed a o dal\u0161\u00edm postupu bude rozhodnuto na z\u00e1klad\u011b odborn\u00e9ho vyj\u00e1d\u0159en\u00ed revizn\u00edho technika p\u0159es plynov\u00e1 za\u0159\u00edzen\u00ed,&#8220; \u0159ekla dnes \u010cTK policejn\u00ed mluv\u010d\u00ed Urb\u00e1nkov\u00e1.<\/p>\n<p>Podobn\u00fd p\u0159\u00edpad v\u011bt\u0161\u00edho rozsahu zam\u011bstnal z\u00e1chran\u00e1\u0159e v Olomouck\u00e9m kraji loni v lednu, kdy unikl oxid uhelnat\u00fd ve firm\u011b Montix v Horce nad Moravou na Olomoucku. Bezbarv\u00fdm plynem se tehdy p\u0159iotr\u00e1vilo n\u011bkolik zam\u011bstnanc\u016f, sedm z nich nakonec skon\u010dilo v nemocnici. Policie p\u0159\u00edpad p\u016fvodn\u011b vy\u0161et\u0159ovala pro podez\u0159en\u00ed z obecn\u00e9ho ohro\u017een\u00ed z nedbalosti. Na z\u00e1klad\u011b znaleck\u00fdch posudk\u016f se v\u0161ak zjistilo, \u017ee \u0161lo o technickou z\u00e1vadu.<\/p>\n<p>Ro\u010dn\u011b je v \u010cesku zaznamen\u00e1no n\u011bkolik otrav oxidem uhelnat\u00fdm, kter\u00fd je produktem nedokonal\u00e9ho spalov\u00e1n\u00ed. Nebezpe\u010dn\u00fd plyn je zr\u00e1dn\u00fd, proto\u017ee nen\u00ed vid\u011bt ani c\u00edtit. Lid\u00e9, kte\u0159\u00ed se nad\u00fdchaj\u00ed oxidu uhelnat\u00e9ho, mohou pozorovat bolest hlavy nebo mal\u00e1tnost. P\u0159i vy\u0161\u0161\u00ed koncentraci mohou upadnout do bezv\u011bdom\u00ed a zem\u0159\u00edt.<\/p>\n<p>Nej\u010dast\u011bj\u0161\u00ed p\u0159\u00ed\u010dinou \u00faniku oxidu uhelnat\u00e9ho v dom\u00e1cnostech jsou net\u011bsnosti plynov\u00fdch kotl\u016f. Otrava v\u0161ak m\u016f\u017ee snadno nastat i tehdy, pokud nen\u00ed v po\u0159\u00e1dku odvod spalin z topidla nebo je zanesen\u00fd kom\u00edn. Hasi\u010di proto nab\u00e1daj\u00ed k pravideln\u00e9 kontrole a revizi topidel, oh\u0159\u00edva\u010d\u016f vody a plynov\u00fdch kotl\u016f. Lid\u00e9 by si m\u011bli tak\u00e9 po\u0159\u00eddit detektor nebezpe\u010dn\u00fdch plyn\u016f.<\/p>\n<\/div>\n<\/div>\n<\/div>\n","protected":false},"excerpt":{"rendered":"<div class=\"mh-excerpt\"><p>V Javorn\u00edku na Jesenicku se dnes p\u0159iotr\u00e1vilo oxidem uhelnat\u00fdm p\u011bt lid\u00ed. Mezi nimi byly i dv\u011b d\u00edvky ve v\u011bku deseti a 11 let. Mlad\u0161\u00ed z <a class=\"mh-excerpt-more\" href=\"https:\/\/www.invarena.cz\/?p=24733\" title=\"V Javorn\u00edku se p\u0159iotr\u00e1vilo oxidem p\u011bt lid\u00ed, 1 d\u00edt\u011b v bezv\u011bdom\u00ed\">[&#8230;]<\/a><\/p>\n<\/div>","protected":false},"author":1,"featured_media":0,"comment_status":"open","ping_status":"closed","sticky":false,"template":"","format":"standard","meta":{"footnotes":""},"categories":[9],"tags":[],"class_list":["post-24733","post","type-post","status-publish","format-standard","hentry","category-zpravy"],"_links":{"self":[{"href":"https:\/\/www.invarena.cz\/index.php?rest_route=\/wp\/v2\/posts\/24733","targetHints":{"allow":["GET"]}}],"collection":[{"href":"https:\/\/www.invarena.cz\/index.php?rest_route=\/wp\/v2\/posts"}],"about":[{"href":"https:\/\/www.invarena.cz\/index.php?rest_route=\/wp\/v2\/types\/post"}],"author":[{"embeddable":true,"href":"https:\/\/www.invarena.cz\/index.php?rest_route=\/wp\/v2\/users\/1"}],"replies":[{"embeddable":true,"href":"https:\/\/www.invarena.cz\/index.php?rest_route=%2Fwp%2Fv2%2Fcomments&post=24733"}],"version-history":[{"count":0,"href":"https:\/\/www.invarena.cz\/index.php?rest_route=\/wp\/v2\/posts\/24733\/revisions"}],"wp:attachment":[{"href":"https:\/\/www.invarena.cz\/index.php?rest_route=%2Fwp%2Fv2%2Fmedia&parent=24733"}],"wp:term":[{"taxonomy":"category","embeddable":true,"href":"https:\/\/www.invarena.cz\/index.php?rest_route=%2Fwp%2Fv2%2Fcategories&post=24733"},{"taxonomy":"post_tag","embeddable":true,"href":"https:\/\/www.invarena.cz\/index.php?rest_route=%2Fwp%2Fv2%2Ftags&post=24733"}],"curies":[{"name":"wp","href":"https:\/\/api.w.org\/{rel}","templated":true}]}}