{"id":24784,"date":"2016-03-03T12:06:39","date_gmt":"2016-03-03T11:06:39","guid":{"rendered":"http:\/\/www.invarena.cz\/?p=24784"},"modified":"2016-03-03T12:06:39","modified_gmt":"2016-03-03T11:06:39","slug":"jane-a-ilone-pomahaji-dal","status":"publish","type":"post","link":"https:\/\/www.invarena.cz\/?p=24784","title":{"rendered":"Jan\u011b a Ilon\u011b pom\u00e1haj\u00ed d\u00e1l"},"content":{"rendered":"<p><strong>Dv\u011bma \u017een\u00e1m, kter\u00e9 skon\u010dily na voz\u00edku, cht\u011bj\u00ed lid\u00e9 na Klatovsku p\u0159isp\u00edvat na l\u00e9\u010dbu i letos<\/strong><!--more--><\/p>\n<p>Klatovy \u2013 Akce na pomoc pro Janu Bendovou z Klatov a Ilonu V\u00e1vrovou z Dolan, kter\u00e9 ob\u011b kv\u016fli nemoci skon\u010dily na voz\u00edku, pokra\u010duj\u00ed i letos. Podpo\u0159it je m\u016f\u017eete p\u0159ij\u00edt u\u017e 7. a 12. b\u0159ezna.<\/p>\n<p>Koncert<\/p>\n<p>S finan\u010dn\u011b n\u00e1ro\u010dnou l\u00e9\u010dbou se rozhodly Bendov\u00e9 pomoci t\u0159i klatovsk\u00e9 kapely, kter\u00e9 po\u0159\u00e1daj\u00ed 7. b\u0159ezna od 21 hodin ji\u017e druh\u00fd benefi\u010dn\u00ed koncert na St\u0159elnici v Klatovech. &#8222;Prvn\u00ed akce se vyda\u0159ila, hodn\u011b lid\u00ed cht\u011blo Jan\u011b pomoci, tak jsme se rozhodli, \u017ee uspo\u0159\u00e1d\u00e1me dal\u0161\u00ed koncert, abychom j\u00ed p\u0159isp\u011bli na dal\u0161\u00ed l\u00e9\u010dbu. Dal\u0161\u00edm d\u016fvodem je i to, \u017ee jej\u00ed man\u017eel Luk\u00e1\u0161 je m\u016fj kamar\u00e1d a s\u00e1m si nedovedu p\u0159edstavit, co bych d\u011blal, kdyby se n\u011bco takov\u00e9ho stalo n\u00e1m. A tak\u00e9 moje dcera chod\u00ed do \u0161kolky s jejich malou,&#8220; vysv\u011btlil d\u016fvod po\u0159\u00e1d\u00e1n\u00ed koncertu Dan \u0158i\u010dica z &#8222;Ukradenek&#8220;.<\/p>\n<p>Spole\u010dn\u011b s nimi tam zahraj\u00ed skupiny Lord a Chai. &#8222;Ji\u017e na za\u010d\u00e1tku byla my\u0161lenka uspo\u0159\u00e1dat vystoupen\u00ed dv\u011b a\u017e t\u0159i. My\u0161lenku poh\u00e1n\u00ed \u00fasp\u011b\u0161n\u00e9 prvn\u00ed vystoupen\u00ed a v\u016fle Jany Bendov\u00e9 bojovat s nep\u0159\u00edzn\u00ed osudu,&#8220; \u0159ekl Petr \u0158\u00edha z Lordu.<\/p>\n<p>Bazar<\/p>\n<p>Koncertem ale akce nekon\u010d\u00ed. Na pomoc ob\u011bma \u017een\u00e1m se 12. b\u0159ezna od 9 do 17 hodin uskute\u010dn\u00ed v rodinn\u00e9m centru Beru\u0161ka v Randov\u011b ulici v Klatovech benefi\u010dn\u00ed bazar. &#8222;U m\u011b je motivace jasn\u00e1. Jana Bendov\u00e1 je moje \u0161vagrov\u00e1. Ilonka m\u00e1 podobn\u00fd osud, a tak n\u00e1s napadlo je podpo\u0159it ob\u011b najednou. S my\u0161lenkou pomoci jsem oslovila maminky nav\u0161t\u011bvuj\u00edc\u00ed na\u0161e centrum a spole\u010dn\u00fdm v\u00fdsledkem je benefi\u010dn\u00ed bazar. Maminky se samy zapojuj\u00ed, vyr\u00e1b\u00ed r\u016fzn\u00e9 dekorace \u010di d\u017eemy a pe\u010den\u00e9 \u010daje, kter\u00e9 jsou pak k prodeji pro \u0161irokou ve\u0159ejnost. Maminky \u017eivotn\u00ed p\u0159\u00edb\u011bhy obou \u017een velmi zas\u00e1hly a v tom kl\u00ed\u010d\u00ed touha pomoci,&#8220; uvedla lektorka z rodinn\u00e9ho centra Beru\u0161ka Lucie Bechy\u0148ov\u00e1.<\/p>\n<p>V Beru\u0161ce si n\u00e1v\u0161t\u011bvn\u00edci budou moci zakoupit i v\u00fdrobky souvisej\u00edc\u00ed s nadch\u00e1zej\u00edc\u00edm obdob\u00edm Velikonoc, \u0161perky a mnoho dal\u0161\u00edho. Ve\u0161ker\u00fd v\u00fdt\u011b\u017eek z prodan\u00fdch v\u011bc\u00ed bude rozd\u011blen na transparentn\u00ed \u00fa\u010dty Ilony a Jany. &#8222;Tyto dv\u011b \u017eeny pot\u0159ebuj\u00ed na\u0161i pomoc. Nakupovat m\u016f\u017ee p\u0159ij\u00edt \u0161irok\u00e1 ve\u0159ejnost. Kdo by cht\u011bl darovat k prodeji svoje v\u00fdrobky, a\u0165 u\u017e h\u00e1\u010dkovan\u00e9, \u0161perky, n\u00e1u\u0161nice nebo dom\u00e1c\u00ed zava\u0159eniny, je v\u00edt\u00e1n. I kapka v mo\u0159i je voda. I deset korun jsou pen\u00edze,&#8220; uzav\u0159ela Bechy\u0148ov\u00e1.<\/p>\n<p>Bojovaly s n\u00e1dory<\/p>\n<p>S ob\u011bma \u017eenami si osud ne\u0161\u0165astn\u011b pohr\u00e1l. Jana, maminka dvou d\u011bt\u00ed, po operaci n\u00e1doru za uchem skon\u010dila na invalidn\u00edm voz\u00edku a pom\u00e1haj\u00ed j\u00ed jen n\u00e1kladn\u00e9 rehabilitace. D\u00edky nim d\u011bl\u00e1 velk\u00e9 pokroky. P\u0159ed n\u011bkolika dny skon\u010dila pobyt v rehabilita\u010dn\u00edm centru Adeli na Slovensku, po kter\u00e9m nastupuje na dal\u0161\u00ed rehabilita\u010dn\u00ed k\u00faru v Kl\u00edmkovic\u00edch. Ilona je sle\u010dna, kter\u00e1 byla ve 23 letech upout\u00e1na na invalidn\u00ed voz\u00edk po t\u011b\u017ek\u00e9 operaci n\u00e1doru na mozku a n\u00e1sledn\u00e9m oza\u0159ov\u00e1n\u00ed. L\u00e9ka\u0159i zjistili, \u017ee se j\u00ed n\u00e1sledkem oza\u0159ov\u00e1n\u00ed rozpadaly jej\u00ed vlastn\u00ed bu\u0148ky. Odum\u00edraly j\u00ed nervov\u00e9 cesty v m\u00ed\u0161e a postupn\u011b ochrnovala. &#8222;L\u00e9\u010dba u\u017e zabrala a bu\u0148ky se p\u0159estaly d\u00e1le rozpadat. Je\u0161t\u011b ale l\u00e9ka\u0159 nedok\u00e1\u017ee \u0159\u00edci, jak dlouho bude l\u00e9\u010dba trvat,&#8220; \u0159ekla Den\u00edku Ilona.<\/p>\n<p>Lid\u00e9 na Klatovsku pomohli i dal\u0161\u00edmu \u010dlov\u011bku, o jeho\u017e osudu Klatovsk\u00fd den\u00edk informoval. Je j\u00edm Lud\u011bk Moj\u017e\u00ed\u0161 z N\u00fdrska, kter\u00e9ho vloni v l\u00e9t\u011b ranila &#8222;mrtvi\u010dka&#8220; a od t\u00e9 doby le\u017eel v nemocnici. Jeho kamar\u00e1di uspo\u0159\u00e1dali charitativn\u00ed koncert, aby m\u011bla jeho rodina na n\u00e1kladnou l\u00e9\u010dbu. V\u0161e se poda\u0159ilo a Moj\u017e\u00ed\u0161 odj\u00ed\u017ed\u00ed v ned\u011bli na 14 dn\u00ed do centra Adeli na intenzivn\u00ed rehabilitace.<\/p>\n<p>DANIELA LOUDOV\u00c1<br \/>\nKlatovsk\u00fd den\u00edk<br \/>\n<a href=\"http:\/\/klatovsky.denik.cz\/\">http:\/\/klatovsky.denik.cz\/<\/a><\/p>\n","protected":false},"excerpt":{"rendered":"<div class=\"mh-excerpt\"><p>Dv\u011bma \u017een\u00e1m, kter\u00e9 skon\u010dily na voz\u00edku, cht\u011bj\u00ed lid\u00e9 na Klatovsku p\u0159isp\u00edvat na l\u00e9\u010dbu i letos<\/p>\n<\/div>","protected":false},"author":1,"featured_media":8962,"comment_status":"open","ping_status":"closed","sticky":false,"template":"","format":"standard","meta":{"footnotes":""},"categories":[9],"tags":[],"class_list":["post-24784","post","type-post","status-publish","format-standard","has-post-thumbnail","hentry","category-zpravy"],"_links":{"self":[{"href":"https:\/\/www.invarena.cz\/index.php?rest_route=\/wp\/v2\/posts\/24784","targetHints":{"allow":["GET"]}}],"collection":[{"href":"https:\/\/www.invarena.cz\/index.php?rest_route=\/wp\/v2\/posts"}],"about":[{"href":"https:\/\/www.invarena.cz\/index.php?rest_route=\/wp\/v2\/types\/post"}],"author":[{"embeddable":true,"href":"https:\/\/www.invarena.cz\/index.php?rest_route=\/wp\/v2\/users\/1"}],"replies":[{"embeddable":true,"href":"https:\/\/www.invarena.cz\/index.php?rest_route=%2Fwp%2Fv2%2Fcomments&post=24784"}],"version-history":[{"count":0,"href":"https:\/\/www.invarena.cz\/index.php?rest_route=\/wp\/v2\/posts\/24784\/revisions"}],"wp:featuredmedia":[{"embeddable":true,"href":"https:\/\/www.invarena.cz\/index.php?rest_route=\/wp\/v2\/media\/8962"}],"wp:attachment":[{"href":"https:\/\/www.invarena.cz\/index.php?rest_route=%2Fwp%2Fv2%2Fmedia&parent=24784"}],"wp:term":[{"taxonomy":"category","embeddable":true,"href":"https:\/\/www.invarena.cz\/index.php?rest_route=%2Fwp%2Fv2%2Fcategories&post=24784"},{"taxonomy":"post_tag","embeddable":true,"href":"https:\/\/www.invarena.cz\/index.php?rest_route=%2Fwp%2Fv2%2Ftags&post=24784"}],"curies":[{"name":"wp","href":"https:\/\/api.w.org\/{rel}","templated":true}]}}