{"id":24809,"date":"2016-03-04T16:25:12","date_gmt":"2016-03-04T15:25:12","guid":{"rendered":"http:\/\/www.invarena.cz\/?p=24809"},"modified":"2016-03-04T16:25:12","modified_gmt":"2016-03-04T15:25:12","slug":"nadacni-fond-dar-sluchu-startuje-projekt-pro-neslysici","status":"publish","type":"post","link":"https:\/\/www.invarena.cz\/?p=24809","title":{"rendered":"Nada\u010dn\u00ed fond Dar sluchu startuje projekt pro nesly\u0161\u00edc\u00ed"},"content":{"rendered":"<p><strong>Dar sluchu, nada\u010dn\u00ed fond pracuj\u00edc\u00ed s lidmi s v\u00fdznamnou ztr\u00e1tou sluchu a\u017e po \u00fapln\u011b nesly\u0161\u00edc\u00ed, p\u0159edstavuje u p\u0159\u00edle\u017eitosti Mezin\u00e1rodn\u00edho dne sluchu nov\u00fd projekt s n\u00e1zvem Poj\u010fme ud\u011blat z\u00e1zrak pro&#8230;, kter\u00fd se zam\u011b\u0159uje na pomoc nesly\u0161\u00edc\u00edm p\u0159ed a po kochle\u00e1rn\u00edch implantac\u00edch \u010di p\u0159i v\u00fdm\u011bn\u011b st\u00e1vaj\u00edc\u00edch za\u0159\u00edzen\u00ed, je\u017e jsou na konci sv\u00e9 \u017eivotnosti.<\/strong><!--more--><\/p>\n<p>Cel\u00fd \u010dl\u00e1nek <a href=\"http:\/\/www.tyden.cz\/rubriky\/zdravi\/nadacni-fond-dar-sluchu-startuje-projekt-pro-neslysici_374683.html\">ZDE<\/a><\/p>\n","protected":false},"excerpt":{"rendered":"<div class=\"mh-excerpt\"><p>Dar sluchu, nada\u010dn\u00ed fond pracuj\u00edc\u00ed s lidmi s v\u00fdznamnou ztr\u00e1tou sluchu a\u017e po \u00fapln\u011b nesly\u0161\u00edc\u00ed, p\u0159edstavuje u p\u0159\u00edle\u017eitosti Mezin\u00e1rodn\u00edho dne sluchu nov\u00fd projekt s n\u00e1zvem <a class=\"mh-excerpt-more\" href=\"https:\/\/www.invarena.cz\/?p=24809\" title=\"Nada\u010dn\u00ed fond Dar sluchu startuje projekt pro nesly\u0161\u00edc\u00ed\">[&#8230;]<\/a><\/p>\n<\/div>","protected":false},"author":1,"featured_media":15447,"comment_status":"open","ping_status":"closed","sticky":false,"template":"","format":"standard","meta":{"footnotes":""},"categories":[9],"tags":[],"class_list":["post-24809","post","type-post","status-publish","format-standard","has-post-thumbnail","hentry","category-zpravy"],"_links":{"self":[{"href":"https:\/\/www.invarena.cz\/index.php?rest_route=\/wp\/v2\/posts\/24809","targetHints":{"allow":["GET"]}}],"collection":[{"href":"https:\/\/www.invarena.cz\/index.php?rest_route=\/wp\/v2\/posts"}],"about":[{"href":"https:\/\/www.invarena.cz\/index.php?rest_route=\/wp\/v2\/types\/post"}],"author":[{"embeddable":true,"href":"https:\/\/www.invarena.cz\/index.php?rest_route=\/wp\/v2\/users\/1"}],"replies":[{"embeddable":true,"href":"https:\/\/www.invarena.cz\/index.php?rest_route=%2Fwp%2Fv2%2Fcomments&post=24809"}],"version-history":[{"count":0,"href":"https:\/\/www.invarena.cz\/index.php?rest_route=\/wp\/v2\/posts\/24809\/revisions"}],"wp:featuredmedia":[{"embeddable":true,"href":"https:\/\/www.invarena.cz\/index.php?rest_route=\/wp\/v2\/media\/15447"}],"wp:attachment":[{"href":"https:\/\/www.invarena.cz\/index.php?rest_route=%2Fwp%2Fv2%2Fmedia&parent=24809"}],"wp:term":[{"taxonomy":"category","embeddable":true,"href":"https:\/\/www.invarena.cz\/index.php?rest_route=%2Fwp%2Fv2%2Fcategories&post=24809"},{"taxonomy":"post_tag","embeddable":true,"href":"https:\/\/www.invarena.cz\/index.php?rest_route=%2Fwp%2Fv2%2Ftags&post=24809"}],"curies":[{"name":"wp","href":"https:\/\/api.w.org\/{rel}","templated":true}]}}