{"id":2482,"date":"2013-03-15T19:24:08","date_gmt":"2013-03-15T18:24:08","guid":{"rendered":"http:\/\/www.invarena.cz\/?p=2482"},"modified":"2013-03-18T08:47:15","modified_gmt":"2013-03-18T07:47:15","slug":"krasa-drabek-lze","status":"publish","type":"post","link":"https:\/\/www.invarena.cz\/?p=2482","title":{"rendered":"Kr\u00e1sa: Dr\u00e1bek l\u017ee"},"content":{"rendered":"<p>Exministra Jarom\u00edra Dr\u00e1bka tvrd\u011b napadl p\u0159edseda N\u00e1rodn\u00ed rady osob se zdravotn\u00edm posti\u017een\u00edm V\u00e1clav Kr\u00e1sa v po\u0159adu \u010cT24, kde o n\u011bm prohl\u00e1sil, \u017ee l\u017ee. Kr\u00e1sa pouk\u00e1zal na to, \u017ee m\u00edsto, aby syst\u00e9m sKaret u\u0161et\u0159il, byl by ve skute\u010dnosti o 180 milion\u016f korun dra\u017e\u0161\u00ed ne\u017eli p\u016fvodn\u00ed syst\u00e9m. <!--more--><\/p>\n<p>p\u0159edseda NRZP V\u00e1clav Kr\u00e1sa:<br \/>\n&#8230;my se domn\u00edv\u00e1me, \u017ee kone\u010dn\u011b by politick\u00e1 reprezentace m\u011bla pochopit, \u017ee projekt sKarty byl ur\u010den k vyveden\u00ed pen\u011bz z ve\u0159ejn\u00fdch prost\u0159edk\u016f do soukrom\u00fdch rukou. B\u00fdval\u00fd pan ministr Dr\u00e1bek l\u017ee. J\u00e1 nem\u016f\u017eu to jinak nazvat, proto\u017ee policie sama konstatovala kontroln\u00ed org\u00e1ny, \u017ee ten syst\u00e9m v\u00fdplaty d\u00e1vek, kter\u00fd kdyby byl zaveden,\u00a0 bylby\u00a0 ro\u010dn\u011b o 180 milion\u016f dra\u017e\u0161\u00ed ne\u017eli ten p\u016fvodn\u00ed syst\u00e9m a to p\u0159eci je z ve\u0159ejn\u00fdch zdroj\u016f. Tak a\u0165 pan Dr\u00e1bek prost\u011b nel\u017ee. J\u00e1 si mysl\u00edm, \u017ee politik prost\u011b takto lh\u00e1t nem\u016f\u017ee. J\u00e1 to jinak u\u017e nazvat nem\u016f\u017eu &#8230;<\/p>\n<p>invArena<\/p>\n","protected":false},"excerpt":{"rendered":"<div class=\"mh-excerpt\"><p>Exministra Jarom\u00edra Dr\u00e1bka tvrd\u011b napadl p\u0159edseda N\u00e1rodn\u00ed rady osob se zdravotn\u00edm posti\u017een\u00edm V\u00e1clav Kr\u00e1sa v po\u0159adu \u010cT24, kde o n\u011bm prohl\u00e1sil, \u017ee l\u017ee. Kr\u00e1sa pouk\u00e1zal <a class=\"mh-excerpt-more\" href=\"https:\/\/www.invarena.cz\/?p=2482\" title=\"Kr\u00e1sa: Dr\u00e1bek l\u017ee\">[&#8230;]<\/a><\/p>\n<\/div>","protected":false},"author":1,"featured_media":0,"comment_status":"open","ping_status":"open","sticky":false,"template":"","format":"standard","meta":{"footnotes":""},"categories":[4,6],"tags":[],"class_list":["post-2482","post","type-post","status-publish","format-standard","hentry","category-nazory","category-politika"],"_links":{"self":[{"href":"https:\/\/www.invarena.cz\/index.php?rest_route=\/wp\/v2\/posts\/2482","targetHints":{"allow":["GET"]}}],"collection":[{"href":"https:\/\/www.invarena.cz\/index.php?rest_route=\/wp\/v2\/posts"}],"about":[{"href":"https:\/\/www.invarena.cz\/index.php?rest_route=\/wp\/v2\/types\/post"}],"author":[{"embeddable":true,"href":"https:\/\/www.invarena.cz\/index.php?rest_route=\/wp\/v2\/users\/1"}],"replies":[{"embeddable":true,"href":"https:\/\/www.invarena.cz\/index.php?rest_route=%2Fwp%2Fv2%2Fcomments&post=2482"}],"version-history":[{"count":0,"href":"https:\/\/www.invarena.cz\/index.php?rest_route=\/wp\/v2\/posts\/2482\/revisions"}],"wp:attachment":[{"href":"https:\/\/www.invarena.cz\/index.php?rest_route=%2Fwp%2Fv2%2Fmedia&parent=2482"}],"wp:term":[{"taxonomy":"category","embeddable":true,"href":"https:\/\/www.invarena.cz\/index.php?rest_route=%2Fwp%2Fv2%2Fcategories&post=2482"},{"taxonomy":"post_tag","embeddable":true,"href":"https:\/\/www.invarena.cz\/index.php?rest_route=%2Fwp%2Fv2%2Ftags&post=2482"}],"curies":[{"name":"wp","href":"https:\/\/api.w.org\/{rel}","templated":true}]}}