{"id":24833,"date":"2016-03-08T07:04:30","date_gmt":"2016-03-08T06:04:30","guid":{"rendered":"http:\/\/www.invarena.cz\/?p=24833"},"modified":"2016-03-08T07:04:42","modified_gmt":"2016-03-08T06:04:42","slug":"konference-inspo-nabidne-i-zive-vysilani","status":"publish","type":"post","link":"https:\/\/www.invarena.cz\/?p=24833","title":{"rendered":"Konference INSPO nab\u00eddne i \u017eiv\u00e9 vys\u00edl\u00e1n\u00ed"},"content":{"rendered":"<p><strong>T\u0159eba\u017ee konference INSPO o technologi\u00edch pro osoby se specifick\u00fdmi pot\u0159ebami se uskute\u010dn\u00ed a\u017e v sobotu 12. b\u0159ezna 2016 v Kongresov\u00e9m centru Praha, pro velk\u00fd z\u00e1jem ve\u0159ejnosti musela b\u00fdt registrace ukon\u010dena ji\u017e o 19 dn\u016f d\u0159\u00edve. Ti, kdo se nestihli p\u0159ihl\u00e1sit, proto jist\u011b uv\u00edtaj\u00ed mo\u017enost sledovat pr\u016fb\u011bh dopoledn\u00edho plen\u00e1rn\u00edho jedn\u00e1n\u00ed online na internetu.<\/strong><!--more--><\/p>\n<p>http:\/\/www.tyden-socialnich-sluzeb.cz<\/p>\n<p>Stream bude dostupn\u00fd na adrese http:\/\/inspo.cz\/videa. Program zah\u00e1j\u00ed dv\u011b p\u0159edn\u00e1\u0161ky o vyu\u017eit\u00ed nanotechnologi\u00ed. Marcela Munzarov\u00e1 z Nanovie pojedn\u00e1 o jejich p\u0159\u00ednosu pro kvalitn\u00ed \u017eivot lid\u00ed se zdravotn\u00edm posti\u017een\u00edm, p\u0159edstav\u00ed \u0159adu ji\u017e existuj\u00edc\u00edch aplikac\u00ed. Jana R\u016f\u017ei\u010dkov\u00e1 z Pardamu p\u0159ibl\u00ed\u017e\u00ed, jak\u00e9 perspektivy nab\u00edz\u00ed vyu\u017eit\u00ed nanovl\u00e1ken v medic\u00edn\u011b.<\/p>\n<p>Dal\u0161\u00ed technologickou novinkou bude &#8222;\u0159e\u010dov\u00e1 prot\u00e9za&#8220;, kter\u00e1 vyu\u017e\u00edv\u00e1 technologii synt\u00e9zy \u0159e\u010di. V p\u0159edn\u00e1\u0161ce Daniela Tihelky ze Z\u00e1pado\u010desk\u00e9 univerzity v Plzni zaujme zejm\u00e9na mo\u017enost nastaven\u00ed \u0159e\u010dov\u00e9ho syntetiz\u00e9ru tak, aby um\u011bl mluvit hlasem konkr\u00e9tn\u00edho \u010dlov\u011bka.<\/p>\n<p>V dopoledn\u00ed \u010d\u00e1sti dojde i k vyhl\u00e1\u0161en\u00ed v\u00fdsledk\u016f 12. ro\u010dn\u00edku liter\u00e1rn\u00ed sout\u011b\u017ee Internet a m\u016fj handicap. Poprv\u00e9 nastane situace, \u017ee t\u0159i nej\u00fasp\u011b\u0161n\u011bj\u0161\u00ed auto\u0159i p\u0159evezmou ceny osobn\u011b. Od \u010cSOB z\u00edskaj\u00ed 7000, 5000 a 3000 korun. Vyvrcholen\u00edm dopoledn\u00edho programu pak bude p\u0159ed\u00e1n\u00ed Ceny Rafael Nadace Vodafone za vyu\u017eit\u00ed informa\u010dn\u00edch a komunika\u010dn\u00edch technologi\u00ed pro d\u016fstojn\u011bj\u0161\u00ed \u017eivot lid\u00ed se zdravotn\u00edm posti\u017een\u00edm, kter\u00e1 je spojena s odm\u011bnou 200.000 korun.<\/p>\n<p>Odpoledne bude pokra\u010dovat program ve t\u0159ech sekc\u00edch. I kdy\u017e tyto p\u0159edn\u00e1\u0161ky ji\u017e nebude mo\u017en\u00e9 sledovat v online p\u0159enosu, z\u00e1jemci o n\u011b nep\u0159ijdou. Ze v\u0161ech toti\u017e po\u0159\u00edd\u00ed st\u0159edisko Teiresi\u00e1s videoz\u00e1znamy, kter\u00e9 budou pozd\u011bji vystaveny na www.inspo.cz.<\/p>\n<p>Na konferenci zazn\u00ed 24 p\u0159edn\u00e1\u0161ek a ve v\u00fdstavn\u00ed \u010d\u00e1sti p\u0159edstav\u00ed 29 organizac\u00ed svoje produkty a slu\u017eby pro osoby se specifick\u00fdmi pot\u0159ebami, mimo jin\u00e9 i n\u011bkolik automobil\u016f s \u00fapravami pro voz\u00ed\u010dk\u00e1\u0159e.<\/p>\n<p>Konferenci INSPO po\u0159\u00e1d\u00e1 BMI sdru\u017een\u00ed, gener\u00e1ln\u00edm partnerem 16. ro\u010dn\u00edku je Nadace Vodafone, partnery jsou AutoCont CZ, \u010cSOB, Superhosting a Teiresi\u00e1s, medi\u00e1ln\u00edmi partnery \u010cTK Protext a port\u00e1l Helpnet.<\/p>\n<p>Pro novin\u00e1\u0159e jsou rezervov\u00e1na voln\u00e1 m\u00edsta, svoji \u00fa\u010dast mohou nahl\u00e1sit na info@helpnet.cz.<\/p>\n","protected":false},"excerpt":{"rendered":"<div class=\"mh-excerpt\"><p>T\u0159eba\u017ee konference INSPO o technologi\u00edch pro osoby se specifick\u00fdmi pot\u0159ebami se uskute\u010dn\u00ed a\u017e v sobotu 12. b\u0159ezna 2016 v Kongresov\u00e9m centru Praha, pro velk\u00fd z\u00e1jem <a class=\"mh-excerpt-more\" href=\"https:\/\/www.invarena.cz\/?p=24833\" title=\"Konference INSPO nab\u00eddne i \u017eiv\u00e9 vys\u00edl\u00e1n\u00ed\">[&#8230;]<\/a><\/p>\n<\/div>","protected":false},"author":1,"featured_media":22956,"comment_status":"open","ping_status":"closed","sticky":false,"template":"","format":"standard","meta":{"footnotes":""},"categories":[17],"tags":[],"class_list":["post-24833","post","type-post","status-publish","format-standard","has-post-thumbnail","hentry","category-kultura"],"_links":{"self":[{"href":"https:\/\/www.invarena.cz\/index.php?rest_route=\/wp\/v2\/posts\/24833","targetHints":{"allow":["GET"]}}],"collection":[{"href":"https:\/\/www.invarena.cz\/index.php?rest_route=\/wp\/v2\/posts"}],"about":[{"href":"https:\/\/www.invarena.cz\/index.php?rest_route=\/wp\/v2\/types\/post"}],"author":[{"embeddable":true,"href":"https:\/\/www.invarena.cz\/index.php?rest_route=\/wp\/v2\/users\/1"}],"replies":[{"embeddable":true,"href":"https:\/\/www.invarena.cz\/index.php?rest_route=%2Fwp%2Fv2%2Fcomments&post=24833"}],"version-history":[{"count":0,"href":"https:\/\/www.invarena.cz\/index.php?rest_route=\/wp\/v2\/posts\/24833\/revisions"}],"wp:featuredmedia":[{"embeddable":true,"href":"https:\/\/www.invarena.cz\/index.php?rest_route=\/wp\/v2\/media\/22956"}],"wp:attachment":[{"href":"https:\/\/www.invarena.cz\/index.php?rest_route=%2Fwp%2Fv2%2Fmedia&parent=24833"}],"wp:term":[{"taxonomy":"category","embeddable":true,"href":"https:\/\/www.invarena.cz\/index.php?rest_route=%2Fwp%2Fv2%2Fcategories&post=24833"},{"taxonomy":"post_tag","embeddable":true,"href":"https:\/\/www.invarena.cz\/index.php?rest_route=%2Fwp%2Fv2%2Ftags&post=24833"}],"curies":[{"name":"wp","href":"https:\/\/api.w.org\/{rel}","templated":true}]}}