{"id":24838,"date":"2016-03-08T12:08:10","date_gmt":"2016-03-08T11:08:10","guid":{"rendered":"http:\/\/www.invarena.cz\/?p=24838"},"modified":"2016-03-08T16:25:16","modified_gmt":"2016-03-08T15:25:16","slug":"spolecne-kouli-kouli-na-kuzelky","status":"publish","type":"post","link":"https:\/\/www.invarena.cz\/?p=24838","title":{"rendered":"Spole\u010dn\u011b koul\u00ed koul\u00ed na ku\u017eelky"},"content":{"rendered":"<p><strong>V t\u011blocvi\u010dn\u011b staropack\u00e9 z\u00e1kladn\u00ed \u0161koly se o v\u00edkendu se\u0161li &#8222;zdrav\u00ed&#8220; i hendikepovan\u00ed p\u0159i leto\u0161n\u00edm prvn\u00edm z \u0159ady turnaj\u016f \u010cSOB Leasing cupu z\u00e1v\u011bsn\u00e9ho iKu\u017eeln\u00edku. Z\u00e1v\u011bsn\u00fd ku\u017eeln\u00edk (nebo tak\u00e9 &#8222;rusk\u00e9 ku\u017eelky&#8220;) m\u00e1 toti\u017e obrovskou v\u00fdhodu. M\u016f\u017ee si ho zahr\u00e1t opravdu kdokoliv.<\/strong> <!--more--><\/p>\n<p>Setk\u00e1n\u00ed uspo\u0159\u00e1dalo sdru\u017een\u00ed Sportem proti bari\u00e9r\u00e1m, z.s., kter\u00e9 tak d\u00e1v\u00e1 p\u0159\u00edle\u017eitost v\u0161em bez rozd\u00edlu posti\u017een\u00ed \u010di v\u011bku za\u017e\u00edt atmosf\u00e9ru sout\u011b\u017ee, ve kter\u00e9 nejde jen o v\u00edt\u011bzstv\u00ed, ale o b\u00e1je\u010dnou atmosf\u00e9ru plnou sm\u00edchu, radosti a bezstarostnosti. Nav\u00edc v t\u0159\u00ed\u010dlenn\u00fdch dru\u017estvech se mohou p\u0159ihl\u00e1sit, jak &#8222;zdrav\u00ed&#8220; tak i ti, kdo takovou p\u0159\u00edle\u017eitost pro t\u00fdmovou hru \u010dasto nedost\u00e1vaj\u00ed. Co\u017e je \u0161koda a skute\u010dnost, kterou pr\u00e1v\u011b Sportem proti barier\u00e1m, z.s. m\u011bn\u00ed nejen ve sportu, ale i cel\u00e9 spole\u010dnosti. Sport se tak st\u00e1v\u00e1 prost\u0159edkem k setk\u00e1n\u00ed. Setk\u00e1n\u00ed, kde bari\u00e9ry tvo\u0159\u00ed &#8222;jen&#8220; mantinely h\u0159i\u0161\u0165, mezi kter\u00fdmi se odehr\u00e1v\u00e1 n\u011bco v\u00fdjime\u010dn\u00e9ho a toti\u017e to, \u017ee my\u0161lenka sportu, kde je v\u00edt\u011bzem skute\u010dn\u011b ka\u017ed\u00fd, nez\u00e1vis\u00ed na discipl\u00edn\u011b, vybaven\u00ed, nebo tr\u00e9ninku, ale na ochot\u011b v\u0161ech, takov\u00e9 v\u00edt\u011bzstv\u00ed n\u011bkomu dop\u0159\u00e1t.<\/p>\n<p>V\u00edce sn\u00edmk\u016f v galerii jicinsky.denik.cz<\/p>\n<p>Ji\u010d\u00ednsk\u00fd den\u00edk<br \/>\n<a href=\"http:\/\/jicinsky.denik.cz\/\">http:\/\/jicinsky.denik.cz\/<\/a><\/p>\n","protected":false},"excerpt":{"rendered":"<div class=\"mh-excerpt\"><p>V t\u011blocvi\u010dn\u011b staropack\u00e9 z\u00e1kladn\u00ed \u0161koly se o v\u00edkendu se\u0161li &#8222;zdrav\u00ed&#8220; i hendikepovan\u00ed p\u0159i leto\u0161n\u00edm prvn\u00edm z \u0159ady turnaj\u016f \u010cSOB Leasing cupu z\u00e1v\u011bsn\u00e9ho iKu\u017eeln\u00edku. Z\u00e1v\u011bsn\u00fd ku\u017eeln\u00edk <a class=\"mh-excerpt-more\" href=\"https:\/\/www.invarena.cz\/?p=24838\" title=\"Spole\u010dn\u011b koul\u00ed koul\u00ed na ku\u017eelky\">[&#8230;]<\/a><\/p>\n<\/div>","protected":false},"author":1,"featured_media":0,"comment_status":"open","ping_status":"closed","sticky":false,"template":"","format":"standard","meta":{"footnotes":""},"categories":[9],"tags":[],"class_list":["post-24838","post","type-post","status-publish","format-standard","hentry","category-zpravy"],"_links":{"self":[{"href":"https:\/\/www.invarena.cz\/index.php?rest_route=\/wp\/v2\/posts\/24838","targetHints":{"allow":["GET"]}}],"collection":[{"href":"https:\/\/www.invarena.cz\/index.php?rest_route=\/wp\/v2\/posts"}],"about":[{"href":"https:\/\/www.invarena.cz\/index.php?rest_route=\/wp\/v2\/types\/post"}],"author":[{"embeddable":true,"href":"https:\/\/www.invarena.cz\/index.php?rest_route=\/wp\/v2\/users\/1"}],"replies":[{"embeddable":true,"href":"https:\/\/www.invarena.cz\/index.php?rest_route=%2Fwp%2Fv2%2Fcomments&post=24838"}],"version-history":[{"count":0,"href":"https:\/\/www.invarena.cz\/index.php?rest_route=\/wp\/v2\/posts\/24838\/revisions"}],"wp:attachment":[{"href":"https:\/\/www.invarena.cz\/index.php?rest_route=%2Fwp%2Fv2%2Fmedia&parent=24838"}],"wp:term":[{"taxonomy":"category","embeddable":true,"href":"https:\/\/www.invarena.cz\/index.php?rest_route=%2Fwp%2Fv2%2Fcategories&post=24838"},{"taxonomy":"post_tag","embeddable":true,"href":"https:\/\/www.invarena.cz\/index.php?rest_route=%2Fwp%2Fv2%2Ftags&post=24838"}],"curies":[{"name":"wp","href":"https:\/\/api.w.org\/{rel}","templated":true}]}}