{"id":24855,"date":"2016-03-09T09:58:45","date_gmt":"2016-03-09T08:58:45","guid":{"rendered":"http:\/\/www.invarena.cz\/?p=24855"},"modified":"2016-03-09T12:40:42","modified_gmt":"2016-03-09T11:40:42","slug":"poharek-handicapovanych-plavcu-odstartuje-uz-za-necele-ctyri-tydny","status":"publish","type":"post","link":"https:\/\/www.invarena.cz\/?p=24855","title":{"rendered":"Poh\u00e1rek handicapovan\u00fdch plavc\u016f odstartuje u\u017e za necel\u00e9 \u010dty\u0159i t\u00fddny"},"content":{"rendered":"<p><strong>U\u017e jen necel\u00e9 \u010dty\u0159i t\u00fddny zb\u00fdvaj\u00ed do zah\u00e1jen\u00ed nejv\u00fdznamn\u011bj\u0161\u00ed a v\u016fbec nejv\u011bt\u0161\u00ed akce pro sportovce se zdravotn\u00edm znev\u00fdhodn\u011bn\u00edm v Karlovarsk\u00e9m kraji v tomto roce. XIV. ro\u010dn\u00edk plaveck\u00fdch z\u00e1vod\u016f t\u011blesn\u011b posti\u017een\u00fdch plavc\u016f &#8222;POH\u00c1REK&#8220; bude slavnostn\u011b zah\u00e1jen v sobotu 2. dubna v 9:15 v m\u011bstsk\u00e9m baz\u00e9nu v Sokolov\u011b.<\/strong> <!--more--><\/p>\n<p>Karlovarsk\u00fd kraj \u2013 Z\u00e1vody, kter\u00e9 se konaj\u00ed s garanc\u00ed \u010cesk\u00e9ho svazu t\u011blesn\u011b posti\u017een\u00fdch a Plaveck\u00e9 akademie bez bari\u00e9r, po\u0159\u00e1d\u00e1 u\u017e od roku 2002 ka\u017edoro\u010dn\u011b sportovn\u00ed klub SK KONTAKT Karlovy Vary. Poh\u00e1rek se za tu dobu podstatn\u011b roz\u0161\u00ed\u0159il a nabyl na v\u011bhlasu, z mal\u00e9ho dom\u00e1c\u00edho m\u00edtinku na renomovan\u00fd z\u00e1vod se zahrani\u010dn\u00ed \u00fa\u010dast\u00ed, kter\u00fd v posledn\u00edch letech do Karlov\u00fdch Var\u016f a Sokolova l\u00e1k\u00e1 v\u017edy v\u00edce ne\u017e stovku z\u00e1vodn\u00edk\u016f a je pravideln\u00fdm &#8222;otv\u00edr\u00e1kem&#8220; seri\u00e1lu z\u00e1vod\u016f \u010cesk\u00e9ho poh\u00e1ru t\u011blesn\u011b posti\u017een\u00fdch plavc\u016f. Poj\u010fme si p\u0159ipomenout n\u011bkter\u00e9 d\u016fle\u017eit\u00e9 okam\u017eiky z historie Poh\u00e1rku.<\/p>\n<p>Z\u00e1vod vznikl v roce 2002 jako pilotn\u00ed akce teprve rok p\u0159edt\u00edm zalo\u017een\u00e9 karlovarsk\u00e9 pobo\u010dky ob\u010dansk\u00e9ho sdru\u017een\u00ed KONTAKT bB. Pod n\u00e1zvem &#8222;Karlovarsk\u00fd poh\u00e1rek&#8220; se konal 25. kv\u011btna v &#8222;dom\u00e1c\u00edm&#8220; baz\u00e9nu karlovarsk\u00fdch handicapovan\u00fdch plavc\u016f v Al\u017eb\u011btin\u00fdch l\u00e1zn\u00edch, z\u00e1\u0161titu nad n\u00edm p\u0159evzal tehdej\u0161\u00ed karlovarsk\u00fd prim\u00e1tor Zden\u011bk Roub\u00ednek a po\u0159adatel\u00e9 p\u0159iv\u00edtali 54 startuj\u00edc\u00edch. Ve stejn\u00e9m prost\u0159ed\u00ed se pak &#8222;Karlovarsk\u00fd poh\u00e1rek&#8220; konal u\u017e jen jednou, v roce 2003, ale u\u017e v n\u00e1sleduj\u00edc\u00edm roce 2004 se z\u00e1vod st\u011bhoval. Kv\u016fli rekonstrukci Al\u017eb\u011btin\u00fdch l\u00e1zn\u00ed se plavalo v Sokolov\u011b. Z\u00e1vod se konal 23. \u0159\u00edjna, tedy u\u017e po paralympijsk\u00fdch hr\u00e1ch v At\u00e9n\u00e1ch, a v sokolovsk\u00e9m baz\u00e9nu se p\u0159edstavila kompletn\u00ed \u010desk\u00e1 paralympijsk\u00e1 reprezentace v \u010dele s nejv\u011bt\u0161\u00edmi &#8222;hv\u011bzdami&#8220; sv\u00e9 doby a medailisty Martinem Kov\u00e1\u0159em a B\u011blou Hlav\u00e1\u010dkovou.<\/p>\n<p>V roce 2005 se z\u00e1vod p\u0159est\u011bhoval do Sokolova u\u017e natrvalo, d\u016fvodem byla p\u0159edev\u0161\u00edm skute\u010dnost, \u017ee z\u00e1zem\u00ed sokolovsk\u00e9ho m\u011bstsk\u00e9ho baz\u00e9nu poskytuje t\u011blesn\u011b posti\u017een\u00fdm z\u00e1vodn\u00edk\u016fm i jejich nutn\u00e9mu doprovodu n\u00e1sobn\u011b lep\u0161\u00ed podm\u00ednky ne\u017e sice \u00fatuln\u00e9, ale prostorov\u011b pon\u011bkud st\u00edsn\u011bn\u00e9 &#8222;Al\u017eb\u011btinky&#8220;. Z n\u00e1zvu z\u00e1vodu zmizelo adjektivum &#8222;Karlovarsk\u00fd&#8220;, z\u00edskal ale v\u00fdznamn\u00e9ho podporovatele, kdy\u017e se gener\u00e1ln\u00edm partnerem stala Sokolovsk\u00e1 uheln\u00e1, a.s.<\/p>\n<p>Z\u00e1vod se jaksi &#8222;usadil&#8220; a po organiza\u010dn\u00ed a \u010dist\u011b sportovn\u00ed str\u00e1nce se v n\u00e1sleduj\u00edc\u00edm desetilet\u00ed u\u017e nijak z\u00e1sadn\u011b nem\u011bnil. D\u00edky rostouc\u00edmu renom\u00e9 &#8222;Poh\u00e1rku&#8220; se v roce 2010 poda\u0159ilo z\u00edskat dal\u0161\u00edho v\u00fdznamn\u00e9ho partnera, karlovarsk\u00e9ho podnikatele Jana Edera (Toyota auto Eder), a z\u00e1\u0161titu nad n\u00edm krom\u011b karlovarsk\u00e9ho prim\u00e1tora p\u0159evzal i starosta m\u011bsta Sokolova a patronem a jakousi &#8222;ikonou Poh\u00e1rku&#8220; se stal legend\u00e1rn\u00ed \u0161ampion \u017eokej, osmin\u00e1sobn\u00fd v\u00edt\u011bz Velk\u00e9 pardubick\u00e9 \u017eokej Josef V\u00e1\u0148a.<\/p>\n<p>14. ro\u010dn\u00edk &#8222;Poh\u00e1rku&#8220; je p\u0159ipraven\u00fd na sobotu 2. dubna a je otev\u0159en\u00fd pro v\u0161echny plavce s t\u011blesn\u00fdm, zrakov\u00fdm a ment\u00e1ln\u00edm posti\u017een\u00edm. O\u010dek\u00e1v\u00e1 se vynikaj\u00edc\u00ed konkurence, v\u017edy\u0165 leto\u0161n\u00ed &#8222;Poh\u00e1rek&#8220; je posledn\u00edm ostr\u00fdm testem p\u0159ed evropsk\u00fdm \u0161ampion\u00e1tem, kter\u00fd se uskute\u010dn\u00ed v kv\u011btnu v metropoli portugalsk\u00e9ho ostrova Madeira Funchalu.<\/p>\n<p>Chebsk\u00fd den\u00edk<br \/>\n<a href=\"http:\/\/chebsky.denik.cz\/\">http:\/\/chebsky.denik.cz\/<\/a><\/p>\n","protected":false},"excerpt":{"rendered":"<div class=\"mh-excerpt\"><p>U\u017e jen necel\u00e9 \u010dty\u0159i t\u00fddny zb\u00fdvaj\u00ed do zah\u00e1jen\u00ed nejv\u00fdznamn\u011bj\u0161\u00ed a v\u016fbec nejv\u011bt\u0161\u00ed akce pro sportovce se zdravotn\u00edm znev\u00fdhodn\u011bn\u00edm v Karlovarsk\u00e9m kraji v tomto roce. XIV. <a class=\"mh-excerpt-more\" href=\"https:\/\/www.invarena.cz\/?p=24855\" title=\"Poh\u00e1rek handicapovan\u00fdch plavc\u016f odstartuje u\u017e za necel\u00e9 \u010dty\u0159i t\u00fddny\">[&#8230;]<\/a><\/p>\n<\/div>","protected":false},"author":1,"featured_media":21009,"comment_status":"open","ping_status":"closed","sticky":false,"template":"","format":"standard","meta":{"footnotes":""},"categories":[9],"tags":[],"class_list":["post-24855","post","type-post","status-publish","format-standard","has-post-thumbnail","hentry","category-zpravy"],"_links":{"self":[{"href":"https:\/\/www.invarena.cz\/index.php?rest_route=\/wp\/v2\/posts\/24855","targetHints":{"allow":["GET"]}}],"collection":[{"href":"https:\/\/www.invarena.cz\/index.php?rest_route=\/wp\/v2\/posts"}],"about":[{"href":"https:\/\/www.invarena.cz\/index.php?rest_route=\/wp\/v2\/types\/post"}],"author":[{"embeddable":true,"href":"https:\/\/www.invarena.cz\/index.php?rest_route=\/wp\/v2\/users\/1"}],"replies":[{"embeddable":true,"href":"https:\/\/www.invarena.cz\/index.php?rest_route=%2Fwp%2Fv2%2Fcomments&post=24855"}],"version-history":[{"count":0,"href":"https:\/\/www.invarena.cz\/index.php?rest_route=\/wp\/v2\/posts\/24855\/revisions"}],"wp:featuredmedia":[{"embeddable":true,"href":"https:\/\/www.invarena.cz\/index.php?rest_route=\/wp\/v2\/media\/21009"}],"wp:attachment":[{"href":"https:\/\/www.invarena.cz\/index.php?rest_route=%2Fwp%2Fv2%2Fmedia&parent=24855"}],"wp:term":[{"taxonomy":"category","embeddable":true,"href":"https:\/\/www.invarena.cz\/index.php?rest_route=%2Fwp%2Fv2%2Fcategories&post=24855"},{"taxonomy":"post_tag","embeddable":true,"href":"https:\/\/www.invarena.cz\/index.php?rest_route=%2Fwp%2Fv2%2Ftags&post=24855"}],"curies":[{"name":"wp","href":"https:\/\/api.w.org\/{rel}","templated":true}]}}