{"id":24879,"date":"2016-03-10T14:20:24","date_gmt":"2016-03-10T13:20:24","guid":{"rendered":"http:\/\/www.invarena.cz\/?p=24879"},"modified":"2016-03-10T14:20:24","modified_gmt":"2016-03-10T13:20:24","slug":"nadsenci-podporili-nemocne-lidi-s-roztrousenou-sklerozou","status":"publish","type":"post","link":"https:\/\/www.invarena.cz\/?p=24879","title":{"rendered":"Nad\u0161enci podpo\u0159ili nemocn\u00e9 lidi s roztrou\u0161enou skler\u00f3zou"},"content":{"rendered":"<p><strong>V Praze i v Pod\u011bbradech se lid\u00e9 zapojili do celodenn\u00edho cvi\u010debn\u00edho Maratonu s roztrou\u0161enou skler\u00f3zou (MaRS) na podporu nemocn\u00fdch s touto diagn\u00f3zou. Celkem ve t\u0159iadvaceti \u010desk\u00fdch m\u011bstech vybrali organiz\u00e1to\u0159i kolem 270 tis\u00edc korun.<\/strong> <!--more--><\/p>\n<p>St\u0159edn\u00ed \u010cechy \u2013 Letos se konal u\u017e p\u00e1t\u00fd ro\u010dn\u00edk. Zacvi\u010dit a podpo\u0159it tak pacienty p\u0159i\u0161lo v\u00edce ne\u017e dva tis\u00edce lid\u00ed.<\/p>\n<p>Pomysln\u00fd \u0161tafetov\u00fd kol\u00edk si cvi\u010ditel\u00e9 ve m\u011bstech p\u0159ed\u00e1vali cel\u00fdch \u010dty\u0159iadvacet hodin v kuse. Prob\u00edhalo to p\u0159es telefon nebo internet. Krom\u011b \u010desk\u00fdch m\u011bst se toti\u017e p\u0159ihl\u00e1sili i lid\u00e9 ze Slovenska, \u0160v\u00fdcarska nebo Francie.<\/p>\n<p>&#8222;Jsme r\u00e1di, \u017ee se maraton cvi\u010den\u00ed rok od roku rozr\u016fst\u00e1. Ve srovn\u00e1n\u00ed s lo\u0148skem se p\u0159ihl\u00e1sil dvojn\u00e1sobn\u00fd po\u010det region\u016f. Nejen\u017ee se aktivn\u011b zapojilo velk\u00e9 mno\u017estv\u00ed lid\u00ed, stovky dal\u0161\u00edch se p\u0159i\u0161ly pod\u00edvat nebo fandit. Ka\u017ed\u00fdm rokem se hl\u00e1s\u00ed nov\u00ed lid\u00e9, dal\u0161\u00ed pacienti, cht\u011bj\u00ed organizovat cvi\u010den\u00ed ve sv\u00e9m m\u011bst\u011b nebo pom\u00e1hat. Moc si toho v\u00e1\u017e\u00edme. D\u016fle\u017eit\u00e9 je, aby se z maratonu nevytratilo to hlavn\u00ed \u2013 my\u0161lenka vz\u00e1jemn\u00e9 soudr\u017enosti, \u017ee nikdo z lid\u00ed s ereskou nen\u00ed ve sv\u00e9m boji s\u00e1m, ale bojujeme v\u0161ichni spole\u010dn\u011b \u2013 a cvi\u010d\u00edme jako jeden t\u00fdm,&#8220; uvedla Kate\u0159ina B\u00e9mov\u00e1 z Nada\u010dn\u00edho fondu IMPULS, kter\u00fd akci organizuje. &#8222;V\u011b\u0159\u00edme, \u017ee se lid\u00e9 s roztrou\u0161enou skler\u00f3zou p\u0159estanou pohybu b\u00e1t a za\u0159ad\u00ed rehabilitaci a sport do sv\u00e9ho b\u011b\u017en\u00e9ho \u017eivota,&#8220; doplnila. Pen\u00edze z dobrovoln\u00e9ho vstupn\u00e9ho a dar\u016f poputuj\u00ed i tentokr\u00e1t na podporu cvi\u010debn\u00edch aktivit pacient\u016f a n\u00e1kup rehabilita\u010dn\u00edch pom\u016fcek.<\/p>\n<p>MaRS m\u00e1 za \u00fakol upozornit nejenom na samotnou nemoc, ale p\u0159edev\u0161\u00edm na to, \u017ee pohyb pacient\u016fm prosp\u00edv\u00e1. Leto\u0161n\u00ed novinkou byl d\u016fraz na zdrav\u00fd \u017eivotn\u00ed styl, nebo\u0165 stres, kou\u0159en\u00ed a nezdrav\u00fd zp\u016fsob \u017eivota pat\u0159\u00ed vedle genetick\u00e9 dispozice a nedostatku vitaminu D mezi faktory, kter\u00e9 p\u0159isp\u00edvaj\u00ed k propuknut\u00ed nemoci. V n\u011bkter\u00fdch m\u011bstech byl proto p\u0159\u00edtomen nutri\u010dn\u00ed specialista, kter\u00fd lidem s roztrou\u0161enou skler\u00f3zou radil, jak se spr\u00e1vn\u011b stravovat.<\/p>\n<p>Maraton MaRS je mezin\u00e1rodn\u00ed sportovn\u00ed akce, p\u0159i n\u00ed\u017e se lid\u00e9 pod odborn\u00fdm dohledem st\u0159\u00eddaj\u00ed v kruhov\u00e9m tr\u00e9ninku nebo skupinov\u00fdch cvi\u010den\u00edch, kter\u00e9 jsou vhodn\u00e9 pro pacienty s roztrou\u0161enou skler\u00f3zou. Do maratonu se zapojuj\u00ed tak\u00e9 hendikepovan\u00ed lid\u00e9 na voz\u00edku a imobiln\u00ed pacienti cvi\u010den\u00edm z domova.<\/p>\n<p>Loni se do \u010dtvrt\u00e9ho ro\u010dn\u00edku maratonu zapojilo t\u00e9m\u011b\u0159 tis\u00edc lid\u00ed z dvan\u00e1cti m\u011bst a poda\u0159ilo se vybrat p\u0159es sto \u0161estn\u00e1ct tis\u00edc korun.<\/p>\n<p>&#8212;<\/p>\n<p>Roztrou\u0161en\u00e1 skler\u00f3za je chronick\u00e9 z\u00e1n\u011btliv\u00e9 onemocn\u011bn\u00ed centr\u00e1ln\u00edho nervov\u00e9ho syst\u00e9mu, jeho\u017e p\u0159\u00ed\u010dina nen\u00ed doposud zn\u00e1ma. Toto onemocn\u011bn\u00ed propuk\u00e1 v\u011bt\u0161inou v mlad\u0161\u00edm v\u011bku, \u010dast\u011bji postihuje \u017eeny. Pro RS je typick\u00e9 st\u0159\u00edd\u00e1n\u00ed obdob\u00ed z\u00e1chvat\u016f (atak) a obdob\u00ed zd\u00e1nliv\u00e9ho klidu. Tento proces je nep\u0159edv\u00eddateln\u00fd, a proto i l\u00e9\u010dba \u010di prevence je t\u011b\u017ek\u00e1. V sou\u010dasn\u00e9 dob\u011b v tuzemsku podstupuje biologickou l\u00e9\u010dbu p\u0159ibli\u017en\u011b 9 tis\u00edc nemocn\u00fdch s RS.<\/p>\n<p>PAVLA JANOU\u0160KOV\u00c1<br \/>\nPra\u017esk\u00fd den\u00edk<br \/>\n<a href=\"http:\/\/www.prazsky.denik.cz\/\">http:\/\/www.prazsky.denik.cz\/<\/a><\/p>\n","protected":false},"excerpt":{"rendered":"<div class=\"mh-excerpt\"><p>V Praze i v Pod\u011bbradech se lid\u00e9 zapojili do celodenn\u00edho cvi\u010debn\u00edho Maratonu s roztrou\u0161enou skler\u00f3zou (MaRS) na podporu nemocn\u00fdch s touto diagn\u00f3zou. Celkem ve t\u0159iadvaceti <a class=\"mh-excerpt-more\" href=\"https:\/\/www.invarena.cz\/?p=24879\" title=\"Nad\u0161enci podpo\u0159ili nemocn\u00e9 lidi s roztrou\u0161enou skler\u00f3zou\">[&#8230;]<\/a><\/p>\n<\/div>","protected":false},"author":1,"featured_media":20316,"comment_status":"open","ping_status":"closed","sticky":false,"template":"","format":"standard","meta":{"footnotes":""},"categories":[9],"tags":[],"class_list":["post-24879","post","type-post","status-publish","format-standard","has-post-thumbnail","hentry","category-zpravy"],"_links":{"self":[{"href":"https:\/\/www.invarena.cz\/index.php?rest_route=\/wp\/v2\/posts\/24879","targetHints":{"allow":["GET"]}}],"collection":[{"href":"https:\/\/www.invarena.cz\/index.php?rest_route=\/wp\/v2\/posts"}],"about":[{"href":"https:\/\/www.invarena.cz\/index.php?rest_route=\/wp\/v2\/types\/post"}],"author":[{"embeddable":true,"href":"https:\/\/www.invarena.cz\/index.php?rest_route=\/wp\/v2\/users\/1"}],"replies":[{"embeddable":true,"href":"https:\/\/www.invarena.cz\/index.php?rest_route=%2Fwp%2Fv2%2Fcomments&post=24879"}],"version-history":[{"count":0,"href":"https:\/\/www.invarena.cz\/index.php?rest_route=\/wp\/v2\/posts\/24879\/revisions"}],"wp:featuredmedia":[{"embeddable":true,"href":"https:\/\/www.invarena.cz\/index.php?rest_route=\/wp\/v2\/media\/20316"}],"wp:attachment":[{"href":"https:\/\/www.invarena.cz\/index.php?rest_route=%2Fwp%2Fv2%2Fmedia&parent=24879"}],"wp:term":[{"taxonomy":"category","embeddable":true,"href":"https:\/\/www.invarena.cz\/index.php?rest_route=%2Fwp%2Fv2%2Fcategories&post=24879"},{"taxonomy":"post_tag","embeddable":true,"href":"https:\/\/www.invarena.cz\/index.php?rest_route=%2Fwp%2Fv2%2Ftags&post=24879"}],"curies":[{"name":"wp","href":"https:\/\/api.w.org\/{rel}","templated":true}]}}