{"id":2488,"date":"2013-03-15T22:48:36","date_gmt":"2013-03-15T21:48:36","guid":{"rendered":"http:\/\/www.invarena.cz\/?p=2488"},"modified":"2013-03-18T09:41:10","modified_gmt":"2013-03-18T08:41:10","slug":"k-cemu-vlastne-ta-skarta-je-nikdo-to-nevi","status":"publish","type":"post","link":"https:\/\/www.invarena.cz\/?p=2488","title":{"rendered":"K \u010demu vlastn\u011b sKarta je? To nikdo nev\u00ed"},"content":{"rendered":"<p>&#8222;Nikdo nevysv\u011btlil nikomu, k \u010demu identifika\u010dn\u00ed kartu jako sKartu,&#8220; nam\u00edtal p\u0159edseda NRZP V\u00e1clav Kr\u00e1sa v po\u0159adu \u010cT24. Neum\u011bla to vysv\u011btlit ani poslankyn\u011b Lenka Kohoutov\u00e1 (foto) a j\u00ed to neum\u011bli vysv\u011btlit n\u00e1m\u011bstek ministra pr\u00e1ce ani n\u00e1m\u011bstek gener\u00e1ln\u00edho \u0159editele \u00da\u0159adu pr\u00e1ce ne\u0159kuli sama ministryn\u011b pr\u00e1ce. <!--more--><\/p>\n<p>V\u00e1clav Kr\u00e1sa:<br \/>\nprojekt sKarty je takov\u00e1 nekone\u010dn\u00e1 telenovela s podivn\u00fdmi hr\u00e1\u010di. Nikdo nevysv\u011btlil nikomu, k \u010demu identifika\u010dn\u00ed kartu jako sKartu. K \u010demu m\u00e1me ob\u010dansk\u00e9 pr\u016fkazy v\u0161ichni? Na t\u011bch ob\u010dansk\u00fdch pr\u016fkazech je podstatn\u011b v\u00edce \u00fadaj\u016f, dokonce je tam i fotka, tak\u017ee ta identifikace osob je zcela z\u0159ejm\u00e1. Pokud bude sKarta, tak to znamen\u00e1 dal\u0161\u00ed n\u00e1klady pro \u00fa\u0159ady pr\u00e1ce, proto\u017ee budou muset m\u00edt \u010dte\u010dky a nikdo nev\u00ed, kolik to bude st\u00e1t a v\u016fbec nen\u00ed v t\u00e9 d\u016fvodov\u00e9 zpr\u00e1v\u011b ani uvedeno.<\/p>\n<p>Lenka Kohoutov\u00e1, poslankyn\u011b za ODS by podle vlastn\u00edch slov osobn\u011b \u0159e\u0161ila sKarty tak, \u017ee se \u0161la dohodnout s \u010ceskou spo\u0159itelnou a projekt ukon\u010dila.<\/p>\n<p>V\u00e1clav Kr\u00e1sa<br \/>\n..sKarta prost\u011b nem\u00e1 \u017e\u00e1dn\u00fd zd\u016fvodn\u011bn\u00ed, proto\u017ee ona nen\u00ed pot\u0159eba v\u016fbec. A kdy\u017e \u010dlov\u011bk bude dva m\u011bs\u00edce nezam\u011bstnan\u00fd a bude mu n\u011bkdo vyd\u00e1vat sKartu, kter\u00e1 bude st\u00e1t n\u011bjak\u00fd pen\u00edze, proto\u017ee \u010cesk\u00e1 spo\u0159itelna ji nebude vyd\u00e1vat zadarmo, to je p\u0159eci nesmysl, a pak u\u017e ji nebude pot\u0159ebovat t\u0159eba cel\u00fd \u017eivot. K \u010demu takovou kartu? V\u017edy\u0165 je to tot\u00e1ln\u00ed nesmysl.<\/p>\n<p>Podle Lenky Kohoutov\u00e9 z ODS m\u011bly\u00a0 sKarty p\u0159edev\u0161\u00edm kontrolovat zda n\u011bkdo d\u00e1vky nezneu\u017e\u00edv\u00e1. Ale syst\u00e9m to neum\u00ed, p\u0159ipustila Kohoutov\u00e1 a souhlas\u00edm s Kr\u00e1sou, \u017ee nen\u00ed mo\u017en\u00e9 v sou\u010dasn\u00e9 chv\u00edli karty na\u010d\u00edst, a \u017ee se vlastn\u011b nev\u00ed, co by se na ty karty d\u00e1valo a pro\u010d maj\u00ed b\u00fdt.<\/p>\n<p>&#8222;Toto je vlastn\u011b elektronick\u00e1 ob\u010danka s \u010dipem, kter\u00fd umo\u017e\u0148uje s kartami vyd\u00e1vat pen\u00edze a podobn\u011b. V sou\u010dasn\u00e9 chv\u00edli ministerstvo dlu\u017e\u00ed mnoho vysv\u011btlen\u00ed&#8230;My jsme o tom jednali na v\u00fdboru pro soci\u00e1ln\u00ed politiku, pan\u00ed ministryn\u011b se s n\u00e1ma moc bavit necht\u011bla a velmi necht\u011bla odpov\u00eddat na ot\u00e1zky. Odpov\u00eddal za ni n\u00e1m\u011bstek ministra pr\u00e1ce i n\u00e1m\u011bstek gener\u00e1ln\u00edho \u0159editele \u00da\u0159adu pr\u00e1ce a stejn\u011b nedok\u00e1zali odpov\u011bd\u011bt, na co p\u0159esn\u011b ten pr\u016fkaz je zapot\u0159eb\u00ed, kdy\u017e ka\u017ed\u00fd se rodn\u00fdm \u010d\u00edslem prokazuje,&#8220; \u0159ekla Kohoutov\u00e1.<\/p>\n<p>invArena<\/p>\n","protected":false},"excerpt":{"rendered":"<div class=\"mh-excerpt\"><p>&#8222;Nikdo nevysv\u011btlil nikomu, k \u010demu identifika\u010dn\u00ed kartu jako sKartu,&#8220; nam\u00edtal p\u0159edseda NRZP V\u00e1clav Kr\u00e1sa v po\u0159adu \u010cT24. Neum\u011bla to vysv\u011btlit ani poslankyn\u011b Lenka Kohoutov\u00e1 (foto) <a class=\"mh-excerpt-more\" href=\"https:\/\/www.invarena.cz\/?p=2488\" title=\"K \u010demu vlastn\u011b sKarta je? To nikdo nev\u00ed\">[&#8230;]<\/a><\/p>\n<\/div>","protected":false},"author":1,"featured_media":1829,"comment_status":"open","ping_status":"open","sticky":false,"template":"","format":"standard","meta":{"footnotes":""},"categories":[4,6],"tags":[],"class_list":["post-2488","post","type-post","status-publish","format-standard","has-post-thumbnail","hentry","category-nazory","category-politika"],"_links":{"self":[{"href":"https:\/\/www.invarena.cz\/index.php?rest_route=\/wp\/v2\/posts\/2488","targetHints":{"allow":["GET"]}}],"collection":[{"href":"https:\/\/www.invarena.cz\/index.php?rest_route=\/wp\/v2\/posts"}],"about":[{"href":"https:\/\/www.invarena.cz\/index.php?rest_route=\/wp\/v2\/types\/post"}],"author":[{"embeddable":true,"href":"https:\/\/www.invarena.cz\/index.php?rest_route=\/wp\/v2\/users\/1"}],"replies":[{"embeddable":true,"href":"https:\/\/www.invarena.cz\/index.php?rest_route=%2Fwp%2Fv2%2Fcomments&post=2488"}],"version-history":[{"count":0,"href":"https:\/\/www.invarena.cz\/index.php?rest_route=\/wp\/v2\/posts\/2488\/revisions"}],"wp:featuredmedia":[{"embeddable":true,"href":"https:\/\/www.invarena.cz\/index.php?rest_route=\/wp\/v2\/media\/1829"}],"wp:attachment":[{"href":"https:\/\/www.invarena.cz\/index.php?rest_route=%2Fwp%2Fv2%2Fmedia&parent=2488"}],"wp:term":[{"taxonomy":"category","embeddable":true,"href":"https:\/\/www.invarena.cz\/index.php?rest_route=%2Fwp%2Fv2%2Fcategories&post=2488"},{"taxonomy":"post_tag","embeddable":true,"href":"https:\/\/www.invarena.cz\/index.php?rest_route=%2Fwp%2Fv2%2Ftags&post=2488"}],"curies":[{"name":"wp","href":"https:\/\/api.w.org\/{rel}","templated":true}]}}