{"id":24881,"date":"2016-03-10T14:28:05","date_gmt":"2016-03-10T13:28:05","guid":{"rendered":"http:\/\/www.invarena.cz\/?p=24881"},"modified":"2016-03-10T14:28:05","modified_gmt":"2016-03-10T13:28:05","slug":"rakovina-vzala-jakubovi-nohu-ale-ne-chut-sportovat","status":"publish","type":"post","link":"https:\/\/www.invarena.cz\/?p=24881","title":{"rendered":"Rakovina vzala Jakubovi nohu, ale ne chu\u0165 sportovat"},"content":{"rendered":"<p><strong>Jakub Haas je jedn\u00edm slovem bojovn\u00edk. V osmn\u00e1cti letech mu l\u00e9ka\u0159i p\u0159i b\u011b\u017en\u00e9 prohl\u00eddce na\u0161li n\u00e1dor ve stehn\u011b. Kv\u016fli metast\u00e1z\u00edm v koleni musel podstoupit amputaci lev\u00e9 nohy.<\/strong> <!--more--><\/p>\n<p>Doma\u017elicko \u2013 &#8222;Na to, \u017ee bych mohl zem\u0159\u00edt, jsem nemyslel. V\u011b\u0159il jsem, \u017ee to zvl\u00e1dnu,&#8220; \u0159ekl mlad\u00fd mu\u017e, kter\u00fd se se sv\u00fdm osudem za\u010dal tvrd\u011b rv\u00e1t. \u00dasp\u011b\u0161n\u011b odmaturoval a za\u010dal studovat vysokou. Hendikep mu nezabr\u00e1nil ani znovu za\u010d\u00edt sportovat. V\u011bnuje se sledge hokeji a na ja\u0159e chce op\u011bt sednout na kolo.<\/p>\n<p>&#8222;P\u0159i\u0161lo to \u00fapln\u011b z\u010distajasna. Nec\u00edtil jsem v\u016fbec \u017e\u00e1dnou bolest. Jenom lev\u00e1 noha byla trochu v\u011bt\u0161\u00ed a tvrd\u0161\u00ed,&#8220; popsal Jakub, kter\u00fd tehdy chodil do t\u0159et\u00edho ro\u010dn\u00edku doma\u017elick\u00e9ho gymn\u00e1zia. V prosinci 2013 mu l\u00e9ka\u0159i diagnostikovali osteosarkom, co\u017e je laicky \u0159e\u010deno zhoubn\u00fd kostn\u00ed n\u00e1dor. &#8222;Zpr\u00e1va m\u011b nejd\u0159\u00edve \u00fapln\u011b srazila na dno. Ale Jakub se od za\u010d\u00e1tku dr\u017eel. Byl state\u010dn\u00fd a tvrdil, \u017ee to zkr\u00e1tka mus\u00edme zdolat,&#8220; sd\u011blila jeho maminka Alena.<\/p>\n<p>V b\u0159eznu 2014 podstoupil operaci, p\u0159i n\u00ed\u017e mu l\u00e9ka\u0159i museli doln\u00ed kon\u010detinu amputovat. Pak p\u0159i\u0161ly na \u0159adu chemoterapie, kter\u00e9 trvaly do srpna. Aby nemusel opakovat ro\u010dn\u00edk, u\u010dil se v nemocnici. &#8222;Cht\u011bl jsem j\u00edt k maturit\u011b se svou t\u0159\u00eddou, co\u017e se mi poda\u0159ilo. V listopadu u\u017e jsem zase nastoupil norm\u00e1ln\u011b do \u0161koly,&#8220; \u0159ekl s \u00fasm\u011bvem na rtech a doplnil, \u017ee te\u010f studuje na strojn\u00ed fakult\u011b plze\u0148sk\u00e9 univerzity.<\/p>\n<p>Co bylo pro Jakuba v\u016fbec nejt\u011b\u017e\u0161\u00ed? &#8222;Poprv\u00e9 se postavit. Nev\u011bd\u011bl jsem, jak to p\u016fjde, ale \u0161lo to v pohod\u011b. Nau\u010dil jsem se chodit i bez berl\u00ed, dokonce sk\u00e1\u010du na trampol\u00edn\u011b,&#8220; sv\u011b\u0159il se dvacetilet\u00fd student poch\u00e1zej\u00edc\u00ed z mal\u00e9 vesnice \u00dabo\u010d na Doma\u017elicku.<\/p>\n<p>Sledge hokeji, ur\u010den\u00e9ho lidem s posti\u017een\u00edm doln\u00ed \u010d\u00e1sti t\u011bla, se Jakub v\u011bnuje s plnou vervou pravideln\u011b tr\u00e9nuje v Karlov\u00fdch Varech. &#8222;M\u00e1m \u0161anci dostat se do reprezentace, co\u017e bych ur\u010dit\u011b cht\u011bl,&#8220; doplnil. Proto\u017ee si bez pohybu nedok\u00e1\u017ee \u017eivot moc p\u0159edstavit, p\u0159ihl\u00e1sil se loni do charitativn\u00edho projektu Birell j\u00edzda po\u0159\u00e1dan\u00e9ho Plze\u0148sk\u00fdm Prazdrojem. Stal se jedn\u00edm z \u0161esti hendikepovan\u00fdch v \u010cR, kte\u0159\u00ed se mohou d\u00edky kolu nebo handbiku vr\u00e1tit do sedla. &#8222;T\u011b\u0161\u00edm se, \u017ee na ja\u0159e u\u017e vyjedu do ter\u00e9nu,&#8220; sd\u011blil v\u010dera p\u0159i p\u0159ed\u00e1v\u00e1n\u00ed daru.<\/p>\n<p>KL\u00c1RA MR\u00c1ZOV\u00c1<br \/>\nPlze\u0148sk\u00fd den\u00edk<br \/>\n<a href=\"http:\/\/plzensky.denik.cz\/\">http:\/\/plzensky.denik.cz\/<\/a><\/p>\n","protected":false},"excerpt":{"rendered":"<div class=\"mh-excerpt\"><p>Jakub Haas je jedn\u00edm slovem bojovn\u00edk. V osmn\u00e1cti letech mu l\u00e9ka\u0159i p\u0159i b\u011b\u017en\u00e9 prohl\u00eddce na\u0161li n\u00e1dor ve stehn\u011b. Kv\u016fli metast\u00e1z\u00edm v koleni musel podstoupit amputaci <a class=\"mh-excerpt-more\" href=\"https:\/\/www.invarena.cz\/?p=24881\" title=\"Rakovina vzala Jakubovi nohu, ale ne chu\u0165 sportovat\">[&#8230;]<\/a><\/p>\n<\/div>","protected":false},"author":1,"featured_media":6805,"comment_status":"open","ping_status":"closed","sticky":false,"template":"","format":"standard","meta":{"footnotes":""},"categories":[9],"tags":[],"class_list":["post-24881","post","type-post","status-publish","format-standard","has-post-thumbnail","hentry","category-zpravy"],"_links":{"self":[{"href":"https:\/\/www.invarena.cz\/index.php?rest_route=\/wp\/v2\/posts\/24881","targetHints":{"allow":["GET"]}}],"collection":[{"href":"https:\/\/www.invarena.cz\/index.php?rest_route=\/wp\/v2\/posts"}],"about":[{"href":"https:\/\/www.invarena.cz\/index.php?rest_route=\/wp\/v2\/types\/post"}],"author":[{"embeddable":true,"href":"https:\/\/www.invarena.cz\/index.php?rest_route=\/wp\/v2\/users\/1"}],"replies":[{"embeddable":true,"href":"https:\/\/www.invarena.cz\/index.php?rest_route=%2Fwp%2Fv2%2Fcomments&post=24881"}],"version-history":[{"count":0,"href":"https:\/\/www.invarena.cz\/index.php?rest_route=\/wp\/v2\/posts\/24881\/revisions"}],"wp:featuredmedia":[{"embeddable":true,"href":"https:\/\/www.invarena.cz\/index.php?rest_route=\/wp\/v2\/media\/6805"}],"wp:attachment":[{"href":"https:\/\/www.invarena.cz\/index.php?rest_route=%2Fwp%2Fv2%2Fmedia&parent=24881"}],"wp:term":[{"taxonomy":"category","embeddable":true,"href":"https:\/\/www.invarena.cz\/index.php?rest_route=%2Fwp%2Fv2%2Fcategories&post=24881"},{"taxonomy":"post_tag","embeddable":true,"href":"https:\/\/www.invarena.cz\/index.php?rest_route=%2Fwp%2Fv2%2Ftags&post=24881"}],"curies":[{"name":"wp","href":"https:\/\/api.w.org\/{rel}","templated":true}]}}