{"id":24908,"date":"2016-03-19T11:46:51","date_gmt":"2016-03-19T10:46:51","guid":{"rendered":"http:\/\/www.invarena.cz\/?p=24908"},"modified":"2016-03-21T09:50:55","modified_gmt":"2016-03-21T08:50:55","slug":"termin-vyplaty-duchodu-letos-meni-jen-den-upaleni-mistra-jana-husa","status":"publish","type":"post","link":"https:\/\/www.invarena.cz\/?p=24908","title":{"rendered":"Term\u00edn v\u00fdplaty d\u016fchodu letos m\u011bn\u00ed jen den up\u00e1len\u00ed mistra Jana Husa"},"content":{"rendered":"<p><strong>Velk\u00fd p\u00e1tek ani Velikono\u010dn\u00ed pond\u011bl\u00ed v\u00fdplatn\u00ed term\u00edny d\u016fchod\u016f nem\u011bn\u00ed. Jen jeden v\u00fdplatn\u00ed term\u00edn d\u016fchod\u016f zm\u011bn\u00ed leto\u0161n\u00ed \u010dervencov\u00e9 st\u00e1tn\u00ed sv\u00e1tky. D\u016fchody, kter\u00e9 maj\u00ed b\u00fdt vyplaceny ve st\u0159edu 6. \u010dervence, tedy v den, na kter\u00fd letos p\u0159ipad\u00e1 st\u00e1tn\u00ed sv\u00e1tek spojen\u00fd s v\u00fdro\u010d\u00edm up\u00e1len\u00ed mistra Jana Husa, budou vyplaceny o den pozd\u011bji, tedy ve \u010dtvrtek 7. \u010dervence.<\/strong><br \/>\n<!--more--><\/p>\n<p>Letos se kv\u016fli st\u00e1tn\u00edm sv\u00e1tk\u016fm, dn\u016fm pracovn\u00edho klidu a sv\u00e1tk\u016fm, kter\u00e9 stanovuje z\u00e1kon \u010d. 245\/2000 Sb., o st\u00e1tn\u00edch sv\u00e1tc\u00edch, m\u011bn\u00ed pouze jeden v\u00fdplatn\u00ed term\u00edn d\u016fchod\u016f. Zm\u011bna v\u00fdplatn\u00edho term\u00ednu se t\u00fdk\u00e1 pouze d\u00e1vek d\u016fchodov\u00e9ho poji\u0161t\u011bn\u00ed, tedy d\u016fchod\u016f starobn\u00edch, invalidn\u00edch a poz\u016fstalostn\u00edch.<br \/>\nD\u016fchody vypl\u00e1c\u00ed \u010cSSZ bu\u010f bezhotovostn\u00edm p\u0159evodem na bankovn\u00ed \u00fa\u010det klienta, nebo v hotovosti prost\u0159ednictv\u00edm \u010cesk\u00e9 po\u0161ty na adresu bydli\u0161t\u011b. Ob\u010dan si vol\u00ed zp\u016fsob v\u00fdplaty d\u016fchodu p\u0159i pod\u00e1n\u00ed \u017e\u00e1dosti o d\u00e1vku d\u016fchodov\u00e9ho poji\u0161t\u011bn\u00ed s t\u00edm, \u017ee kdykoliv pozd\u011bji m\u016f\u017ee po\u017e\u00e1dat \u010cSSZ o zm\u011bnu.<br \/>\nD\u016fchody se vypl\u00e1cej\u00ed dop\u0159edu, a to v pravideln\u00fdch m\u011bs\u00ed\u010dn\u00edch lh\u016ft\u00e1ch. V\u00fdplatn\u00ed term\u00edny d\u016fchod\u016f vypl\u00e1cen\u00fdch \u010cSSZ jsou sud\u00e9 dny od 2. do 24. dne v m\u011bs\u00edci. \u010cSSZ zaji\u0161\u0165uje i v\u00fdplaty d\u016fchod\u016f do \u00fastav\u016f soci\u00e1ln\u00ed p\u00e9\u010de s celoro\u010dn\u00edm pobytem. Do t\u011bchto za\u0159\u00edzen\u00ed soci\u00e1ln\u00edch slu\u017eeb se d\u016fchody vypl\u00e1cej\u00ed 15. den v m\u011bs\u00edci.<br \/>\n\u010cSSZ k 29. 2. 2016 provedla 1 655 982 v\u00fdplat d\u016fchod\u016f na osobn\u00ed \u00fa\u010dty klient\u016f a prost\u0159ednictv\u00edm \u010cesk\u00e9 po\u0161ty vyplatila 1 157 438 d\u016fchod\u016f. 35 238 v\u00fdplat bylo provedeno do za\u0159\u00edzen\u00ed soci\u00e1ln\u00edch slu\u017eeb.<\/p>\n<p>Autor: tiskov\u00e9 odd\u011blen\u00ed \u010cSSZ<\/p>\n","protected":false},"excerpt":{"rendered":"<div class=\"mh-excerpt\"><p>Velk\u00fd p\u00e1tek ani Velikono\u010dn\u00ed pond\u011bl\u00ed v\u00fdplatn\u00ed term\u00edny d\u016fchod\u016f nem\u011bn\u00ed. Jen jeden v\u00fdplatn\u00ed term\u00edn d\u016fchod\u016f zm\u011bn\u00ed leto\u0161n\u00ed \u010dervencov\u00e9 st\u00e1tn\u00ed sv\u00e1tky. D\u016fchody, kter\u00e9 maj\u00ed b\u00fdt vyplaceny ve <a class=\"mh-excerpt-more\" href=\"https:\/\/www.invarena.cz\/?p=24908\" title=\"Term\u00edn v\u00fdplaty d\u016fchodu letos m\u011bn\u00ed jen den up\u00e1len\u00ed mistra Jana Husa\">[&#8230;]<\/a><\/p>\n<\/div>","protected":false},"author":1,"featured_media":24716,"comment_status":"open","ping_status":"closed","sticky":false,"template":"","format":"standard","meta":{"footnotes":""},"categories":[9],"tags":[],"class_list":["post-24908","post","type-post","status-publish","format-standard","has-post-thumbnail","hentry","category-zpravy"],"_links":{"self":[{"href":"https:\/\/www.invarena.cz\/index.php?rest_route=\/wp\/v2\/posts\/24908","targetHints":{"allow":["GET"]}}],"collection":[{"href":"https:\/\/www.invarena.cz\/index.php?rest_route=\/wp\/v2\/posts"}],"about":[{"href":"https:\/\/www.invarena.cz\/index.php?rest_route=\/wp\/v2\/types\/post"}],"author":[{"embeddable":true,"href":"https:\/\/www.invarena.cz\/index.php?rest_route=\/wp\/v2\/users\/1"}],"replies":[{"embeddable":true,"href":"https:\/\/www.invarena.cz\/index.php?rest_route=%2Fwp%2Fv2%2Fcomments&post=24908"}],"version-history":[{"count":0,"href":"https:\/\/www.invarena.cz\/index.php?rest_route=\/wp\/v2\/posts\/24908\/revisions"}],"wp:featuredmedia":[{"embeddable":true,"href":"https:\/\/www.invarena.cz\/index.php?rest_route=\/wp\/v2\/media\/24716"}],"wp:attachment":[{"href":"https:\/\/www.invarena.cz\/index.php?rest_route=%2Fwp%2Fv2%2Fmedia&parent=24908"}],"wp:term":[{"taxonomy":"category","embeddable":true,"href":"https:\/\/www.invarena.cz\/index.php?rest_route=%2Fwp%2Fv2%2Fcategories&post=24908"},{"taxonomy":"post_tag","embeddable":true,"href":"https:\/\/www.invarena.cz\/index.php?rest_route=%2Fwp%2Fv2%2Ftags&post=24908"}],"curies":[{"name":"wp","href":"https:\/\/api.w.org\/{rel}","templated":true}]}}