{"id":24915,"date":"2016-03-14T09:16:42","date_gmt":"2016-03-14T08:16:42","guid":{"rendered":"http:\/\/www.invarena.cz\/?p=24915"},"modified":"2016-03-14T09:16:42","modified_gmt":"2016-03-14T08:16:42","slug":"spotreba-antidepresiv-vyletla-odchod-manzelky-nevyresi-rika-psychiatr","status":"publish","type":"post","link":"https:\/\/www.invarena.cz\/?p=24915","title":{"rendered":"Spot\u0159eba antidepresiv vyl\u00e9tla. Odchod man\u017eelky nevy\u0159e\u0161\u00ed, \u0159\u00edk\u00e1 psychiatr"},"content":{"rendered":"<p><strong>Spot\u0159eba antidepresiv se za patn\u00e1ct let v \u010cesku t\u00e9m\u011b\u0159 ztrojn\u00e1sobila. Psychicky nemocn\u00fdch lid\u00ed p\u0159itom tolik nep\u0159ibylo. Podle Richarda Barte\u010dka z Psychiatrick\u00e9 kliniky FN Brno je pot\u00ed\u017e mimo jin\u00e9 v tom, \u017ee na vy\u0161et\u0159en\u00ed pacienta maj\u00ed psychiat\u0159i v pr\u016fm\u011bru jen sedm a\u017e dvan\u00e1ct minut.<\/strong><!--more--><\/p>\n<p>Cel\u00fd \u010dl\u00e1nek <a href=\"http:\/\/zpravy.idnes.cz\/rozhovor-antidepresiva-psychiatr-richard-bartecek-fxw-\/domaci.aspx?c=A160204_161910_brno-zpravy_mav\">ZDE<\/a><\/p>\n","protected":false},"excerpt":{"rendered":"<div class=\"mh-excerpt\"><p>Spot\u0159eba antidepresiv se za patn\u00e1ct let v \u010cesku t\u00e9m\u011b\u0159 ztrojn\u00e1sobila. Psychicky nemocn\u00fdch lid\u00ed p\u0159itom tolik nep\u0159ibylo. Podle Richarda Barte\u010dka z Psychiatrick\u00e9 kliniky FN Brno je <a class=\"mh-excerpt-more\" href=\"https:\/\/www.invarena.cz\/?p=24915\" title=\"Spot\u0159eba antidepresiv vyl\u00e9tla. Odchod man\u017eelky nevy\u0159e\u0161\u00ed, \u0159\u00edk\u00e1 psychiatr\">[&#8230;]<\/a><\/p>\n<\/div>","protected":false},"author":1,"featured_media":14126,"comment_status":"open","ping_status":"closed","sticky":false,"template":"","format":"standard","meta":{"footnotes":""},"categories":[9],"tags":[],"class_list":["post-24915","post","type-post","status-publish","format-standard","has-post-thumbnail","hentry","category-zpravy"],"_links":{"self":[{"href":"https:\/\/www.invarena.cz\/index.php?rest_route=\/wp\/v2\/posts\/24915","targetHints":{"allow":["GET"]}}],"collection":[{"href":"https:\/\/www.invarena.cz\/index.php?rest_route=\/wp\/v2\/posts"}],"about":[{"href":"https:\/\/www.invarena.cz\/index.php?rest_route=\/wp\/v2\/types\/post"}],"author":[{"embeddable":true,"href":"https:\/\/www.invarena.cz\/index.php?rest_route=\/wp\/v2\/users\/1"}],"replies":[{"embeddable":true,"href":"https:\/\/www.invarena.cz\/index.php?rest_route=%2Fwp%2Fv2%2Fcomments&post=24915"}],"version-history":[{"count":0,"href":"https:\/\/www.invarena.cz\/index.php?rest_route=\/wp\/v2\/posts\/24915\/revisions"}],"wp:featuredmedia":[{"embeddable":true,"href":"https:\/\/www.invarena.cz\/index.php?rest_route=\/wp\/v2\/media\/14126"}],"wp:attachment":[{"href":"https:\/\/www.invarena.cz\/index.php?rest_route=%2Fwp%2Fv2%2Fmedia&parent=24915"}],"wp:term":[{"taxonomy":"category","embeddable":true,"href":"https:\/\/www.invarena.cz\/index.php?rest_route=%2Fwp%2Fv2%2Fcategories&post=24915"},{"taxonomy":"post_tag","embeddable":true,"href":"https:\/\/www.invarena.cz\/index.php?rest_route=%2Fwp%2Fv2%2Ftags&post=24915"}],"curies":[{"name":"wp","href":"https:\/\/api.w.org\/{rel}","templated":true}]}}