{"id":24917,"date":"2016-03-14T14:17:11","date_gmt":"2016-03-14T13:17:11","guid":{"rendered":"http:\/\/www.invarena.cz\/?p=24917"},"modified":"2016-03-14T14:17:11","modified_gmt":"2016-03-14T13:17:11","slug":"cenu-rafael-nadace-vodafone-ziskava-aplikace-vcelka","status":"publish","type":"post","link":"https:\/\/www.invarena.cz\/?p=24917","title":{"rendered":"Cenu Rafael Nadace Vodafone z\u00edsk\u00e1v\u00e1 aplikace V\u010delka"},"content":{"rendered":"<p><strong>Cena Rafael Nadace Vodafone za vyu\u017eit\u00ed ICT inovace pro d\u016fstojn\u011bj\u0161\u00ed \u017eivot lid\u00ed se zdravotn\u00edm posti\u017een\u00edm byla dnes na konferenci INSPO v Kongresov\u00e9m centru Praha ud\u011blena soci\u00e1ln\u00edmu podniku Levebee za projekt V\u010delka. Online aplikace V\u010delka zlep\u0161uje \u00farove\u0148 \u010dten\u00e1\u0159sk\u00fdch dovednost\u00ed, pom\u00e1h\u00e1 d\u011btem p\u0159i obt\u00ed\u017e\u00edch se \u010dten\u00edm, zejm\u00e9na d\u011btem s dyslexi\u00ed.<\/strong><\/p>\n<p><!--more--><br \/>\nfoto: freerangestock<\/p>\n<p>Jej\u00edmu dal\u0161\u00edmu rozvoji napom\u016f\u017ee 200.000 korun, kter\u00e9 jej\u00ed tv\u016frci z\u00edskali od Nadace Vodafone sou\u010dasn\u011b s cenou navr\u017eenou profesorem, akademick\u00fdm socha\u0159em Marianem Karlem, jeho\u017e d\u00edla jsou zastoupena v mnoha sv\u011btov\u00fdch muze\u00edch.<\/p>\n<p>&#8222;Cenu Rafael Nadace Vodafone ud\u011blujeme \u0159e\u0161en\u00edm, kter\u00e1 pomoc\u00ed informa\u010dn\u00edch a komunika\u010dn\u00edch technologi\u00ed v\u00fdrazn\u011b m\u011bn\u00ed \u017eivoty lid\u00ed s posti\u017een\u00edm k lep\u0161\u00edmu. T\u011b\u0161\u00ed n\u00e1s, \u017ee lo\u0148sk\u00fd v\u00edt\u011bz Vozejkmap.cz zdvojn\u00e1sobil za rok po\u010det u\u017eivatel\u016f, kter\u00fdm d\u00e1v\u00e1 v\u011bt\u0161\u00ed svobodu v pohybu po m\u011bst\u011b, a v\u011b\u0159\u00edme, \u017ee osobn\u00edmu tren\u00e9ru \u010dten\u00ed V\u010delka se povede to sam\u00e9,&#8220; \u0159\u00edk\u00e1 \u0159editelka pro CSR a korpor\u00e1tn\u00ed komunikaci Vodafone Czech Republic a.s. Adriana Dergam. V\u010delka je ur\u010dena d\u011btem, student\u016fm, dosp\u00edvaj\u00edc\u00edm a dosp\u011bl\u00fdm, kte\u0159\u00ed maj\u00ed probl\u00e9my se \u010dten\u00edm spojen\u00e9 nej\u010dast\u011bji s dyslexi\u00ed. Za\u010d\u00ednaj\u00ed ji pou\u017e\u00edvat tak\u00e9 lid\u00e9 po mrtvici. S aplikac\u00ed pracuje ji\u017e zhruba 30 pedagogicko-psychologick\u00fdch poraden, ve 40 \u0161kol\u00e1ch je vyu\u017e\u00edv\u00e1na pro v\u00fduku \u010dten\u00ed i gramatiky a individu\u00e1ln\u00ed n\u00e1pravy \u010dten\u00ed nejen pro dyslektiky. Uplatn\u011bn\u00ed nach\u00e1z\u00ed i u cizinc\u016f, kte\u0159\u00ed se u\u010d\u00ed novou abecedu a \u010de\u0161tinu jako ciz\u00ed jazyk. V\u010delka je zdarma dostupn\u00e1 pro v\u0161echna d\u011btsk\u00e1 odd\u011blen\u00ed knihoven v \u010cR.<\/p>\n<p>Aplikaci vyvinula spole\u010dnost Levebee s.r.o. ve spolupr\u00e1ci s p\u0159edn\u00edmi odborn\u00edky. Testov\u00e1n\u00ed aplikace prob\u00edhalo od jara 2015, pln\u00e1 verze byla spu\u0161t\u011bna v z\u00e1\u0159\u00ed 2015. Za p\u011bt m\u011bs\u00edc\u016f si ji vyzkou\u0161elo alespo\u0148 v bezplatn\u00e9 \u010d\u00e1sti na 3000 u\u017eivatel\u016f a d\u00e1le pokra\u010duje v pou\u017e\u00edv\u00e1n\u00ed v placen\u00e9 verzi asi 350 z\u00e1jemc\u016f.<\/p>\n<p>Ka\u017ed\u00fd \u010dten\u00e1\u0159 nejprve projde d\u016fkladnou automatickou diagnostikou \u010dten\u00e1\u0159sk\u00fdch dovednost\u00ed. Na z\u00e1klad\u011b v\u00fdsledk\u016f aplikace V\u010delka automaticky navrhne seznam cvi\u010den\u00ed specificky zvolen\u00fdch pro dan\u00e9ho \u010dten\u00e1\u0159e. V\u00fdsledky cvi\u010den\u00ed v kombinaci se subjektivn\u00edm ohodnocen\u00edm jejich obt\u00ed\u017enosti jsou pou\u017eity pro p\u0159izp\u016fsoben\u00ed jednotliv\u00fdch cvi\u010den\u00ed \u010di cel\u00e9ho seznamu cvi\u010den\u00ed dle aktu\u00e1ln\u00edch dovednost\u00ed \u010dten\u00e1\u0159e. To znamen\u00e1, \u017ee aplikace je adaptivn\u00ed a v re\u00e1ln\u00e9m \u010dase se \u010dten\u00e1\u0159i p\u0159izp\u016fsobuje.<\/p>\n<p>V\u010delka je dostupn\u00e1 kdykoliv a kdekoliv skrze webov\u00fd prohl\u00ed\u017ee\u010d, v p\u0159\u00edprav\u011b jsou i tabletov\u00e9 aplikace pro platformy Andorid a iOS, kter\u00e9 si \u017e\u00e1daj\u00ed p\u0159edev\u0161\u00edm rodi\u010de pro off-line pou\u017e\u00edv\u00e1n\u00ed.<\/p>\n<p>&#8222;Finan\u010dn\u00ed odm\u011bnu pou\u017eijeme mimo jin\u00e9 na vytvo\u0159en\u00ed obsahu pro anglickou verzi aplikace, kter\u00e1 by tak mohla pom\u00e1hat \u0159\u00e1dov\u011b vy\u0161\u0161\u00edmu po\u010dtu d\u011bt\u00ed po cel\u00e9m nejen anglicky mluv\u00edc\u00edm sv\u011bt\u011b. V za\u010d\u00e1tc\u00edch v\u00fduky angli\u010dtiny bude V\u010delka vyu\u017eiteln\u00e1 i pro v\u0161echny d\u011bti za\u010d\u00ednaj\u00edc\u00ed se u\u010dit anglicky jako ciz\u00edm jazykem pro jejich spr\u00e1vn\u00e9 \u010dten\u00ed angli\u010dtiny,\u201c \u0159\u00edk\u00e1 jednatel Levebee s.r.o. Michal Zwinger.<\/p>\n","protected":false},"excerpt":{"rendered":"<div class=\"mh-excerpt\"><p>Cena Rafael Nadace Vodafone za vyu\u017eit\u00ed ICT inovace pro d\u016fstojn\u011bj\u0161\u00ed \u017eivot lid\u00ed se zdravotn\u00edm posti\u017een\u00edm byla dnes na konferenci INSPO v Kongresov\u00e9m centru Praha ud\u011blena <a class=\"mh-excerpt-more\" href=\"https:\/\/www.invarena.cz\/?p=24917\" title=\"Cenu Rafael Nadace Vodafone z\u00edsk\u00e1v\u00e1 aplikace V\u010delka\">[&#8230;]<\/a><\/p>\n<\/div>","protected":false},"author":1,"featured_media":24770,"comment_status":"open","ping_status":"closed","sticky":false,"template":"","format":"standard","meta":{"footnotes":""},"categories":[9],"tags":[],"class_list":["post-24917","post","type-post","status-publish","format-standard","has-post-thumbnail","hentry","category-zpravy"],"_links":{"self":[{"href":"https:\/\/www.invarena.cz\/index.php?rest_route=\/wp\/v2\/posts\/24917","targetHints":{"allow":["GET"]}}],"collection":[{"href":"https:\/\/www.invarena.cz\/index.php?rest_route=\/wp\/v2\/posts"}],"about":[{"href":"https:\/\/www.invarena.cz\/index.php?rest_route=\/wp\/v2\/types\/post"}],"author":[{"embeddable":true,"href":"https:\/\/www.invarena.cz\/index.php?rest_route=\/wp\/v2\/users\/1"}],"replies":[{"embeddable":true,"href":"https:\/\/www.invarena.cz\/index.php?rest_route=%2Fwp%2Fv2%2Fcomments&post=24917"}],"version-history":[{"count":0,"href":"https:\/\/www.invarena.cz\/index.php?rest_route=\/wp\/v2\/posts\/24917\/revisions"}],"wp:featuredmedia":[{"embeddable":true,"href":"https:\/\/www.invarena.cz\/index.php?rest_route=\/wp\/v2\/media\/24770"}],"wp:attachment":[{"href":"https:\/\/www.invarena.cz\/index.php?rest_route=%2Fwp%2Fv2%2Fmedia&parent=24917"}],"wp:term":[{"taxonomy":"category","embeddable":true,"href":"https:\/\/www.invarena.cz\/index.php?rest_route=%2Fwp%2Fv2%2Fcategories&post=24917"},{"taxonomy":"post_tag","embeddable":true,"href":"https:\/\/www.invarena.cz\/index.php?rest_route=%2Fwp%2Fv2%2Ftags&post=24917"}],"curies":[{"name":"wp","href":"https:\/\/api.w.org\/{rel}","templated":true}]}}