{"id":24924,"date":"2016-03-15T15:12:00","date_gmt":"2016-03-15T14:12:00","guid":{"rendered":"http:\/\/www.invarena.cz\/?p=24924"},"modified":"2016-03-15T15:12:00","modified_gmt":"2016-03-15T14:12:00","slug":"mam-dceru-s-epilepsii-ma-narok-na-prispevek-na-auto","status":"publish","type":"post","link":"https:\/\/www.invarena.cz\/?p=24924","title":{"rendered":"M\u00e1m dceru s epilepsi\u00ed. M\u00e1 n\u00e1rok na p\u0159\u00edsp\u011bvek na auto?"},"content":{"rendered":"<p><strong>Dotaz:<\/strong><br \/>\n<strong> M\u00e1m posti\u017eenou dceru Terezku. M\u00e1 epilepsii. Star\u00e1me se o n\u00ed se \u017eenou dob\u0159e. M\u00e1 n\u00e1rok na p\u0159\u00edsp\u011bvek na auto?<\/strong><br \/>\n<!--more--><br \/>\n<strong>Odpov\u011b\u010f:<\/strong><br \/>\nUve\u010fme si, kdo m\u00e1 v sou\u010dasn\u00e9 dob\u011b n\u00e1rok na p\u0159\u00edsp\u011bvek na motorov\u00e9 vozidlo:<\/p>\n<p>\u201eN\u00e1rok na p\u0159\u00edsp\u011bvek na zvl\u00e1\u0161tn\u00ed pom\u016fcku poskytovan\u00fd na po\u0159\u00edzen\u00ed motorov\u00e9ho vozidla m\u00e1 osoba, kter\u00e1 m\u00e1 t\u011b\u017ekou vadu nosn\u00e9ho nebo pohybov\u00e9ho \u00fastroj\u00ed anebo t\u011b\u017ekou nebo hlubokou ment\u00e1ln\u00ed retardaci charakteru dlouhodob\u011b nep\u0159\u00edzniv\u00e9ho zdravotn\u00edho stavu, a jej\u00ed zdravotn\u00ed stav nevylu\u010duje p\u0159izn\u00e1n\u00ed tohoto p\u0159\u00edsp\u011bvku.\u201c<\/p>\n<p>Bohu\u017eel neuv\u00e1d\u00edte, jak moc v\u00e1\u017en\u00fd stav Va\u0161\u00ed dcery je. Obecn\u011b lze \u0159\u00edci, \u017ee Va\u0161e dcera nejsp\u00ed\u0161e na p\u0159\u00edsp\u011bvek na auto nem\u00e1, av\u0161ak pokud si mysl\u00edte, \u017ee by Va\u0161e dcera mohla spl\u0148ovat n\u011bkterou z v\u00fd\u0161e uveden\u00fdch zdravotn\u00edch indikac\u00ed, ur\u010dit\u011b si nev\u00e1hejte o p\u0159\u00edsp\u011bvek za\u017e\u00e1dat na sv\u00e9 pobo\u010dce \u00da\u0159adu pr\u00e1ce.<\/p>\n<p>Ji\u0159\u00ed Marek<br \/>\ninvArena<\/p>\n","protected":false},"excerpt":{"rendered":"<div class=\"mh-excerpt\"><p>Dotaz: M\u00e1m posti\u017eenou dceru Terezku. M\u00e1 epilepsii. Star\u00e1me se o n\u00ed se \u017eenou dob\u0159e. M\u00e1 n\u00e1rok na p\u0159\u00edsp\u011bvek na auto?<\/p>\n<\/div>","protected":false},"author":3,"featured_media":21061,"comment_status":"open","ping_status":"closed","sticky":false,"template":"","format":"standard","meta":{"footnotes":""},"categories":[18],"tags":[],"class_list":["post-24924","post","type-post","status-publish","format-standard","has-post-thumbnail","hentry","category-poradna"],"_links":{"self":[{"href":"https:\/\/www.invarena.cz\/index.php?rest_route=\/wp\/v2\/posts\/24924","targetHints":{"allow":["GET"]}}],"collection":[{"href":"https:\/\/www.invarena.cz\/index.php?rest_route=\/wp\/v2\/posts"}],"about":[{"href":"https:\/\/www.invarena.cz\/index.php?rest_route=\/wp\/v2\/types\/post"}],"author":[{"embeddable":true,"href":"https:\/\/www.invarena.cz\/index.php?rest_route=\/wp\/v2\/users\/3"}],"replies":[{"embeddable":true,"href":"https:\/\/www.invarena.cz\/index.php?rest_route=%2Fwp%2Fv2%2Fcomments&post=24924"}],"version-history":[{"count":0,"href":"https:\/\/www.invarena.cz\/index.php?rest_route=\/wp\/v2\/posts\/24924\/revisions"}],"wp:featuredmedia":[{"embeddable":true,"href":"https:\/\/www.invarena.cz\/index.php?rest_route=\/wp\/v2\/media\/21061"}],"wp:attachment":[{"href":"https:\/\/www.invarena.cz\/index.php?rest_route=%2Fwp%2Fv2%2Fmedia&parent=24924"}],"wp:term":[{"taxonomy":"category","embeddable":true,"href":"https:\/\/www.invarena.cz\/index.php?rest_route=%2Fwp%2Fv2%2Fcategories&post=24924"},{"taxonomy":"post_tag","embeddable":true,"href":"https:\/\/www.invarena.cz\/index.php?rest_route=%2Fwp%2Fv2%2Ftags&post=24924"}],"curies":[{"name":"wp","href":"https:\/\/api.w.org\/{rel}","templated":true}]}}