{"id":24930,"date":"2016-03-15T11:16:57","date_gmt":"2016-03-15T10:16:57","guid":{"rendered":"http:\/\/www.invarena.cz\/?p=24930"},"modified":"2016-03-15T11:16:57","modified_gmt":"2016-03-15T10:16:57","slug":"blanensti-se-poprve-pripoji-k-svetovemu-dni-downova-syndromu-na-zamku","status":"publish","type":"post","link":"https:\/\/www.invarena.cz\/?p=24930","title":{"rendered":"Blanen\u0161t\u00ed se poprv\u00e9 p\u0159ipoj\u00ed k Sv\u011btov\u00e9mu dni Downova syndromu. Na z\u00e1mku"},"content":{"rendered":"<p><strong>Vernis\u00e1\u017e, j\u00edzda v ko\u010d\u00e1rech nebo \u0161erm\u00ed\u0159sk\u00fd souboj. Blanen\u0161t\u00ed se letos poprv\u00e9 p\u0159ipoj\u00ed ke Sv\u011btov\u00e9mu dni Downova syndromu. Akce se uskute\u010dn\u00ed na blanensk\u00e9m z\u00e1mku jednadvac\u00e1t\u00e9ho b\u0159ezna.<\/strong><!--more--><\/p>\n<p>Cel\u00fd \u010dl\u00e1nek <a href=\"http:\/\/blanensky.denik.cz\/zpravy_region\/blanensti-se-poprve-pripoji-k-svetovemu-dni-downova-syndromu-na-zamku-20160314.html\">ZDE<\/a><\/p>\n","protected":false},"excerpt":{"rendered":"<div class=\"mh-excerpt\"><p>Vernis\u00e1\u017e, j\u00edzda v ko\u010d\u00e1rech nebo \u0161erm\u00ed\u0159sk\u00fd souboj. Blanen\u0161t\u00ed se letos poprv\u00e9 p\u0159ipoj\u00ed ke Sv\u011btov\u00e9mu dni Downova syndromu. Akce se uskute\u010dn\u00ed na blanensk\u00e9m z\u00e1mku jednadvac\u00e1t\u00e9ho b\u0159ezna.<\/p>\n<\/div>","protected":false},"author":1,"featured_media":19903,"comment_status":"open","ping_status":"closed","sticky":false,"template":"","format":"standard","meta":{"footnotes":""},"categories":[9],"tags":[],"class_list":["post-24930","post","type-post","status-publish","format-standard","has-post-thumbnail","hentry","category-zpravy"],"_links":{"self":[{"href":"https:\/\/www.invarena.cz\/index.php?rest_route=\/wp\/v2\/posts\/24930","targetHints":{"allow":["GET"]}}],"collection":[{"href":"https:\/\/www.invarena.cz\/index.php?rest_route=\/wp\/v2\/posts"}],"about":[{"href":"https:\/\/www.invarena.cz\/index.php?rest_route=\/wp\/v2\/types\/post"}],"author":[{"embeddable":true,"href":"https:\/\/www.invarena.cz\/index.php?rest_route=\/wp\/v2\/users\/1"}],"replies":[{"embeddable":true,"href":"https:\/\/www.invarena.cz\/index.php?rest_route=%2Fwp%2Fv2%2Fcomments&post=24930"}],"version-history":[{"count":0,"href":"https:\/\/www.invarena.cz\/index.php?rest_route=\/wp\/v2\/posts\/24930\/revisions"}],"wp:featuredmedia":[{"embeddable":true,"href":"https:\/\/www.invarena.cz\/index.php?rest_route=\/wp\/v2\/media\/19903"}],"wp:attachment":[{"href":"https:\/\/www.invarena.cz\/index.php?rest_route=%2Fwp%2Fv2%2Fmedia&parent=24930"}],"wp:term":[{"taxonomy":"category","embeddable":true,"href":"https:\/\/www.invarena.cz\/index.php?rest_route=%2Fwp%2Fv2%2Fcategories&post=24930"},{"taxonomy":"post_tag","embeddable":true,"href":"https:\/\/www.invarena.cz\/index.php?rest_route=%2Fwp%2Fv2%2Ftags&post=24930"}],"curies":[{"name":"wp","href":"https:\/\/api.w.org\/{rel}","templated":true}]}}