{"id":24934,"date":"2016-03-17T15:11:11","date_gmt":"2016-03-17T14:11:11","guid":{"rendered":"http:\/\/www.invarena.cz\/?p=24934"},"modified":"2016-03-17T15:11:11","modified_gmt":"2016-03-17T14:11:11","slug":"uchazeci-se-zdravotnim-postizenim-dostanou-sanci-na-novou-praci","status":"publish","type":"post","link":"https:\/\/www.invarena.cz\/?p=24934","title":{"rendered":"Uchaze\u010di se zdravotn\u00edm posti\u017een\u00edm dostanou \u0161anci na novou pr\u00e1ci"},"content":{"rendered":"<p><strong>Celkem osm zam\u011bstnavatel\u016f z \u00dastecko orlicka i \u0161irok\u00e9ho okol\u00ed nab\u00eddne lidem se zdravotn\u00edm posti\u017een\u00edm (OZP) pr\u00e1ci p\u0159edev\u0161\u00edm v oblastech v\u00fdrobn\u00ed sf\u00e9ry a ostrahy. Hledat budou nap\u0159\u00edklad pracovn\u00edky pro kompletaci a balen\u00ed v\u00fdrobk\u016f, v\u00fdstupn\u00ed kontrolu, str\u00e1\u017en\u00e9 nebo ukl\u00edze\u010de.<\/strong> <!--more--><\/p>\n<p>Orlicko\u00fastecko \u2013 V po\u0159ad\u00ed druh\u00fd ro\u010dn\u00edk &#8222;Burzy pr\u00e1ce pro OZP&#8220; po\u0159\u00e1d\u00e1 Kontaktn\u00ed pracovi\u0161t\u011b \u00da\u0159adu pr\u00e1ce \u010cR v \u00dast\u00ed nad Orlic\u00ed. Akce prob\u011bhne v p\u00e1tek 18. b\u0159ezna od 9.30 do 12.30 hodin v prostor\u00e1ch \u00fa\u0159adu pr\u00e1ce v \u00dast\u00ed nad Orlic\u00ed.<\/p>\n<p>V\u00fdstava je ur\u010dena p\u0159edev\u0161\u00edm lidem se zdravotn\u00edm posti\u017een\u00edm z \u0159ad uchaze\u010d\u016f o zam\u011bstn\u00e1n\u00ed, ale i partner\u016fm, kte\u0159\u00ed pracuj\u00ed v oblasti poradenstv\u00ed a zam\u011bstn\u00e1v\u00e1n\u00ed pr\u00e1v\u011b t\u011bchto osob.<\/p>\n<p>\u00dasteck\u00e9 kontaktn\u00ed pracovi\u0161t\u011b \u00fa\u0159adu pr\u00e1ce v sou\u010dasn\u00e9 dob\u011b eviduje 744 lid\u00ed se zdravotn\u00edm posti\u017een\u00edm, kte\u0159\u00ed tvo\u0159\u00ed v tomto regionu 16,4% z celkov\u00e9ho po\u010dtu uchaze\u010d\u016f o zam\u011bstn\u00e1n\u00ed. Zdej\u0161\u00ed zam\u011bstnavatel\u00e9 nab\u00edzej\u00ed prost\u0159ednictv\u00edm \u00fa\u0159adu pr\u00e1ce celkem 1 744 voln\u00fdch pracovn\u00edch m\u00edst. Z toho jich je 145 vhodn\u00fdch pro posti\u017een\u00e9. &#8222;Jde o specifickou skupinu uchaze\u010d\u016f o zam\u011bstn\u00e1n\u00ed, kter\u00e1 se zv\u00fd\u0161enou m\u00edrou pod\u00edl\u00ed na dlouhodob\u00e9 nezam\u011bstnanosti, a proto je d\u016fle\u017eit\u00e9 se problematikou zam\u011bstn\u00e1v\u00e1n\u00ed t\u011bchto klient\u016f intenzivn\u011b zab\u00fdvat. Mimo jin\u00e9 ve spolupr\u00e1ci s dal\u0161\u00edmi soci\u00e1ln\u00edmi partnery,&#8220; upozor\u0148uje \u0159editelka Kontaktn\u00edho pracovi\u0161t\u011b \u00daP \u010cR v \u00dast\u00ed nad Orlic\u00ed Vladim\u00edra Lesensk\u00e1.<\/p>\n<p>A pr\u00e1v\u011b specialist\u00e9 budou p\u0159ipraveni z\u00e1jemc\u016fm poradit p\u0159i v\u00fdb\u011bru vhodn\u00e9ho zam\u011bstn\u00e1n\u00ed, rekvalifikace, s tvorbou \u017eivotopisu, motiva\u010dn\u00edho dopisu \u010di jim p\u0159edstav\u00ed n\u00e1stroje a opat\u0159en\u00ed aktivn\u00ed politiky zam\u011bstnanosti. N\u00e1v\u0161t\u011bvn\u00edci se dozv\u011bd\u00ed i podrobnosti t\u00fdkaj\u00edc\u00ed se pracovn\u00ed rehabilitace. Jak u\u017e bylo \u0159e\u010deno, na v\u00fdstavu se sjedou zam\u011bstnavatel\u00e9, ale tak\u00e9 p\u0159\u00edsp\u011bvkov\u00e9 a neziskov\u00e9 organizace a dal\u0161\u00ed subjekty, kter\u00e9 se zab\u00fdvaj\u00ed problematikou zam\u011bstn\u00e1v\u00e1n\u00ed osob se zdravotn\u00edm posti\u017een\u00edm. \u00da\u010dastn\u00edk\u016fm akce p\u0159edstav\u00ed svou nab\u00eddku pracovn\u00edch m\u00edst. Lid\u00e9 se mohou tak\u00e9 t\u011b\u0161it na uk\u00e1zky konkr\u00e9tn\u00edch pracovn\u00edch \u010dinnost\u00ed. Zam\u011bstnavatel\u00e9 zase budou m\u00edt mo\u017enost prov\u00e9st p\u0159edv\u00fdb\u011br potenci\u00e1ln\u00edch zam\u011bstnanc\u016f z \u0159ad n\u00e1v\u0161t\u011bvn\u00edk\u016f burzy.<\/p>\n<p>P\u0159ed samotn\u00fdm zah\u00e1jen\u00edm p\u0159ehl\u00eddky prob\u011bhne diskuze prezentuj\u00edc\u00edch organizac\u00ed a z\u00e1stupc\u016f \u00daP \u010cR k problematice zam\u011bstn\u00e1v\u00e1n\u00ed osob se zdravotn\u00edm posti\u017een\u00edm. \u00da\u010dast pro vystavovatele i n\u00e1v\u0161t\u011bvn\u00edky je zdarma.<\/p>\n<p>Orlick\u00fd den\u00edk<br \/>\n<a href=\"http:\/\/orlicky.denik.cz\/\">http:\/\/orlicky.denik.cz\/<\/a><\/p>\n","protected":false},"excerpt":{"rendered":"<div class=\"mh-excerpt\"><p>Celkem osm zam\u011bstnavatel\u016f z \u00dastecko orlicka i \u0161irok\u00e9ho okol\u00ed nab\u00eddne lidem se zdravotn\u00edm posti\u017een\u00edm (OZP) pr\u00e1ci p\u0159edev\u0161\u00edm v oblastech v\u00fdrobn\u00ed sf\u00e9ry a ostrahy. Hledat budou <a class=\"mh-excerpt-more\" href=\"https:\/\/www.invarena.cz\/?p=24934\" title=\"Uchaze\u010di se zdravotn\u00edm posti\u017een\u00edm dostanou \u0161anci na novou pr\u00e1ci\">[&#8230;]<\/a><\/p>\n<\/div>","protected":false},"author":1,"featured_media":1077,"comment_status":"open","ping_status":"closed","sticky":false,"template":"","format":"standard","meta":{"footnotes":""},"categories":[9],"tags":[],"class_list":["post-24934","post","type-post","status-publish","format-standard","has-post-thumbnail","hentry","category-zpravy"],"_links":{"self":[{"href":"https:\/\/www.invarena.cz\/index.php?rest_route=\/wp\/v2\/posts\/24934","targetHints":{"allow":["GET"]}}],"collection":[{"href":"https:\/\/www.invarena.cz\/index.php?rest_route=\/wp\/v2\/posts"}],"about":[{"href":"https:\/\/www.invarena.cz\/index.php?rest_route=\/wp\/v2\/types\/post"}],"author":[{"embeddable":true,"href":"https:\/\/www.invarena.cz\/index.php?rest_route=\/wp\/v2\/users\/1"}],"replies":[{"embeddable":true,"href":"https:\/\/www.invarena.cz\/index.php?rest_route=%2Fwp%2Fv2%2Fcomments&post=24934"}],"version-history":[{"count":0,"href":"https:\/\/www.invarena.cz\/index.php?rest_route=\/wp\/v2\/posts\/24934\/revisions"}],"wp:featuredmedia":[{"embeddable":true,"href":"https:\/\/www.invarena.cz\/index.php?rest_route=\/wp\/v2\/media\/1077"}],"wp:attachment":[{"href":"https:\/\/www.invarena.cz\/index.php?rest_route=%2Fwp%2Fv2%2Fmedia&parent=24934"}],"wp:term":[{"taxonomy":"category","embeddable":true,"href":"https:\/\/www.invarena.cz\/index.php?rest_route=%2Fwp%2Fv2%2Fcategories&post=24934"},{"taxonomy":"post_tag","embeddable":true,"href":"https:\/\/www.invarena.cz\/index.php?rest_route=%2Fwp%2Fv2%2Ftags&post=24934"}],"curies":[{"name":"wp","href":"https:\/\/api.w.org\/{rel}","templated":true}]}}