{"id":24977,"date":"2016-03-18T09:01:49","date_gmt":"2016-03-18T08:01:49","guid":{"rendered":"http:\/\/www.invarena.cz\/?p=24977"},"modified":"2016-03-18T09:01:49","modified_gmt":"2016-03-18T08:01:49","slug":"skoda-auto-otevira-nove-pracoviste-pro-zamestnance-se-zdravotnim-a-socialnim-znevyhodnenim","status":"publish","type":"post","link":"https:\/\/www.invarena.cz\/?p=24977","title":{"rendered":"\u0160KODA AUTO otev\u00edr\u00e1 nov\u00e9 pracovi\u0161t\u011b pro zam\u011bstnance se zdravotn\u00edm a soci\u00e1ln\u00edm znev\u00fdhodn\u011bn\u00edm"},"content":{"rendered":"<p><strong>\u0160KODA AUTO prokazuje spole\u010denskou anga\u017eovanost a p\u0159ej\u00edm\u00e1 soci\u00e1ln\u00ed zodpov\u011bdnost. Automobilka otev\u0159ela nov\u00e9 pracovi\u0161t\u011b pro osoby se zdravotn\u00edm a soci\u00e1ln\u00edm znev\u00fdhodn\u011bn\u00edm. Svou pr\u00e1ci tam ji\u017e vykon\u00e1v\u00e1 v\u00edce ne\u017e 50 zam\u011bstnanc\u016f. <\/strong><!--more--><\/p>\n<p>Celkem \u0160KODA AUTO zam\u011bstn\u00e1v\u00e1 ve sv\u00fdch t\u0159ech dom\u00e1c\u00edch z\u00e1vodech (Mlad\u00e1 Boleslav, Kvasiny, Vrchlab\u00ed) p\u0159ibli\u017en\u011b 300 pracovn\u00edk\u016f se zdravotn\u00edm a soci\u00e1ln\u00edm znev\u00fdhodn\u011bn\u00edm. Prost\u0159ednictv\u00edm t\u011bchto za\u0159\u00edzen\u00ed otev\u00edr\u00e1 \u010desk\u00e1 automobilka v t\u011bsn\u00e9 spolupr\u00e1ci s podnikov\u00fdmi Odbory KOVO osob\u00e1m se sn\u00ed\u017eenou pracovn\u00ed schopnost\u00ed nov\u00e9 profesn\u00ed perspektivy.<\/p>\n<p>\u0160KODA AUTO otev\u00edr\u00e1 nov\u00e9 pracovi\u0161t\u011b pro zam\u011bstnance se zdravotn\u00edm a soci\u00e1ln\u00edm znev\u00fdhodn\u011bn\u00edm\u201eNa\u0161e anga\u017eovanost ve prosp\u011bch osob se zdravotn\u00edm a soci\u00e1ln\u00edm znev\u00fdhodn\u011bn\u00edm je pro spole\u010dnost \u0160KODA AUTO jako\u017eto automobilku s celosv\u011btovou p\u016fsobnost\u00ed a nejv\u011bt\u0161\u00edho zam\u011bstnavatele v \u010cesk\u00e9 republice samoz\u0159ejmost\u00ed a sou\u010d\u00e1st\u00ed spole\u010densk\u00e9 odpov\u011bdnosti,\u201c \u0159\u00edk\u00e1 Bohdan Wojnar, \u010dlen p\u0159edstavenstva spole\u010dnosti \u0160KODA AUTO za oblast \u0159\u00edzen\u00ed lidsk\u00fdch zdroj\u016f.<\/p>\n<p>\u0160KODA AUTO pokra\u010duje v realizaci rozs\u00e1hl\u00fdch opat\u0159en\u00ed pro zam\u011bstn\u00e1v\u00e1n\u00ed osob se zdravotn\u00edm a soci\u00e1ln\u00edm znev\u00fdhodn\u011bn\u00edm a otev\u0159ela nov\u00e9 Chr\u00e1n\u011bn\u00e9\/profilov\u00e9 pracovi\u0161t\u011b pro v\u00edce ne\u017e 50 zam\u011bstnanc\u016f. Jsou zde zam\u011bstn\u00e1ni lid\u00e9, kte\u0159\u00ed z d\u016fvodu do\u010dasn\u00e9ho nebo trval\u00e9ho omezen\u00ed nemohou vykon\u00e1vat svou dosavadn\u00ed pr\u00e1ci. Pracovi\u0161t\u011b jsou t\u011bmto omezen\u00edm p\u0159izp\u016fsobena odpov\u00eddaj\u00edc\u00edm zp\u016fsobem.<\/p>\n<p>Nov\u00e9 pracovi\u0161t\u011b bylo otev\u0159eno v CKD Centru za p\u0159\u00edtomnosti \u010dlena p\u0159edstavenstva za oblast v\u00fdroby a logistiky Michaela Oeljeklause, \u010dlena p\u0159edstavenstva za oblast \u0159\u00edzen\u00ed lidsk\u00fdch zdroj\u016f Bohdana Wojnara, p\u0159edsedy Podnikov\u00e9 rady Odbor\u016f KOVO \u0160KODA AUTO Jaroslava Pov\u0161\u00edka a vedouc\u00edho Logistiky zna\u010dky Ji\u0159\u00edho Cee. Nov\u00e9 pracovi\u0161t\u011b je sou\u010d\u00e1st\u00ed hlavn\u00edho v\u00fdrobn\u00edho z\u00e1vodu spole\u010dnosti \u0160KODA AUTO v Mlad\u00e9 Boleslavi. \u00dakolem zde zam\u011bstnan\u00fdch pracovn\u00edk\u016f je p\u0159\u00edprava obal\u016f pro expedici d\u00edl\u016f do v\u00fdrobn\u00edch z\u00e1vod\u016f zna\u010dek \u0160KODA a Volkswagen v zahrani\u010d\u00ed.<\/p>\n<p>\u201eNejvy\u0161\u0161\u00edm c\u00edlem je pomoci zam\u011bstnanc\u016fm s posti\u017een\u00edm a sn\u00ed\u017eenou pracovn\u00ed schopnost\u00ed,\u201c \u0159\u00edk\u00e1 Jaroslav Pov\u0161\u00edk, p\u0159edseda Podnikov\u00e9 rady Odbor\u016f KOVO \u0160KODA AUTO a dod\u00e1v\u00e1: \u201eJsem velmi r\u00e1d, \u017ee se poda\u0159ilo tento projekt, k n\u011bmu\u017e jsme se inspirovali v n\u011bmeck\u00e9m z\u00e1vod\u011b Volkswagen ve Wolfsburgu, realizovat.\u201c<\/p>\n<p>Realizaci zajistilo odd\u011blen\u00ed logistiky ve spolupr\u00e1ci s personalisty a s oblastmi staveb a pracovn\u00edho l\u00e9ka\u0159stv\u00ed. V CKD Centru b\u011bhem 5 m\u011bs\u00edc\u016f vzniklo nov\u00e9 pracovi\u0161t\u011b, kde nov\u011b pracuj\u00ed i lid\u00e9 se zdravotn\u00edm a soci\u00e1ln\u00edm znev\u00fdhodn\u011bn\u00edm. \u201eLogistika umo\u017e\u0148uje rozmanit\u00e9 mo\u017enosti zam\u011bstn\u00e1n\u00ed,\u201c \u0159\u00edk\u00e1 Michael Oeljeklaus, \u010dlen p\u0159edstavenstva spole\u010dnosti \u0160KODA AUTO za oblast v\u00fdroby a logistiky. \u201eJedin\u00fd patrn\u00fd rozd\u00edl spo\u010d\u00edv\u00e1 v tom, \u017ee tato pracovi\u0161t\u011b jsou nov\u00fdm kolegyn\u00edm a koleg\u016fm na m\u00edru p\u0159izp\u016fsoben\u00e1.\u201c<\/p>\n<p>Prvn\u00ed zam\u011bstnanci zah\u00e1jili svou pr\u00e1ci na tomto pracovi\u0161ti ji\u017e v \u0159\u00edjnu lo\u0148sk\u00e9ho roku. Na celkem p\u011bti pracovi\u0161t\u00edch p\u0159ipravuj\u00ed obaly a d\u00edly k expedici do zahrani\u010dn\u00edch v\u00fdrobn\u00edch z\u00e1vod\u016f zna\u010dek \u0160KODA a Volkswagen. Spole\u010dnost \u0160KODA AUTO v CKD Centru krom\u011b toho otev\u0159ela tak\u00e9 takzvan\u00fd \u201eProfiraum\u201c, v n\u011bm\u017e ji\u017e prob\u00edhaj\u00ed logistick\u00e1 \u0161kolen\u00ed s mo\u017enost\u00ed praktick\u00e9ho tr\u00e9ninku. P\u0159i v\u00fdstavb\u011b pracovi\u0161t\u011b byl kladen d\u016fraz i na to, aby bylo pln\u011b bezbari\u00e9rov\u00e9.<\/p>\n","protected":false},"excerpt":{"rendered":"<div class=\"mh-excerpt\"><p>\u0160KODA AUTO prokazuje spole\u010denskou anga\u017eovanost a p\u0159ej\u00edm\u00e1 soci\u00e1ln\u00ed zodpov\u011bdnost. Automobilka otev\u0159ela nov\u00e9 pracovi\u0161t\u011b pro osoby se zdravotn\u00edm a soci\u00e1ln\u00edm znev\u00fdhodn\u011bn\u00edm. Svou pr\u00e1ci tam ji\u017e vykon\u00e1v\u00e1 <a class=\"mh-excerpt-more\" href=\"https:\/\/www.invarena.cz\/?p=24977\" title=\"\u0160KODA AUTO otev\u00edr\u00e1 nov\u00e9 pracovi\u0161t\u011b pro zam\u011bstnance se zdravotn\u00edm a soci\u00e1ln\u00edm znev\u00fdhodn\u011bn\u00edm\">[&#8230;]<\/a><\/p>\n<\/div>","protected":false},"author":1,"featured_media":14014,"comment_status":"open","ping_status":"closed","sticky":false,"template":"","format":"standard","meta":{"footnotes":""},"categories":[7],"tags":[],"class_list":["post-24977","post","type-post","status-publish","format-standard","has-post-thumbnail","hentry","category-spolecnost"],"_links":{"self":[{"href":"https:\/\/www.invarena.cz\/index.php?rest_route=\/wp\/v2\/posts\/24977","targetHints":{"allow":["GET"]}}],"collection":[{"href":"https:\/\/www.invarena.cz\/index.php?rest_route=\/wp\/v2\/posts"}],"about":[{"href":"https:\/\/www.invarena.cz\/index.php?rest_route=\/wp\/v2\/types\/post"}],"author":[{"embeddable":true,"href":"https:\/\/www.invarena.cz\/index.php?rest_route=\/wp\/v2\/users\/1"}],"replies":[{"embeddable":true,"href":"https:\/\/www.invarena.cz\/index.php?rest_route=%2Fwp%2Fv2%2Fcomments&post=24977"}],"version-history":[{"count":0,"href":"https:\/\/www.invarena.cz\/index.php?rest_route=\/wp\/v2\/posts\/24977\/revisions"}],"wp:featuredmedia":[{"embeddable":true,"href":"https:\/\/www.invarena.cz\/index.php?rest_route=\/wp\/v2\/media\/14014"}],"wp:attachment":[{"href":"https:\/\/www.invarena.cz\/index.php?rest_route=%2Fwp%2Fv2%2Fmedia&parent=24977"}],"wp:term":[{"taxonomy":"category","embeddable":true,"href":"https:\/\/www.invarena.cz\/index.php?rest_route=%2Fwp%2Fv2%2Fcategories&post=24977"},{"taxonomy":"post_tag","embeddable":true,"href":"https:\/\/www.invarena.cz\/index.php?rest_route=%2Fwp%2Fv2%2Ftags&post=24977"}],"curies":[{"name":"wp","href":"https:\/\/api.w.org\/{rel}","templated":true}]}}