{"id":24979,"date":"2016-03-18T10:34:21","date_gmt":"2016-03-18T09:34:21","guid":{"rendered":"http:\/\/www.invarena.cz\/?p=24979"},"modified":"2016-03-18T10:34:21","modified_gmt":"2016-03-18T09:34:21","slug":"dum-kultury-se-stal-na-den-mistem-bez-hranic","status":"publish","type":"post","link":"https:\/\/www.invarena.cz\/?p=24979","title":{"rendered":"D\u016fm kultury se stal na den m\u00edstem bez hranic"},"content":{"rendered":"<p><strong>\u017d\u00e1ci z\u00e1kladn\u00edch a st\u0159edn\u00edch \u0161kol pozn\u00e1vali v Krom\u011b\u0159\u00ed\u017ei \u017eivot a probl\u00e9my handicapovan\u00fdch lid\u00ed. Organiz\u00e1to\u0159i cht\u011bj\u00ed zalo\u017eit novou tradici<\/strong> <!--more--><\/p>\n<p>Krom\u011b\u0159\u00ed\u017e \u2013 \u017divot na voz\u00ed\u010dku, pozn\u00e1v\u00e1n\u00ed sv\u011bta bez pou\u017eit\u00ed vlastn\u00edho zraku nebo sluchu: to v\u0161e a mnohem v\u00edc si v\u010dera vyzkou\u0161ely d\u011bti ze z\u00e1kladn\u00edch a st\u0159edn\u00edch \u0161kol v krom\u011b\u0159\u00ed\u017esk\u00e9m Dom\u011b kultury: ten se tak na jeden den prom\u011bnil na m\u00edsto bez hranic.<\/p>\n<p>P\u0159esn\u011b tak ostatn\u011b pojmenovali organiz\u00e1to\u0159i ojedin\u011blou v\u010derej\u0161\u00ed akci. &#8222;\u017d\u00e1ci m\u00edstn\u00edch z\u00e1kladn\u00edch a st\u0159edn\u00edch \u0161kol m\u011bli p\u0159\u00edle\u017eitost vyzkou\u0161et si zaj\u00edmav\u00e9 cvi\u010den\u00e9 simulace ze \u017eivota zrakov\u011b, sluchov\u011b i t\u011blesn\u011b posti\u017een\u00fdch osob,&#8220; poznamenal mana\u017eer propagace Domu kultury Jan Du\u0161ek.<\/p>\n<p>D\u011bti se tak\u00e9 sezn\u00e1mily s kompenza\u010dn\u00edmi pom\u016fckami \u010di variantami sportovn\u00edch aktivit. &#8222;Nav\u00edc m\u00e1 cel\u00fd den i benefi\u010dn\u00ed p\u0159esah. Lid\u00e9 toti\u017e mohli poskytnout dobrovoln\u00fd p\u0159\u00edsp\u011bvek Nadaci Divok\u00e9 husy k n\u00e1kupu nov\u00e9ho automobilu pro spolek Kor\u00e1lky, kter\u00fd zaji\u0161\u0165uje svoz d\u011bt\u00ed z regionu do krom\u011b\u0159\u00ed\u017esk\u00e9 z\u00e1kladn\u00ed a mate\u0159sk\u00e9 speci\u00e1ln\u00ed \u0161koly,&#8220; doplnil mana\u017eer.<\/p>\n<p>Organiz\u00e1to\u0159i by r\u00e1di zalo\u017eili novou tradici. &#8222;Ta by m\u011bla d\u00e1vat \u017e\u00e1k\u016fm i ve\u0159ejnosti nev\u0161edn\u00ed p\u0159\u00edle\u017eitost poznat jin\u00fd sv\u011bt, ve kter\u00e9m lid\u00e9 s r\u016fzn\u00fdmi posti\u017een\u00edmi \u017eij\u00ed,&#8220; vysv\u011btluje \u0159editelka krom\u011b\u0159\u00ed\u017esk\u00e9 st\u0159edn\u00ed a vy\u0161\u0161\u00ed odborn\u00e9 pedagogick\u00e9 \u0161koly Jana V\u00edtkov\u00e1.<\/p>\n<p>Tento typ akc\u00ed podle n\u00ed m\u016f\u017ee pomoci zbourat hranice mezi v\u011bt\u0161inovou spole\u010dnost\u00ed a hendikepovan\u00fdmi lidmi. &#8222;Mohl by m\u00edt odezvu i u ostatn\u00edch m\u011bst z cel\u00e9 \u010cesk\u00e9 republiky,&#8220; p\u0159eje si \u0159editelka.<\/p>\n<p>Program byl atraktivn\u011b zpracovan\u00fd, co\u017e mnoh\u00e9 n\u00e1v\u0161t\u011bvn\u00edky opravdu zaujalo.<\/p>\n<p>&#8222;P\u0159i\u0161li jsme se s malou dcerou pod\u00edvat, jeliko\u017e m\u00e1me v rodin\u011b p\u0159\u00edbuzn\u00e9ho s posti\u017een\u00edm. Je to skv\u011bl\u00fd zp\u016fsob jak poznat, \u017ee je d\u016fle\u017eit\u00e9, aby um\u011bla znakovou \u0159e\u010d a \u017ee je to vlastn\u011b z\u00e1bava,&#8220; sv\u011b\u0159ila se krom\u011b\u0159\u00ed\u017esk\u00e1 maminka Veronika \u0160t\u00fdblov\u00e1.<\/p>\n<p>Pozv\u00e1n\u00ed na akci p\u0159ijali nap\u0159\u00edklad studenti z Centra aplikovan\u00fdch pohybov\u00fdch aktivit Univerzity Palack\u00e9ho, ale i poslucha\u010di brn\u011bnsk\u00e9 Jan\u00e1\u010dkovy akademie m\u00fazick\u00fdch um\u011bn\u00ed. &#8222;Kulturn\u00edm vyvrcholen\u00edm akce pak byl koncert souboru The Tap Tap z Jedli\u010dkova \u00fastavu v Praze,&#8220; dodala Jana V\u00edtkov\u00e1.<\/p>\n<p>Fotogalerii a video ze v\u010derej\u0161\u00ed charitativn\u00ed akce si prohl\u00e9dn\u011bte na webu: www.kromerizskydenik.cz<\/p>\n<p>DANIELA ZEDN\u00cd\u010cKOV\u00c1<br \/>\nKrom\u011b\u0159\u00ed\u017esk\u00fd den\u00edk<br \/>\n<a href=\"http:\/\/kromerizsky.denik.cz\/\">http:\/\/kromerizsky.denik.cz\/<\/a><\/p>\n","protected":false},"excerpt":{"rendered":"<div class=\"mh-excerpt\"><p>\u017d\u00e1ci z\u00e1kladn\u00edch a st\u0159edn\u00edch \u0161kol pozn\u00e1vali v Krom\u011b\u0159\u00ed\u017ei \u017eivot a probl\u00e9my handicapovan\u00fdch lid\u00ed. Organiz\u00e1to\u0159i cht\u011bj\u00ed zalo\u017eit novou tradici<\/p>\n<\/div>","protected":false},"author":1,"featured_media":10607,"comment_status":"open","ping_status":"closed","sticky":false,"template":"","format":"standard","meta":{"footnotes":""},"categories":[9],"tags":[],"class_list":["post-24979","post","type-post","status-publish","format-standard","has-post-thumbnail","hentry","category-zpravy"],"_links":{"self":[{"href":"https:\/\/www.invarena.cz\/index.php?rest_route=\/wp\/v2\/posts\/24979","targetHints":{"allow":["GET"]}}],"collection":[{"href":"https:\/\/www.invarena.cz\/index.php?rest_route=\/wp\/v2\/posts"}],"about":[{"href":"https:\/\/www.invarena.cz\/index.php?rest_route=\/wp\/v2\/types\/post"}],"author":[{"embeddable":true,"href":"https:\/\/www.invarena.cz\/index.php?rest_route=\/wp\/v2\/users\/1"}],"replies":[{"embeddable":true,"href":"https:\/\/www.invarena.cz\/index.php?rest_route=%2Fwp%2Fv2%2Fcomments&post=24979"}],"version-history":[{"count":0,"href":"https:\/\/www.invarena.cz\/index.php?rest_route=\/wp\/v2\/posts\/24979\/revisions"}],"wp:featuredmedia":[{"embeddable":true,"href":"https:\/\/www.invarena.cz\/index.php?rest_route=\/wp\/v2\/media\/10607"}],"wp:attachment":[{"href":"https:\/\/www.invarena.cz\/index.php?rest_route=%2Fwp%2Fv2%2Fmedia&parent=24979"}],"wp:term":[{"taxonomy":"category","embeddable":true,"href":"https:\/\/www.invarena.cz\/index.php?rest_route=%2Fwp%2Fv2%2Fcategories&post=24979"},{"taxonomy":"post_tag","embeddable":true,"href":"https:\/\/www.invarena.cz\/index.php?rest_route=%2Fwp%2Fv2%2Ftags&post=24979"}],"curies":[{"name":"wp","href":"https:\/\/api.w.org\/{rel}","templated":true}]}}