{"id":24980,"date":"2016-03-19T11:40:52","date_gmt":"2016-03-19T10:40:52","guid":{"rendered":"http:\/\/www.invarena.cz\/?p=24980"},"modified":"2016-03-19T11:40:52","modified_gmt":"2016-03-19T10:40:52","slug":"krajsky-soud-resi-velky-dotacni-podvod-se-zamestnavanim-handicapovanych-lidi","status":"publish","type":"post","link":"https:\/\/www.invarena.cz\/?p=24980","title":{"rendered":"Krajsk\u00fd soud \u0159e\u0161\u00ed velk\u00fd dota\u010dn\u00ed podvod se zam\u011bstn\u00e1v\u00e1n\u00edm handicapovan\u00fdch lid\u00ed"},"content":{"rendered":"<p><strong>Lid\u00e9 dost\u00e1vali jen \u010d\u00e1st mzdy, zbytek \u0161el pro firmu. Spole\u010dnost nab\u00edrala i lidi, pro kter\u00e9 nem\u011bla pr\u00e1ci. \u0160lo j\u00ed pouze o st\u00e1tn\u00ed p\u0159\u00edsp\u011bvky <\/strong><!--more--><\/p>\n<p>Ostrava \u2013 P\u0159\u00edpad mnohamilionov\u00e9ho dota\u010dn\u00edho podvodu, kter\u00fd se t\u00fdkal zam\u011bstn\u00e1v\u00e1n\u00ed zdravotn\u011b handicapovan\u00fdch lid\u00ed, za\u010dal ve st\u0159edu rozpl\u00e9tat Krajsk\u00fd soud v Ostrav\u011b. \u0160koda byla vy\u010d\u00edslena na 64 miliony korun.<br \/>\nNa lavici ob\u017ealovan\u00fdch usedly t\u0159i \u017eeny z Ostravy, kter\u00e9 p\u016fsobily v ostravsk\u00e9 pobo\u010dce spole\u010dnosti T\u0159ezalka Candle, s. r. o., se s\u00eddlem v Praze. Firma pob\u00edrala p\u0159\u00edsp\u011bvky na zam\u011bstn\u00e1v\u00e1n\u00ed zdravotn\u011b posti\u017een\u00fdch. Vypl\u00e1cela jim v\u0161ak pouze \u010d\u00e1st mzdy. Rozd\u00edl si spole\u010dnost se souhlasem pracovn\u00edk\u016f nechala, \u00fadajn\u011b na pokryt\u00ed dal\u0161\u00edch n\u00e1klad\u016f. Kdo protestoval, dostal v\u00fdpov\u011b\u010f, kterou jako bianco \u0161ek podepsal p\u0159i n\u00e1stupu nebo v pr\u016fb\u011bhu zam\u011bstn\u00e1n\u00ed. Sta\u010dilo jen doplnit datum. Pozd\u011bji firma dokonce za\u010dala nab\u00edrat handicapovan\u00e9 zam\u011bstnance, pro kter\u00e9 nem\u011bla pr\u00e1ci. To v\u0161e kv\u016fli st\u00e1tn\u00edm p\u0159\u00edsp\u011bvk\u016fm.<br \/>\nHlavn\u00edm ob\u017ealovan\u00fdm je extern\u00ed spolupracovnice Eva Krih\u00e1kov\u00e1. Ve firm\u011b, kter\u00e1 pro\u0161la n\u011bkolika vlastnick\u00fdmi i dal\u0161\u00edmi zm\u011bnami, p\u016fsobila v pozici mzdov\u00e9 \u00fa\u010detn\u00ed a personalistky. Nejprve coby kmenov\u00e1 zam\u011bstnankyn\u011b, pozd\u011bji jako extern\u00ed spolupracovn\u00edk se zplnomocn\u011bn\u00edm ud\u011blen\u00fdm pra\u017eskou centr\u00e1lou.<br \/>\nPr\u00e1v\u011b Krih\u00e1kov\u00e1 pod\u00e1vala na ostravskou pobo\u010dku \u00fa\u0159adu pr\u00e1ce \u017e\u00e1dosti o p\u0159\u00edsp\u011bvky. &#8222;\u017d\u00e1dala o p\u0159\u00edsp\u011bvky na podporu zam\u011bstn\u00e1v\u00e1n\u00ed osob se zdravotn\u00edm posti\u017een\u00edm, p\u0159esto\u017ee v\u011bd\u011bla, \u017ee \u00fadaje jsou nepravdiv\u00e9, nebo\u0165 mzdov\u00e9 n\u00e1klady v deklarovan\u00e9 v\u00fd\u0161i nevznikly. \u00da\u010delem bylo toliko inkaso zm\u00edn\u011bn\u00e9ho p\u0159\u00edsp\u011bvku bez jak\u00e9koliv spojitosti s pracovn\u00ed \u010dinnost\u00ed zam\u011bstnance,&#8220; uvedl st\u00e1tn\u00ed z\u00e1stupce.<br \/>\nSpolu s Krih\u00e1kovou \u010del\u00ed \u017ealob\u011b i dv\u011b zam\u011bstnankyn\u011b firmy \u2013 Hana Vlachynsk\u00e1 a Monika Blahutov\u00e1. &#8222;Po zdravotn\u011b posti\u017een\u00fdch zam\u011bstnanc\u00edch m\u011bly p\u0159i vypl\u00e1cen\u00ed mzdy po\u017eadovat podeps\u00e1n\u00ed \u010destn\u00e9ho prohl\u00e1\u0161en\u00ed o \u0159\u00e1dn\u00e9m p\u0159evzet\u00ed v\u00fdplaty, v\u00fdplatn\u00edho l\u00edstku a v\u00fdplatnice, kde byla uvedena \u010d\u00e1stka vy\u0161\u0161\u00ed, ne\u017e skute\u010dn\u011b vyplacen\u00e1,&#8220; prohl\u00e1sil \u017ealobce s t\u00edm, \u017ee ob\u011b \u017eeny pr\u00fd dob\u0159e v\u011bd\u011bly, \u017ee n\u011bkte\u0159\u00ed zam\u011bstnanci odpracovali pouze \u010d\u00e1st stanoven\u00e9 m\u011bs\u00ed\u010dn\u00ed pracovn\u00ed doby nebo nepracovali v\u016fbec. <\/p>\n<p>To ti Pra\u017e\u00e1ci <\/p>\n<p>K \u00fadajn\u00fdm podvod\u016fm m\u011blo doch\u00e1zet od roku 2010 do roku 2012. Krih\u00e1kov\u00e1 p\u0159i v\u00fdslechu uvedla, \u017ee \u017e\u00e1dosti o p\u0159\u00edsp\u011bvky skute\u010dn\u011b pod\u00e1vala ona. Jak ale zd\u016fraznila, \u010dinila tak pouze na p\u0159\u00edkaz majitel\u016f z pra\u017esk\u00e9 centr\u00e1ly. &#8222;V kraji byla nezam\u011bstnanost a j\u00e1 byla r\u00e1da, \u017ee m\u00e1m pr\u00e1ci. Nem\u011bla jsem dispozi\u010dn\u00ed pr\u00e1va k \u00fa\u010dt\u016fm, pen\u00edze chodily na \u00fa\u010det firmy,&#8220; \u0159ekla Krih\u00e1kov\u00e1. Z jej\u00edch dal\u0161\u00edch slov vypnulo, \u017ee dob\u0159e v\u011bd\u011bla o podivn\u00fdch praktik\u00e1ch ve spole\u010dnosti, kter\u00e1 zdravotn\u011b handicapovan\u00fdm nab\u00edzela mimo jin\u00e9 pr\u00e1ci p\u0159i v\u00fdrob\u011b sv\u00ed\u010dek.<br \/>\n&#8222;V\u0161e bylo na \u017e\u00e1dost majitel\u016f firmy. D\u011blala jsem to, co se mi p\u0159ik\u00e1zalo,&#8220; h\u00e1jila se Krih\u00e1kov\u00e1 s t\u00edm, \u017ee zpo\u010d\u00e1tku nebyla o pr\u00e1ci pro zdravotn\u011b posti\u017een\u00e9 nouze. &#8222;Ze za\u010d\u00e1tku bylo pr\u00e1ce dost. Hlavn\u011b pro sv\u00ed\u010d\u00e1\u0159ky,&#8220; vypov\u011bd\u011bla. Postupn\u011b ale zak\u00e1zek ub\u00fdvalo. P\u0159esto majitel\u00e9 cht\u011bli, aby spole\u010dnost nab\u00edrala dal\u0161\u00ed lidi. &#8222;P\u0159\u00edkaz zn\u011bl: nab\u00edrat, nab\u00edrat, nab\u00edrat,&#8220; dodala Krih\u00e1kov\u00e1.<br \/>\nLid\u00e9 m\u011bli dostat \u010distou mzdu kolem 5800 korun. Ve skute\u010dnosti jim ale firma vypl\u00e1cela od 2000 do 4500 korun. N\u011bkolik lid\u00ed proti takov\u00fdm praktik\u00e1m protestovalo. &#8222;Vysv\u011btlila jsem jim to tak, \u017ee jestli se jim to nel\u00edb\u00ed, tak mohou skon\u010dit. Byl to p\u0159\u00edkaz z Prahy,&#8220; prohl\u00e1sila ob\u017ealovan\u00e1. <\/p>\n<p>Nejprve na ruku, pak na \u00fa\u010det <\/p>\n<p>&#8222;Osekan\u00e9&#8220; mzdy se nejprve vypl\u00e1cely p\u0159\u00edmo na ruku. Situace se zkomplikovala ve chv\u00edli, kdy se mzdy musely pos\u00edlat na \u00fa\u010det. &#8222;Pro rozd\u00edl se jezdilo za nimi dom\u016f. Semtam se na\u0161el n\u011bkdo, kdo to nevr\u00e1til. Pak n\u00e1sledovalo ukon\u010den\u00ed pracovn\u00edho pom\u011bru,&#8220; vysv\u011btlila Krih\u00e1kov\u00e1 s t\u00edm, \u017ee lid\u00e9 p\u0159i n\u00e1stupu nebo v pr\u016fb\u011bhu zam\u011bstn\u00e1n\u00ed podepisovali dohodu o ukon\u010den\u00ed pracovn\u00edho pom\u011bru, kde chyb\u011blo pouze datum. &#8222;Byla to takov\u00e1 pojistka. Kdyby se n\u011bco stalo, nap\u0159\u00edklad kdyby nebyla pr\u00e1ce, tak se ukon\u010d\u00ed pr\u00e1ce dohodou,&#8220; p\u0159ibl\u00ed\u017eila praktiky firmy Krih\u00e1kov\u00e1, kter\u00e1 se podivovala nad t\u00edm, \u017ee se p\u0159\u00edpadem zab\u00fdv\u00e1 Krajsk\u00fd soud v Ostrav\u011b. &#8222;Nech\u00e1pu, \u017ee tady je vyta\u017eeno n\u011bjak\u00e9 obdob\u00ed 2010 a\u017e 2012,&#8220; prohl\u00e1sila Krih\u00e1kov\u00e1, podle kter\u00e9 jsou majitel\u00e9 v sou\u010dasn\u00e9 dob\u011b st\u00edh\u00e1ni v Praze, a to za obdob\u00ed 2008 a\u017e 2012. &#8222;Je to za stejn\u00e9 dotace,&#8220; kroutila hlavou Krih\u00e1kov\u00e1.<br \/>\nDal\u0161\u00ed dv\u011b ob\u017ealovan\u00e9 \u2013 Vlachynsk\u00e1 a Blahutov\u00e1 \u2013 vyu\u017eily sv\u00e9ho pr\u00e1va a odm\u00edtly vypov\u00eddat. Jak dlouho hlavn\u00ed l\u00ed\u010den\u00ed potrv\u00e1, nen\u00ed jasn\u00e9. Spis m\u00e1 n\u011bkolik tis\u00edc stran, p\u0159edvol\u00e1ni budou z\u0159ejm\u011b i zdravotn\u011b handicapovan\u00ed zam\u011bstnanci, aby soudu popsali, co se ve firm\u011b d\u011blo.<br \/>\nOb\u017ealovan\u00fdm v p\u0159\u00edpad\u011b uzn\u00e1n\u00ed viny hroz\u00ed a\u017e deset let v\u011bzen\u00ed.<\/p>\n<p>JAROSLAV PERDOCH<br \/>\nMoravskoslezsk\u00fd den\u00edk<br \/>\n<a href=\"http:\/\/www.moravskoslezsky.denik.cz\/\">http:\/\/www.moravskoslezsky.denik.cz\/<\/a><\/p>\n","protected":false},"excerpt":{"rendered":"<div class=\"mh-excerpt\"><p>Lid\u00e9 dost\u00e1vali jen \u010d\u00e1st mzdy, zbytek \u0161el pro firmu. Spole\u010dnost nab\u00edrala i lidi, pro kter\u00e9 nem\u011bla pr\u00e1ci. \u0160lo j\u00ed pouze o st\u00e1tn\u00ed p\u0159\u00edsp\u011bvky<\/p>\n<\/div>","protected":false},"author":1,"featured_media":19486,"comment_status":"open","ping_status":"closed","sticky":false,"template":"","format":"standard","meta":{"footnotes":""},"categories":[9],"tags":[],"class_list":["post-24980","post","type-post","status-publish","format-standard","has-post-thumbnail","hentry","category-zpravy"],"_links":{"self":[{"href":"https:\/\/www.invarena.cz\/index.php?rest_route=\/wp\/v2\/posts\/24980","targetHints":{"allow":["GET"]}}],"collection":[{"href":"https:\/\/www.invarena.cz\/index.php?rest_route=\/wp\/v2\/posts"}],"about":[{"href":"https:\/\/www.invarena.cz\/index.php?rest_route=\/wp\/v2\/types\/post"}],"author":[{"embeddable":true,"href":"https:\/\/www.invarena.cz\/index.php?rest_route=\/wp\/v2\/users\/1"}],"replies":[{"embeddable":true,"href":"https:\/\/www.invarena.cz\/index.php?rest_route=%2Fwp%2Fv2%2Fcomments&post=24980"}],"version-history":[{"count":0,"href":"https:\/\/www.invarena.cz\/index.php?rest_route=\/wp\/v2\/posts\/24980\/revisions"}],"wp:featuredmedia":[{"embeddable":true,"href":"https:\/\/www.invarena.cz\/index.php?rest_route=\/wp\/v2\/media\/19486"}],"wp:attachment":[{"href":"https:\/\/www.invarena.cz\/index.php?rest_route=%2Fwp%2Fv2%2Fmedia&parent=24980"}],"wp:term":[{"taxonomy":"category","embeddable":true,"href":"https:\/\/www.invarena.cz\/index.php?rest_route=%2Fwp%2Fv2%2Fcategories&post=24980"},{"taxonomy":"post_tag","embeddable":true,"href":"https:\/\/www.invarena.cz\/index.php?rest_route=%2Fwp%2Fv2%2Ftags&post=24980"}],"curies":[{"name":"wp","href":"https:\/\/api.w.org\/{rel}","templated":true}]}}