{"id":24984,"date":"2016-03-18T10:47:21","date_gmt":"2016-03-18T09:47:21","guid":{"rendered":"http:\/\/www.invarena.cz\/?p=24984"},"modified":"2016-03-18T10:47:21","modified_gmt":"2016-03-18T09:47:21","slug":"jindrichuv-hradec-devet-let-odolaval-nevidomym-nyni-musi-prestavet-namesti","status":"publish","type":"post","link":"https:\/\/www.invarena.cz\/?p=24984","title":{"rendered":"Jind\u0159ich\u016fv Hradec dev\u011bt let odol\u00e1val nevidom\u00fdm, nyn\u00ed mus\u00ed p\u0159estav\u011bt n\u00e1m\u011bst\u00ed"},"content":{"rendered":"<p><strong>Po dev\u00edti letech boje s nevidom\u00fdmi lidmi mus\u00ed radnice Jind\u0159ichova Hradce nechat upravit Masarykovo n\u00e1m\u011bst\u00ed. Jsou na n\u011bm vodic\u00ed p\u00e1sy z materi\u00e1lu, kter\u00fd nevidom\u00ed jen st\u011b\u017e\u00ed poznaj\u00ed a nedok\u00e1\u017eou se pak orientovat. M\u011bsto ale s opravou \u010dekalo, dokud mu to nena\u0159\u00eddil soud.<\/strong><!--more--><\/p>\n<p>Cesta \u010dlov\u011bka odk\u00e1zan\u00e9ho na b\u00edlou h\u016fl po chodn\u00edku k p\u0159echodu pro chodce na jind\u0159ichohradeck\u00e9m n\u00e1m\u011bst\u00ed m\u016f\u017ee snadno skon\u010dit docela jinde \u2013 t\u0159eba i pod koly auta. Jako nav\u00e1d\u011bc\u00ed p\u00e1sy maj\u00ed slou\u017eit \u017eulov\u00e9 pruhy. Nevidom\u00ed se na nich v\u0161ak nedok\u00e1\u017e\u00ed udr\u017eet, jak n\u00e1zorn\u011b p\u0159edvedl \u010cesk\u00e9 televizi Ale\u0161 Klabouch, kter\u00fd ztratil zrak ve sv\u00fdch 14 letech. &#8222;Ohro\u017euje to bezpe\u010dnost,&#8220; podotkl.<\/p>\n<p>Kdy\u017e probl\u00e9m vy\u0161el najevo, radnice odm\u00edtla p\u00e1sy rychle upravit. Cht\u011bla sly\u0161et jednozna\u010dn\u00fd verdikt o pochyben\u00ed a \u010dekala na n\u011bj dev\u011bt let. Nyn\u00ed ji\u017e m\u011bsto p\u0159ipravuje projekt nov\u00fdch nav\u00e1d\u011bc\u00edch lini\u00ed, samotnou v\u00fdm\u011bnu chyst\u00e1 nap\u0159esrok.<\/p>\n<p>M\u00edstostarosta Bohum\u00edl Kom\u00ednek (\u010cSSD) ov\u0161em upozornil, \u017ee se m\u011bsto z probl\u00e9m\u016f na Masarykov\u011b n\u00e1m\u011bst\u00ed p\u0159ece jenom pou\u010dilo. &#8222;Od t\u00e9 doby se sna\u017e\u00edme d\u011blat v\u0161echny nov\u00e9 rekonstrukce podle vyhl\u00e1\u0161ky. To znamen\u00e1, vodic\u00ed linie d\u011bl\u00e1me tak, jak by m\u011bly b\u00fdt,&#8220; \u0159ekl. To potvrdil i Ale\u0161 Klabouch u p\u0159echodu nedaleko n\u00e1m\u011bst\u00ed. &#8222;Te\u010f jsme na p\u00e1su, kter\u00fd odpov\u00edd\u00e1 na\u0161im norm\u00e1m,&#8220; rozpoznal ihned typickou plastickou dla\u017ebu, kter\u00e1 je \u2013 na rozd\u00edl od hladk\u00e9 \u017euly \u2013 nezam\u011bniteln\u00e1.<\/p>\n<p>\u010ct24<\/p>\n","protected":false},"excerpt":{"rendered":"<div class=\"mh-excerpt\"><p>Po dev\u00edti letech boje s nevidom\u00fdmi lidmi mus\u00ed radnice Jind\u0159ichova Hradce nechat upravit Masarykovo n\u00e1m\u011bst\u00ed. Jsou na n\u011bm vodic\u00ed p\u00e1sy z materi\u00e1lu, kter\u00fd nevidom\u00ed jen <a class=\"mh-excerpt-more\" href=\"https:\/\/www.invarena.cz\/?p=24984\" title=\"Jind\u0159ich\u016fv Hradec dev\u011bt let odol\u00e1val nevidom\u00fdm, nyn\u00ed mus\u00ed p\u0159estav\u011bt n\u00e1m\u011bst\u00ed\">[&#8230;]<\/a><\/p>\n<\/div>","protected":false},"author":1,"featured_media":21011,"comment_status":"open","ping_status":"closed","sticky":false,"template":"","format":"standard","meta":{"footnotes":""},"categories":[9],"tags":[],"class_list":["post-24984","post","type-post","status-publish","format-standard","has-post-thumbnail","hentry","category-zpravy"],"_links":{"self":[{"href":"https:\/\/www.invarena.cz\/index.php?rest_route=\/wp\/v2\/posts\/24984","targetHints":{"allow":["GET"]}}],"collection":[{"href":"https:\/\/www.invarena.cz\/index.php?rest_route=\/wp\/v2\/posts"}],"about":[{"href":"https:\/\/www.invarena.cz\/index.php?rest_route=\/wp\/v2\/types\/post"}],"author":[{"embeddable":true,"href":"https:\/\/www.invarena.cz\/index.php?rest_route=\/wp\/v2\/users\/1"}],"replies":[{"embeddable":true,"href":"https:\/\/www.invarena.cz\/index.php?rest_route=%2Fwp%2Fv2%2Fcomments&post=24984"}],"version-history":[{"count":0,"href":"https:\/\/www.invarena.cz\/index.php?rest_route=\/wp\/v2\/posts\/24984\/revisions"}],"wp:featuredmedia":[{"embeddable":true,"href":"https:\/\/www.invarena.cz\/index.php?rest_route=\/wp\/v2\/media\/21011"}],"wp:attachment":[{"href":"https:\/\/www.invarena.cz\/index.php?rest_route=%2Fwp%2Fv2%2Fmedia&parent=24984"}],"wp:term":[{"taxonomy":"category","embeddable":true,"href":"https:\/\/www.invarena.cz\/index.php?rest_route=%2Fwp%2Fv2%2Fcategories&post=24984"},{"taxonomy":"post_tag","embeddable":true,"href":"https:\/\/www.invarena.cz\/index.php?rest_route=%2Fwp%2Fv2%2Ftags&post=24984"}],"curies":[{"name":"wp","href":"https:\/\/api.w.org\/{rel}","templated":true}]}}