{"id":24993,"date":"2016-03-21T17:06:14","date_gmt":"2016-03-21T16:06:14","guid":{"rendered":"http:\/\/www.invarena.cz\/?p=24993"},"modified":"2016-03-21T17:06:14","modified_gmt":"2016-03-21T16:06:14","slug":"vyprava-abilympioniku-touzi-po-medailich-z-bordeaux","status":"publish","type":"post","link":"https:\/\/www.invarena.cz\/?p=24993","title":{"rendered":"V\u00fdprava abilympionik\u016f tou\u017e\u00ed po medail\u00edch z Bordeaux"},"content":{"rendered":"<p><strong>V osmi\u010dlenn\u00e9m reprezenta\u010dn\u00edm dru\u017estvu nechyb\u011bj\u00ed ani dva z\u00e1stupci v\u00fdchodn\u00edch \u010cech: Jan Venzara a Vladim\u00edr Zrna<\/strong> <!--more--><\/p>\n<p>Pardubice \u2013 U\u017e podev\u00e1t\u00e9 se uskute\u010dn\u00ed mezin\u00e1rodn\u00ed abilympi\u00e1da, kter\u00e1 je p\u0159ehl\u00eddkou pracovn\u00edch i volno\u010dasov\u00fdch schopnost\u00ed a dovednost\u00ed osob se zdravotn\u00edm posti\u017een\u00edm. Sv\u011btov\u00e9 kl\u00e1n\u00ed se kon\u00e1 od 22. do 27. b\u0159ezna ve francouzsk\u00e9m Bordeaux. \u010cesk\u00fd reprezenta\u010dn\u00ed t\u00fdm zformovala \u010cesk\u00e1 abilympijsk\u00e1 asociace, kter\u00e1 u\u017e t\u00e9m\u011b\u0159 \u010dtvrt stolet\u00ed po\u0159\u00e1d\u00e1 n\u00e1rodn\u00ed abilympi\u00e1dy.<\/p>\n<p>\u0158ezb\u00e1\u0159 chce usp\u011bt<\/p>\n<p>Program Sv\u011btov\u00e9 abilympi\u00e1dy nab\u00edz\u00ed rekordn\u00ed po\u010det discipl\u00edn \u2013 celkem dev\u011bta\u010dty\u0159icet. &#8222;Po\u0159adatel\u00e9 je rozd\u011blili do \u0161esti skupin \u2013 t\u0159in\u00e1ct se v\u00e1\u017ee k \u0159emesl\u016fm, stejn\u00fd po\u010det k v\u00fdpo\u010detn\u00ed technice a kreativit\u011b, jeden\u00e1ct k pr\u016fmyslu, dev\u011bt ke slu\u017eb\u00e1m a t\u0159i ke stravov\u00e1n\u00ed,&#8220; up\u0159esnil vedouc\u00ed \u010desk\u00e9 v\u00fdpravy Jarom\u00edr Krp\u00e1lek mlad\u0161\u00ed.<\/p>\n<p>P\u0159edstavit by se v nich m\u011bli reprezentanti 39 zem\u00ed \u2013 osmn\u00e1ct n\u00e1rodn\u00edch v\u00fdprav vys\u00edl\u00e1 Asie, jeden\u00e1ct Evropa, \u0161est Afrika,t\u0159i americk\u00e9 kontinenty a jednu Austr\u00e1lie. O\u010dek\u00e1v\u00e1 se rekordn\u00ed \u00fa\u010dast p\u0159es 700 sout\u011b\u017e\u00edc\u00edch. \u010cesk\u00e1 v\u00fdprava m\u00e1 osm sout\u011b\u017e\u00edc\u00edch a zastoupen\u00ed bude m\u00edt i ve sboru rozhod\u010d\u00edch.<\/p>\n<p>V\u00fdchodn\u00ed \u010cechy budou zastupovat Vladim\u00edr Zrna z Pobytov\u00e9ho rehabilita\u010dn\u00edho a rekvalifika\u010dn\u00edho st\u0159ediska pro nevidom\u00e9 D\u011bdina, kter\u00fd bude sout\u011b\u017eit v mont\u00e1\u017ei po\u010d\u00edta\u010de, a Jan Venzara ze S\u0160, Z\u0160, M\u0160 \u0160tef\u00e1nikova Hradec Kr\u00e1lov\u00e9, bude o medaile usilovat v d\u0159evo\u0159ezb\u011b.<\/p>\n<p>Mu\u017e, kter\u00fd chod\u00ed do speci\u00e1ln\u00ed \u0161koly pro nesly\u0161\u00edc\u00ed, vyhr\u00e1l tuto discipl\u00ednu v posledn\u00edch dvou letech na n\u00e1rodn\u00ed abilympi\u00e1d\u011b v Pardubic\u00edch: &#8222;Sna\u017e\u00edm se vyu\u017e\u00edt ka\u017ed\u00e9 voln\u00e9 chvilky a tr\u00e9nuju \u2013 vy\u0159ez\u00e1v\u00e1m r\u016fzn\u00e9 ornamenty, r\u00e1me\u010dky a reli\u00e9fy. Necht\u011bl bych ud\u011blat ostudu a ve Francii, kam se hodn\u011b t\u011b\u0161\u00edm, ve velk\u00e9 konkurenci usp\u011bt,&#8220; \u0159ekl.<\/p>\n<p>Nevidom\u00fd mont\u00e9r<\/p>\n<p>Tak\u00e9 rod\u00e1k ze \u017damberka Vladim\u00edr Zrna sv\u00fdmi v\u00fdkony v mont\u00e1\u017ei \u010di dr\u00e1tov\u00e1n\u00ed udivoval na minul\u00fdch n\u00e1rodn\u00edch abilympi\u00e1d\u00e1ch. &#8222;Na tak velkou sv\u011btovou akci jedu poprv\u00e9. Po\u0159\u00eddil jsem si \u0159adu sou\u010d\u00e1stek a doma tr\u00e9nuju, snad se mn\u011b poda\u0159\u00ed se prosadit,&#8220; uvedl abilympionik.<\/p>\n<p>\u010cesko budou reprezentovat tak\u00e9 Helena Nejedl\u00e1 z Krnova v malb\u011b na hedv\u00e1b\u00ed, Martina Ma\u0161kov\u00e1 z Plzn\u011b ve vy\u0161\u00edv\u00e1n\u00ed, Anton Koz\u00e1k z Prahy a Jaroslav Wojnar z Palkovic v ko\u0161\u00edk\u00e1\u0159stv\u00ed, Jan Wenemoser z Led\u010de nad S\u00e1zavou v extern\u00ed fotografii a Milan \u0160ev\u010d\u00edk z Prost\u011bjova v keramice.<\/p>\n<p>Cesta na Sv\u011btovou abilympi\u00e1du v\u0161ak nen\u00ed zadarmo, ka\u017ed\u00fd reprezentant si musel nezbytn\u00e9 finance sehnat. &#8222;Jsem r\u00e1d, \u017ee se poda\u0159ilo pen\u00edze d\u00e1t dohromady,&#8220; \u0159\u00edk\u00e1 spokojen\u011b Jan Venzara a p\u0159id\u00e1v\u00e1: &#8222;M\u016fj velk\u00fd d\u00edk pat\u0159\u00ed Krajsk\u00e9mu \u00fa\u0159adu Pardubick\u00e9ho kraje, prim\u00e1torovi m\u011bsta Hradec Kr\u00e1lov\u00e9 Zde\u0148ku Finkovi a panu Janu Lep\u0161ovi. Moje \u0161kola mn\u011b darovala kvalitn\u00ed lipov\u00e9 d\u0159evo, zap\u016fj\u010dila pracovn\u00ed st\u016fl a kvalitn\u00ed \u0159ezb\u00e1\u0159sk\u00e9 n\u00e1stroje. Tohle \u0159emeslo m\u00e1m moc r\u00e1d, je to m\u016fj velk\u00fd kon\u00ed\u010dek a cht\u011bl bych se mu v budoucnu v\u011bnovat.&#8220;<\/p>\n<p>Pomoci se dostalo Vladim\u00edru Zrnovi: &#8222;S finan\u010dn\u00edm kryt\u00edm mn\u011b pomohla grantov\u00e1 komise Nada\u010dn\u00edho fondu \u010cesk\u00e9ho rozhlasu Sv\u011btlu\u0161ka za zna\u010dn\u00e9 pomoci \u0159editelky st\u0159ediska D\u011bdina Nad\u011b\u017edy Modr\u00e1\u010dkov\u00e9.&#8220;<\/p>\n<p>Nadvl\u00e1da Asie Nadvl\u00e1du v abilympijsk\u00fdch discipl\u00edn\u00e1ch maj\u00ed asijsk\u00e9 zem\u011b. Na minul\u00e9 sout\u011b\u017ei v jihokorejsk\u00e9m Soulu v 33 \u0159emesln\u00fdch a sedmi volno\u010dasov\u00fdch discipl\u00edn\u00e1ch dos\u00e1hli z Evropan\u016f na medaile pouze \u010dty\u0159i. Dva Raku\u0161an\u00e9 z\u00edskali st\u0159\u00edbro za studiovou fotografii a d\u0159evo\u0159ezbu, jeden Francouz bronz za tvorbu webov\u00fdch str\u00e1nek a Slovenka Eva Vil\u00edmov\u00e1 bronz za pleten\u00ed.<\/p>\n<p>Hradeck\u00fd den\u00edk<br \/>\n<a href=\"http:\/\/hradecky.denik.cz\/\">http:\/\/hradecky.denik.cz\/<\/a><\/p>\n","protected":false},"excerpt":{"rendered":"<div class=\"mh-excerpt\"><p>V osmi\u010dlenn\u00e9m reprezenta\u010dn\u00edm dru\u017estvu nechyb\u011bj\u00ed ani dva z\u00e1stupci v\u00fdchodn\u00edch \u010cech: Jan Venzara a Vladim\u00edr Zrna<\/p>\n<\/div>","protected":false},"author":1,"featured_media":13666,"comment_status":"open","ping_status":"closed","sticky":false,"template":"","format":"standard","meta":{"footnotes":""},"categories":[9],"tags":[],"class_list":["post-24993","post","type-post","status-publish","format-standard","has-post-thumbnail","hentry","category-zpravy"],"_links":{"self":[{"href":"https:\/\/www.invarena.cz\/index.php?rest_route=\/wp\/v2\/posts\/24993","targetHints":{"allow":["GET"]}}],"collection":[{"href":"https:\/\/www.invarena.cz\/index.php?rest_route=\/wp\/v2\/posts"}],"about":[{"href":"https:\/\/www.invarena.cz\/index.php?rest_route=\/wp\/v2\/types\/post"}],"author":[{"embeddable":true,"href":"https:\/\/www.invarena.cz\/index.php?rest_route=\/wp\/v2\/users\/1"}],"replies":[{"embeddable":true,"href":"https:\/\/www.invarena.cz\/index.php?rest_route=%2Fwp%2Fv2%2Fcomments&post=24993"}],"version-history":[{"count":0,"href":"https:\/\/www.invarena.cz\/index.php?rest_route=\/wp\/v2\/posts\/24993\/revisions"}],"wp:featuredmedia":[{"embeddable":true,"href":"https:\/\/www.invarena.cz\/index.php?rest_route=\/wp\/v2\/media\/13666"}],"wp:attachment":[{"href":"https:\/\/www.invarena.cz\/index.php?rest_route=%2Fwp%2Fv2%2Fmedia&parent=24993"}],"wp:term":[{"taxonomy":"category","embeddable":true,"href":"https:\/\/www.invarena.cz\/index.php?rest_route=%2Fwp%2Fv2%2Fcategories&post=24993"},{"taxonomy":"post_tag","embeddable":true,"href":"https:\/\/www.invarena.cz\/index.php?rest_route=%2Fwp%2Fv2%2Ftags&post=24993"}],"curies":[{"name":"wp","href":"https:\/\/api.w.org\/{rel}","templated":true}]}}