{"id":24994,"date":"2016-03-21T17:21:50","date_gmt":"2016-03-21T16:21:50","guid":{"rendered":"http:\/\/www.invarena.cz\/?p=24994"},"modified":"2016-03-21T17:21:50","modified_gmt":"2016-03-21T16:21:50","slug":"kazdy-dela-co-zvladne-a-co-ho-bavi-jsme-takova-manufaktura","status":"publish","type":"post","link":"https:\/\/www.invarena.cz\/?p=24994","title":{"rendered":"Ka\u017ed\u00fd d\u011bl\u00e1, co zvl\u00e1dne a co ho bav\u00ed, jsme takov\u00e1 manufaktura"},"content":{"rendered":"<p><strong>Mezi st\u00e1nky \u0159ezb\u00e1\u0159\u016f, \u0161perka\u0159\u016f, mistr\u016f lidov\u00e9 tvorby a dal\u0161\u00edch \u0159emesln\u00edk\u016f, kte\u0159\u00ed v m\u011blnick\u00e9m muzeu p\u0159edv\u00e1d\u011bli sv\u00e9 um\u011bn\u00ed, byl i st\u00e1nek, u n\u011bho\u017e si z\u00e1jemci mohli zakoupit ru\u010dn\u011b \u0161it\u00e9 hra\u010dky nejr\u016fzn\u011bj\u0161\u00edch tvar\u016f, barev a velikost\u00ed, z\u00e1v\u011bsn\u00e9 dekorace a v\u011b\u0161\u00e1\u010dky z kuchy\u0148sk\u00fdch prk\u00e9nek, d\u0159ev\u011bn\u00e9 zaj\u00ed\u010dky nebo t\u0159eba z pap\u00edru upleten\u00e9 ko\u0161\u00ed\u010dky ve tvaru krocan\u016f. Vlastnoru\u010dn\u011b je vytvo\u0159ili ment\u00e1ln\u011b posti\u017een\u00ed lid\u00e9, kte\u0159\u00ed \u017eij\u00ed a pracuj\u00ed v chr\u00e1n\u011bn\u00e9m bydlen\u00ed Domov v Nebu\u017eel\u00edch, je\u017e vede \u0159editelka Zde\u0148ka Vl\u010dkov\u00e1.<\/strong><!--more--><\/p>\n<p>&#8211; Kolik u\u017eivatel\u016f moment\u00e1ln\u011b Domov ob\u00fdv\u00e1 a pod\u00edl\u00ed se na tvorb\u011b v\u00fdrobk\u016f?<\/p>\n<p>Celkov\u00e1 kapacita chr\u00e1n\u011bn\u00e9ho bydlen\u00ed je osm m\u00edst, slu\u017ebu nyn\u00ed u\u017e\u00edv\u00e1 sedm klient\u016f. Do d\u00edlny, kde zde prod\u00e1van\u00e9 v\u00fdrobky tvo\u0159\u00edme, doch\u00e1z\u00ed \u010dty\u0159i z nich. Ostatn\u00ed se p\u0159edev\u0161\u00edm z d\u016fvodu sv\u00e9ho posti\u017een\u00ed pod\u00edlej\u00ed men\u0161\u00edmi v\u011bcmi, nap\u0159\u00edklad tisknou obr\u00e1zky na pytl\u00ed\u010dky. Nevydr\u017e\u00ed toti\u017e p\u0159\u00edli\u0161 dlouho udr\u017eet pozornost.<\/p>\n<p>&#8211; Pro\u010d nen\u00ed kapacita napln\u011bn\u00e1?<\/p>\n<p>Posledn\u00ed voln\u00e9 m\u00edsto u\u017e n\u011bjak\u00fd \u010das obsazujeme klienty, kte\u0159\u00ed po n\u011bjak\u00e9 dob\u011b zjist\u00ed, \u017ee tento zp\u016fsob \u017eivota pro n\u011b nen\u00ed vhodn\u00fd nebo odpov\u00eddaj\u00edc\u00ed. Anebo k n\u00e1m p\u0159ijdou jenom na p\u0159echodnou dobu, aby se stabilizovali.<\/p>\n<p>&#8211; Co v\u0161echno u\u017eivatel\u00e9 va\u0161eho chr\u00e1n\u011bn\u00e9ho bydlen\u00ed v d\u00edln\u011b d\u011blaj\u00ed?<\/p>\n<p>Hodn\u011b vyr\u00e1b\u00edme l\u00e1tkov\u00e9 hra\u010dky, se kter\u00fdmi jsme p\u0159ed mnoha lety za\u010d\u00ednali. Jinak d\u011bl\u00e1me hlavn\u011b sezonn\u00ed v\u00fdrobky, proto\u017ee jezd\u00edme pr\u00e1v\u011b o Velikonoc\u00edch a V\u00e1noc\u00edch na trhy, a\u0165 u\u017e sem do M\u011bln\u00edka, do M\u0161ena nebo t\u0159eba na Choru\u0161ickou pou\u0165. Letos jsme byli poprv\u00e9 tak\u00e9 na Koko\u0159\u00edn\u011b.<\/p>\n<p>&#8211; Po\u0159\u00e1d\u00e1te i p\u0159\u00edmo v Domov\u011b n\u011bjak\u00e9 prodejn\u00ed trhy?<\/p>\n<p>D\u0159\u00edv jsme to d\u011blali, ale posledn\u00edch p\u00e1r let jsme od toho upustili. Ale letos se k tomu mo\u017en\u00e1 zase vr\u00e1t\u00edme, r\u00e1di bychom uspo\u0159\u00e1dali den otev\u0159en\u00fdch dve\u0159\u00ed, kde bychom se p\u0159edstavili ve\u0159ejnosti a odprezentovali tam v\u00fdrobky na\u0161ich u\u017eivatel\u016f. Loni to toti\u017e bylo deset let od zprovozn\u011bn\u00ed Domova, ale nestihli jsme to oslavit, tak bychom to mohli tento rok napravit.<\/p>\n<p>&#8211; Kam chod\u00edte na n\u00e1pady na nov\u00e9 v\u00fdrobky?<\/p>\n<p>M\u00e1me \u00fa\u017easnou kolegyni, kter\u00e1 p\u0159ich\u00e1z\u00ed s mnoha n\u00e1pady nap\u0159\u00edklad z internetu. Ale p\u0159isp\u011bt se sna\u017e\u00ed ka\u017ed\u00fd z n\u00e1s, v\u0161ichni se kouk\u00e1me kolem a kdy\u017e naraz\u00edme na n\u011bco zaj\u00edmav\u00e9ho, sna\u017e\u00edme se to zrealizovat. Ob\u010das to ale od n\u00e1padu k realizaci trv\u00e1 i n\u011bkolik let.<\/p>\n<p>&#8211; Jak vlastn\u011b v\u00fdroba t\u0159eba takov\u00e9ho l\u00e1tkov\u00e9ho kon\u00ed\u010dka vypad\u00e1?<\/p>\n<p>M\u00e1me moc \u0161ikovnou pan\u00ed, kter\u00e1 hrozn\u011b r\u00e1da \u0161ije. V ruce, ne na stroji, tak\u017ee ta kon\u00ed\u010dky u\u0161ije. Dal\u0161\u00ed dva klienti je vycp\u00e1vaj\u00ed dut\u00fdm vl\u00e1knem a posledn\u00ed se s asistentkou pod\u00edl\u00ed na st\u0159\u00edh\u00e1n\u00ed vlny a jej\u00edm spl\u00e9t\u00e1n\u00ed do tvaru h\u0159\u00edvy. Je to vlastn\u011b takov\u00e1 manufaktura, ka\u017ed\u00fd d\u011bl\u00e1, co zvl\u00e1dne a co ho bav\u00ed. Na\u0161\u00edm c\u00edlem nen\u00ed, aby byli u\u017eivatel\u00e9 ne\u0161\u0165astn\u00ed, \u017ee jim n\u011bco nejde, ale aby jim pr\u00e1ce d\u011blala radost. Na sv\u00e9 v\u00fdrobky pak mohou b\u00fdt py\u0161n\u00ed.<\/p>\n<p>&#8212;<\/p>\n<p>Chr\u00e1n\u011bn\u00e9 bydlen\u00ed Domov<\/p>\n<p>Posl\u00e1n\u00edm chr\u00e1n\u011bn\u00e9ho bydlen\u00ed Domov v Nebu\u017eel\u00edch je umo\u017enit lidem s ment\u00e1ln\u00edm a kombinovan\u00fdm posti\u017een\u00edm pro\u017e\u00edt sv\u016fj \u017eivot v p\u0159irozen\u00e9m prost\u0159ed\u00ed. Jedn\u00e1 se o skupinov\u00e9 bydlen\u00ed s podporou t\u00fdm\u016f asistent\u016f. Slu\u017eba podporuje u\u017eivatele v sob\u011bsta\u010dnosti a ve sni\u017eov\u00e1n\u00ed z\u00e1vislosti na druh\u00e9 osob\u011b, v samostatn\u00e9m rozhodov\u00e1n\u00ed, a tak\u00e9 v osobn\u00ed odpov\u011bdnosti za sv\u016fj \u017eivot. Slu\u017eba je poskytov\u00e1na ve skupinov\u00e9 dom\u00e1cnosti, ve kter\u00e9 \u017eij\u00ed mu\u017ei i \u017eeny dosp\u011bl\u00e9ho v\u011bku. Kapacita Domova je osm u\u017eivatel\u016f, k dispozici jim jsou \u010dty\u0159i jednol\u016f\u017ekov\u00e9 pokoje a dva dvoul\u016f\u017ekov\u00e9 pokoje rozd\u011blen\u00e9 p\u0159\u00ed\u010dkou.<br \/>\nAktivity:<br \/>\n&#8211; pomoc p\u0159i zaji\u0161t\u011bn\u00ed stravy a poskytnut\u00ed ubytov\u00e1n\u00ed<br \/>\n&#8211; individu\u00e1ln\u00ed podpora u\u017eivatele p\u0159i jednotliv\u00fdch \u010dinnostech v dom\u00e1cnosti<br \/>\n&#8211; tr\u00e9nink a rozvoj schopnost\u00ed a dovednost\u00ed vedouc\u00ed k samostatnosti a zmen\u0161en\u00ed z\u00e1vislosti na podpo\u0159e<br \/>\n&#8211; v\u00fdchovn\u00e9, vzd\u011bl\u00e1vac\u00ed a aktiviza\u010dn\u00ed \u010dinnosti<br \/>\n&#8211; zprost\u0159edkov\u00e1n\u00ed kontaktu se spole\u010densk\u00fdm prost\u0159ed\u00edm<br \/>\n&#8211; rozvoj komunika\u010dn\u00edch a soci\u00e1ln\u00edch dovednost\u00ed (za\u010dle\u0148ov\u00e1n\u00ed u\u017eivatel\u016f do \u017eivota a d\u011bn\u00ed v obci, cestov\u00e1n\u00ed ve\u0159ejnou dopravou, za\u0159izov\u00e1n\u00ed osobn\u00edch z\u00e1le\u017eitost\u00ed a n\u00e1kup\u016f, volno\u010dasov\u00e9 aktivity)<br \/>\n&#8211; soci\u00e1ln\u011b terapeutick\u00e9 \u010dinnosti<\/p>\n<p>BARBORA TESNEROV\u00c1<br \/>\nM\u011blnick\u00fd den\u00edk<br \/>\n<a href=\"http:\/\/www.melnicky.denik.cz\">http:\/\/www.melnicky.denik.cz<\/a><\/p>\n","protected":false},"excerpt":{"rendered":"<div class=\"mh-excerpt\"><p>Mezi st\u00e1nky \u0159ezb\u00e1\u0159\u016f, \u0161perka\u0159\u016f, mistr\u016f lidov\u00e9 tvorby a dal\u0161\u00edch \u0159emesln\u00edk\u016f, kte\u0159\u00ed v m\u011blnick\u00e9m muzeu p\u0159edv\u00e1d\u011bli sv\u00e9 um\u011bn\u00ed, byl i st\u00e1nek, u n\u011bho\u017e si z\u00e1jemci mohli <a class=\"mh-excerpt-more\" href=\"https:\/\/www.invarena.cz\/?p=24994\" title=\"Ka\u017ed\u00fd d\u011bl\u00e1, co zvl\u00e1dne a co ho bav\u00ed, jsme takov\u00e1 manufaktura\">[&#8230;]<\/a><\/p>\n<\/div>","protected":false},"author":1,"featured_media":17403,"comment_status":"open","ping_status":"closed","sticky":false,"template":"","format":"standard","meta":{"footnotes":""},"categories":[9],"tags":[],"class_list":["post-24994","post","type-post","status-publish","format-standard","has-post-thumbnail","hentry","category-zpravy"],"_links":{"self":[{"href":"https:\/\/www.invarena.cz\/index.php?rest_route=\/wp\/v2\/posts\/24994","targetHints":{"allow":["GET"]}}],"collection":[{"href":"https:\/\/www.invarena.cz\/index.php?rest_route=\/wp\/v2\/posts"}],"about":[{"href":"https:\/\/www.invarena.cz\/index.php?rest_route=\/wp\/v2\/types\/post"}],"author":[{"embeddable":true,"href":"https:\/\/www.invarena.cz\/index.php?rest_route=\/wp\/v2\/users\/1"}],"replies":[{"embeddable":true,"href":"https:\/\/www.invarena.cz\/index.php?rest_route=%2Fwp%2Fv2%2Fcomments&post=24994"}],"version-history":[{"count":0,"href":"https:\/\/www.invarena.cz\/index.php?rest_route=\/wp\/v2\/posts\/24994\/revisions"}],"wp:featuredmedia":[{"embeddable":true,"href":"https:\/\/www.invarena.cz\/index.php?rest_route=\/wp\/v2\/media\/17403"}],"wp:attachment":[{"href":"https:\/\/www.invarena.cz\/index.php?rest_route=%2Fwp%2Fv2%2Fmedia&parent=24994"}],"wp:term":[{"taxonomy":"category","embeddable":true,"href":"https:\/\/www.invarena.cz\/index.php?rest_route=%2Fwp%2Fv2%2Fcategories&post=24994"},{"taxonomy":"post_tag","embeddable":true,"href":"https:\/\/www.invarena.cz\/index.php?rest_route=%2Fwp%2Fv2%2Ftags&post=24994"}],"curies":[{"name":"wp","href":"https:\/\/api.w.org\/{rel}","templated":true}]}}