{"id":25001,"date":"2016-03-22T15:33:49","date_gmt":"2016-03-22T14:33:49","guid":{"rendered":"http:\/\/www.invarena.cz\/?p=25001"},"modified":"2016-03-22T15:33:49","modified_gmt":"2016-03-22T14:33:49","slug":"domazlicti-studenti-navstivili-hendikepovane-spanely","status":"publish","type":"post","link":"https:\/\/www.invarena.cz\/?p=25001","title":{"rendered":"Doma\u017eli\u010dt\u00ed studenti nav\u0161t\u00edvili hendikepovan\u00e9 \u0160pan\u011bly"},"content":{"rendered":"<p><strong>P\u0159esto\u017ee mezin\u00e1rodn\u00ed projekt Comenius, do n\u011bho\u017e se zapojili rovn\u011b\u017e studenti Gymn\u00e1zia J. \u0160. Baara, ji\u017e skon\u010dil, nav\u00e1zan\u00e9 kontakty p\u0159etrv\u00e1vaj\u00ed.<\/strong> <!--more--><\/p>\n<p>Doma\u017elice \u2013 Proto se tak\u00e9 sedmi\u010dlenn\u00e1 skupina gymnazist\u016f veden\u00e1 u\u010ditelem angli\u010dtiny Ji\u0159\u00edm Linartem z\u00fa\u010dastnila setk\u00e1n\u00ed z\u00e1stupc\u016f \u0161kol spolupracuj\u00edc\u00edch v tomto projektu.<\/p>\n<p>Hostiteli byli tentokr\u00e1t \u0160pan\u011bl\u00e9 z m\u011bsta Torrelavega v provincii Kant\u00e1brie. Tam\u011bj\u0161\u00ed \u0161kola se specializuje na pr\u00e1ci s mlad\u00fdmi lidmi, kte\u0159\u00ed maj\u00ed n\u011bjak\u00fd handicap znemo\u017e\u0148uj\u00edc\u00ed jejich \u00fapln\u00e9 za\u010dlen\u011bn\u00ed do b\u011b\u017en\u00e9ho \u017eivota.<\/p>\n<p>Studenti z \u010ceska a Belgie, kte\u0159\u00ed se tohoto setk\u00e1n\u00ed z\u00fa\u010dastnili, byli zahrnuti nesm\u00edrnou v\u0159elost\u00ed a pohostinnost\u00ed ze strany \u0161pan\u011blsk\u00fdch u\u010ditel\u016f i \u017e\u00e1k\u016f. Byli p\u0159iv\u00edt\u00e1ni honosn\u00fdm ob\u011bdem pln\u00fdm \u0161pan\u011blsk\u00fdch specialit, jako byly v\u00fdte\u010dn\u00e1 paella \u010di tortilla de patatas, a pot\u00e9 se s m\u00edstn\u00edmi \u017e\u00e1ky sezn\u00e1mili b\u011bhem z\u00e1bavn\u00e9ho odpoledne pln\u00e9ho netradi\u010dn\u00edch kolektivn\u00edch her a tanc\u016f.<\/p>\n<p>&#8222;Stali jsme se sou\u010d\u00e1st\u00ed b\u011b\u017en\u00e9ho chodu \u0161koly a vyzkou\u0161eli jsme si zdej\u0161\u00ed v\u00fduku, jej\u00ed\u017e sou\u010d\u00e1st\u00ed byl tak\u00e9 proces nakupov\u00e1n\u00ed, pr\u00e1ce v d\u00edln\u011b p\u0159i brou\u0161en\u00ed \u017eidl\u00ed a v\u00fdrob\u011b kulis pro divadeln\u00ed p\u0159edstaven\u00ed, va\u0159en\u00ed m\u00edstn\u00edch specialit v kuchyni, ukl\u00edzen\u00ed, s\u00e1zen\u00ed kv\u011btin a zeleniny, matematick\u00e9 po\u010d\u00edt\u00e1n\u00ed a mnoho dal\u0161\u00edho. M\u011bli jsme tak\u00e9 mo\u017enost zhl\u00e9dnout hodiny cvi\u010den\u00ed s mal\u00fdmi d\u011btmi nebo hodinu fyzioterapie se psy, kde opravdu nikdo nez\u016fstal sed\u011bt,&#8220; uvedla \u017e\u00e1kyn\u011b p\u00e1t\u00e9ho ro\u010dn\u00edku \u0161estilet\u00e9ho studia Tereza Czielov\u00e1.<\/p>\n<p>Sou\u010d\u00e1st\u00ed pobytu byl samoz\u0159ejm\u011b tak\u00e9 pozn\u00e1vac\u00ed program. M\u00edstn\u00ed \u017e\u00e1ci zavedli sv\u00e9 hosty ke sv\u011btozn\u00e1m\u00e9 jeskyni Altamira, ukr\u00fdvaj\u00edc\u00ed prav\u011bk\u00e9 n\u00e1st\u011bnn\u00e9 malby, a do p\u016fvabn\u00e9ho m\u011bste\u010dka Santillana del Mar s rom\u00e1nsk\u00fdm kostelem a kl\u00e1\u0161terem.<\/p>\n<p>Posledn\u00ed den v\u0161ichni spole\u010dn\u011b vytvo\u0159ili noviny shrnuj\u00edc\u00ed nezapomenuteln\u00e9 ud\u00e1losti cel\u00e9ho t\u00fddne.<\/p>\n<p>Doma\u017eli\u010dt\u00ed gymnazist\u00e9 sd\u00edleli hostelov\u00e9 ubytov\u00e1n\u00ed s mlad\u00fdmi belgick\u00fdmi \u017e\u00e1ky stejn\u00e9ho v\u011bku, s nimi\u017e si b\u011bhem voln\u00fdch chvil sd\u011blovali sv\u00e9 z\u00e1\u017eitky a nasm\u00e1li se p\u0159i snaze nau\u010dit se p\u00e1r jednoduch\u00fdch v\u011bt \u2013 a\u0165 u\u017e vl\u00e1msky, nebo \u010desky.<\/p>\n<p>&#8222;Neust\u00e1l\u00e1 p\u00e9\u010de a v\u0159el\u00fd \u00fasm\u011bv pln\u00fd l\u00e1sky a \u0161t\u011bst\u00ed v\u0161ech p\u0159\u00edtomn\u00fdch zm\u011bnil pohled na sv\u011bt hendikepovan\u00fdch nejednomu n\u00e1v\u0161t\u011bvn\u00edkovi t\u00e9to \u0161koly a \u00fa\u010dastn\u00edku spole\u010dn\u00e9ho programu. V\u0161ichni zdej\u0161\u00ed \u017e\u00e1ci si neust\u00e1le pod\u00e1vaj\u00ed pomocnou ruku a dohromady tvo\u0159\u00ed spolu s u\u010diteli jeden siln\u00fd t\u00fdm. Vid\u011bt tuto skute\u010dnost byl pro \u017eivot obrovsk\u00fd dar,&#8220; shrnula sv\u016fj nejsiln\u011bj\u0161\u00ed dojem z pobytu ve \u0161pan\u011blsk\u00e9 \u0161kole Tereza Czielov\u00e1.<\/p>\n<p>Jan Pek<br \/>\nDoma\u017elick\u00fd den\u00edk<br \/>\n<a href=\"http:\/\/domazlicky.denik.cz\/\">http:\/\/domazlicky.denik.cz\/<\/a><\/p>\n","protected":false},"excerpt":{"rendered":"<div class=\"mh-excerpt\"><p>P\u0159esto\u017ee mezin\u00e1rodn\u00ed projekt Comenius, do n\u011bho\u017e se zapojili rovn\u011b\u017e studenti Gymn\u00e1zia J. \u0160. Baara, ji\u017e skon\u010dil, nav\u00e1zan\u00e9 kontakty p\u0159etrv\u00e1vaj\u00ed.<\/p>\n<\/div>","protected":false},"author":1,"featured_media":18704,"comment_status":"open","ping_status":"closed","sticky":false,"template":"","format":"standard","meta":{"footnotes":""},"categories":[9],"tags":[],"class_list":["post-25001","post","type-post","status-publish","format-standard","has-post-thumbnail","hentry","category-zpravy"],"_links":{"self":[{"href":"https:\/\/www.invarena.cz\/index.php?rest_route=\/wp\/v2\/posts\/25001","targetHints":{"allow":["GET"]}}],"collection":[{"href":"https:\/\/www.invarena.cz\/index.php?rest_route=\/wp\/v2\/posts"}],"about":[{"href":"https:\/\/www.invarena.cz\/index.php?rest_route=\/wp\/v2\/types\/post"}],"author":[{"embeddable":true,"href":"https:\/\/www.invarena.cz\/index.php?rest_route=\/wp\/v2\/users\/1"}],"replies":[{"embeddable":true,"href":"https:\/\/www.invarena.cz\/index.php?rest_route=%2Fwp%2Fv2%2Fcomments&post=25001"}],"version-history":[{"count":0,"href":"https:\/\/www.invarena.cz\/index.php?rest_route=\/wp\/v2\/posts\/25001\/revisions"}],"wp:featuredmedia":[{"embeddable":true,"href":"https:\/\/www.invarena.cz\/index.php?rest_route=\/wp\/v2\/media\/18704"}],"wp:attachment":[{"href":"https:\/\/www.invarena.cz\/index.php?rest_route=%2Fwp%2Fv2%2Fmedia&parent=25001"}],"wp:term":[{"taxonomy":"category","embeddable":true,"href":"https:\/\/www.invarena.cz\/index.php?rest_route=%2Fwp%2Fv2%2Fcategories&post=25001"},{"taxonomy":"post_tag","embeddable":true,"href":"https:\/\/www.invarena.cz\/index.php?rest_route=%2Fwp%2Fv2%2Ftags&post=25001"}],"curies":[{"name":"wp","href":"https:\/\/api.w.org\/{rel}","templated":true}]}}