{"id":25003,"date":"2016-03-22T15:45:00","date_gmt":"2016-03-22T14:45:00","guid":{"rendered":"http:\/\/www.invarena.cz\/?p=25003"},"modified":"2016-03-22T15:45:00","modified_gmt":"2016-03-22T14:45:00","slug":"vydal-jsem-ze-sebe-vse-ale-nevyslo-to-prohlasil-cyklista-jezek-o-svem-vykonu-ve-stihacce-na-ms","status":"publish","type":"post","link":"https:\/\/www.invarena.cz\/?p=25003","title":{"rendered":"Vydal jsem ze sebe v\u0161e, ale nevy\u0161lo to, prohl\u00e1sil cyklista Je\u017eek o sv\u00e9m v\u00fdkonu ve st\u00edha\u010dce na MS"},"content":{"rendered":"<p><strong>Hendikepovan\u00fd cyklista Ji\u0159\u00ed Je\u017eek je ve sv\u011bt\u011b sportu pojmem. Je \u0161estin\u00e1sobn\u00fdm paralympijsk\u00fdm v\u00edt\u011bzem a stejn\u011b tak i mistrem sv\u011bta. A je tak\u00e9 p\u0159\u00edkladem toho, jak m\u00e1 \u010dlov\u011bk bojovat. Na v\u00edkendov\u00e9m sv\u011btov\u00e9m \u0161ampion\u00e1tu dr\u00e1ha\u0159\u016f v It\u00e1lii si s\u00e1hl na dno sil. P\u0159edev\u0161\u00edm ve st\u00edhac\u00edm z\u00e1vod\u011b na \u010dty\u0159i kilometry.<\/strong><!--more--><\/p>\n<p>&#8222;St\u00edha\u010dka mi nevy\u0161la podle m\u00fdch p\u0159edstav a jsem zklaman\u00fd i proto, \u017ee jsem se na ni stra\u0161n\u011b p\u0159ipravoval. V ten spr\u00e1vn\u00fd den mi to bohu\u017eel nevy\u0161lo. N\u011bkdy se to stane, je to pro m\u011b nep\u0159\u00edjemn\u00e9, ale na druhou stranu i p\u0159esto, \u017ee mi to ne\u0161lo, tak jsem nezajel \u00fapln\u011b \u0161patn\u00fd \u010das,&#8220; prozradil Ji\u0159\u00ed Je\u017eek.<\/p>\n<p>Oproti lo\u0148sku se p\u0159esto ve sv\u00e9 par\u00e1dn\u00ed discipl\u00edn\u011b dok\u00e1zal o t\u0159i sekundy zlep\u0161it.&#8220;Posledn\u00ed \u010dty\u0159i kola z t\u011bch 16 byla snad v\u00edce o mor\u00e1lce ne\u017e v\u016fli. Nev\u00edm, kde jsem v sob\u011b sebral s\u00edly, abych to dokon\u010dil, ale pak jsem myslel, \u017ee opravdu um\u0159u. Takto jsem se p\u0159i z\u00e1vod\u011b u\u017e dlouho nevy\u017ed\u00edmal. Na jednu stranu jsem zklaman\u00fd, ale na tu druhou m\u011b t\u011b\u0161\u00ed, \u017ee jsem tam nechal v\u0161echno,&#8220; popsal sv\u00e9 pocity \u010desk\u00fd reprezentant.<\/p>\n<p>Jinak to 41let\u00fd cyklista ani neum\u00ed. Dobr\u00fdch dvacet minut se po takov\u00e9 j\u00edzd\u011b d\u00e1v\u00e1 dohromady. &#8222;Bylo to fakt stra\u0161n\u011b t\u011b\u017ek\u00e9, do\u0161lo i na zvracen\u00ed. T\u011blo \u0161lo \u00fapln\u011b do maxima, do nuly. U\u017e tam nebyly \u017e\u00e1dn\u00e9 s\u00edly, fakt mi trvalo asi dvacet minut, ne\u017e jsem byl schopen se sebrat ze zem\u011b,&#8220; p\u0159ibli\u017euje Ji\u0159\u00ed Je\u017eek.<\/p>\n<p>I to v sob\u011b skr\u00fdv\u00e1 sport hendikepovan\u00fdch a boj o medaile z mistrovstv\u00ed sv\u011bta. &#8222;Takov\u00fd je sport a to k tomu pat\u0159\u00ed. \u010clov\u011bk ze sebe pot\u0159ebuje vy\u017ed\u00edmat maximum a mn\u011b se to poda\u0159ilo.&#8220; Z nepoveden\u00e9ho z\u00e1vodu se i ost\u0159\u00edlen\u00fd matador m\u016f\u017ee pou\u010dit. &#8222;Je to pot\u0159eba vz\u00edt jako zku\u0161enost, i kdy\u017e ho\u0159kou. Sna\u017e\u00edm se z toho pou\u010dit, sna\u017e\u00edm se pochopit, pro\u010d se mi to nepovedlo. N\u011bjak\u00e9 v\u011bci v\u00edm, tak\u017ee to p\u0159\u00ed\u0161t\u011b mus\u00edm ud\u011blat jinak a l\u00e9pe,&#8220; dod\u00e1v\u00e1 Ji\u0159\u00ed Je\u017eek, jen\u017e skon\u010dil ve st\u00edhac\u00edm z\u00e1vod\u011b dev\u00e1t\u00fd.<\/p>\n<p>www.rozhlas.cz<\/p>\n","protected":false},"excerpt":{"rendered":"<div class=\"mh-excerpt\"><p>Hendikepovan\u00fd cyklista Ji\u0159\u00ed Je\u017eek je ve sv\u011bt\u011b sportu pojmem. Je \u0161estin\u00e1sobn\u00fdm paralympijsk\u00fdm v\u00edt\u011bzem a stejn\u011b tak i mistrem sv\u011bta. A je tak\u00e9 p\u0159\u00edkladem toho, jak <a class=\"mh-excerpt-more\" href=\"https:\/\/www.invarena.cz\/?p=25003\" title=\"Vydal jsem ze sebe v\u0161e, ale nevy\u0161lo to, prohl\u00e1sil cyklista Je\u017eek o sv\u00e9m v\u00fdkonu ve st\u00edha\u010dce na MS\">[&#8230;]<\/a><\/p>\n<\/div>","protected":false},"author":1,"featured_media":2987,"comment_status":"open","ping_status":"closed","sticky":false,"template":"","format":"standard","meta":{"footnotes":""},"categories":[9],"tags":[],"class_list":["post-25003","post","type-post","status-publish","format-standard","has-post-thumbnail","hentry","category-zpravy"],"_links":{"self":[{"href":"https:\/\/www.invarena.cz\/index.php?rest_route=\/wp\/v2\/posts\/25003","targetHints":{"allow":["GET"]}}],"collection":[{"href":"https:\/\/www.invarena.cz\/index.php?rest_route=\/wp\/v2\/posts"}],"about":[{"href":"https:\/\/www.invarena.cz\/index.php?rest_route=\/wp\/v2\/types\/post"}],"author":[{"embeddable":true,"href":"https:\/\/www.invarena.cz\/index.php?rest_route=\/wp\/v2\/users\/1"}],"replies":[{"embeddable":true,"href":"https:\/\/www.invarena.cz\/index.php?rest_route=%2Fwp%2Fv2%2Fcomments&post=25003"}],"version-history":[{"count":0,"href":"https:\/\/www.invarena.cz\/index.php?rest_route=\/wp\/v2\/posts\/25003\/revisions"}],"wp:featuredmedia":[{"embeddable":true,"href":"https:\/\/www.invarena.cz\/index.php?rest_route=\/wp\/v2\/media\/2987"}],"wp:attachment":[{"href":"https:\/\/www.invarena.cz\/index.php?rest_route=%2Fwp%2Fv2%2Fmedia&parent=25003"}],"wp:term":[{"taxonomy":"category","embeddable":true,"href":"https:\/\/www.invarena.cz\/index.php?rest_route=%2Fwp%2Fv2%2Fcategories&post=25003"},{"taxonomy":"post_tag","embeddable":true,"href":"https:\/\/www.invarena.cz\/index.php?rest_route=%2Fwp%2Fv2%2Ftags&post=25003"}],"curies":[{"name":"wp","href":"https:\/\/api.w.org\/{rel}","templated":true}]}}