{"id":25013,"date":"2016-03-23T11:50:28","date_gmt":"2016-03-23T10:50:28","guid":{"rendered":"http:\/\/www.invarena.cz\/?p=25013"},"modified":"2016-03-23T11:50:28","modified_gmt":"2016-03-23T10:50:28","slug":"zjistili-jak-ziji-postizeni-lide","status":"publish","type":"post","link":"https:\/\/www.invarena.cz\/?p=25013","title":{"rendered":"Zjistili, jak \u017eij\u00ed posti\u017een\u00ed lid\u00e9"},"content":{"rendered":"<p><strong>V r\u00e1mci projektov\u00e9ho dne byla \u017e\u00e1k\u016fm ze z\u00e1kladn\u00ed \u0161koly v N\u00e1dra\u017en\u00ed ulici p\u0159edstaveno t\u00e9ma \u017eivota handicapovan\u00fdch lid\u00ed. &#8222;Na projektov\u00fd den byla p\u0159izv\u00e1na vedouc\u00ed denn\u00edho stacion\u00e1\u0159e Rosa Petra K\u00f6nigov\u00e1, kter\u00e1 s \u017e\u00e1ky a u\u010diteli diskutovala na t\u00e9ma \u017eivota lid\u00ed s posti\u017een\u00edm,&#8220; informovala mluv\u010d\u00ed Oblastn\u00ed charity \u017d\u010f\u00e1r nad S\u00e1zavou, pod kterou byst\u0159ick\u00fd denn\u00ed stacion\u00e1\u0159 Rosa spad\u00e1, Lenka \u0160ustrov\u00e1.<\/strong> <!--more--><\/p>\n<p>Byst\u0159ice nad Pern\u0161tejnem \u2013 Vedouc\u00ed denn\u00edho stacion\u00e1\u0159e p\u0159ibl\u00ed\u017eila slu\u017eby poskytovan\u00e9 u\u017eivatel\u016fm ve stacion\u00e1\u0159i a popsala techniky \u010dinnost\u00ed tamn\u00edch pracovn\u00edk\u016f. Pro \u017e\u00e1ky byly p\u0159ipraveny r\u016fzn\u00e9 modelov\u00e9 hry pro p\u0159ibl\u00ed\u017een\u00ed \u017eivota lid\u00ed s ment\u00e1ln\u00edm \u010di kombinovan\u00fdm posti\u017een\u00edm.<\/p>\n<p>&#8222;Mohli si tak nap\u0159\u00edklad vyzkou\u0161et orientaci se zav\u00e1zan\u00fdma o\u010dima, vyj\u00e1d\u0159it mimoslovn\u011b svoje pot\u0159eby a pocity, nebo si zkusit ovl\u00e1dat invalidn\u00ed voz\u00edk. Vedouc\u00ed stacion\u00e1\u0159e z\u00e1rove\u0148 p\u0159edstavila i pom\u016fcky, kter\u00e9 se ve stacion\u00e1\u0159i pou\u017e\u00edvaj\u00ed, jako jsou pom\u016fcky pro stimulaci, procvi\u010dov\u00e1n\u00ed jemn\u00e9 a hrub\u00e9 motoriky, optick\u00e1 vl\u00e1kna, taktiln\u011b haptick\u00e9 pom\u016fcky a r\u016fzn\u00e9 speci\u00e1ln\u00ed hudebn\u00ed n\u00e1stroje,&#8220; up\u0159esnila Lenka \u0160ustrov\u00e1.<\/p>\n<p>\u017d\u00e1ci rovn\u011b\u017e dostali mo\u017enost prohl\u00e9dnout si dev\u00edtim\u00edstn\u00e9 auto stacion\u00e1\u0159e se speci\u00e1ln\u00edmi \u00fapravami umo\u017e\u0148uj\u00edc\u00edmi p\u0159evoz osob na invalidn\u00edm voz\u00edku. Z\u00e1jemci si mohli na vlastn\u00ed k\u016f\u017ei zkusit p\u0159ipevn\u011bn\u00ed voz\u00edku v automobilu, aby se v\u017eili do pocit\u016f osoby, kter\u00e1 je upout\u00e1na na voz\u00edku speci\u00e1ln\u00edmi kotvic\u00edmi p\u00e1sy.<\/p>\n<p>&#8222;Jsem velmi r\u00e1da, \u017ee jsem m\u011bla mo\u017enost za d\u011btmi do \u0161koly p\u0159ij\u00edt. Byla jsem velmi mile p\u0159ekvapena vn\u00edmavost\u00ed a z\u00e1jmem d\u011bt\u00ed i u\u010ditel\u016f dozv\u011bd\u011bt se informace o pot\u0159eb\u00e1ch lid\u00ed s posti\u017een\u00edm a p\u0159ibl\u00ed\u017een\u00ed fungov\u00e1n\u00ed slu\u017eby stacion\u00e1\u0159e,&#8220; doplnila vedouc\u00ed stacion\u00e1\u0159e Petra K\u00f6nigov\u00e1.<\/p>\n<p>Jihlavsk\u00fd den\u00edk<br \/>\n<a href=\"http:\/\/www.jihlavsky.denik.cz\/\">http:\/\/www.jihlavsky.denik.cz\/<\/a><\/p>\n","protected":false},"excerpt":{"rendered":"<div class=\"mh-excerpt\"><p>V r\u00e1mci projektov\u00e9ho dne byla \u017e\u00e1k\u016fm ze z\u00e1kladn\u00ed \u0161koly v N\u00e1dra\u017en\u00ed ulici p\u0159edstaveno t\u00e9ma \u017eivota handicapovan\u00fdch lid\u00ed. &#8222;Na projektov\u00fd den byla p\u0159izv\u00e1na vedouc\u00ed denn\u00edho stacion\u00e1\u0159e <a class=\"mh-excerpt-more\" href=\"https:\/\/www.invarena.cz\/?p=25013\" title=\"Zjistili, jak \u017eij\u00ed posti\u017een\u00ed lid\u00e9\">[&#8230;]<\/a><\/p>\n<\/div>","protected":false},"author":1,"featured_media":0,"comment_status":"open","ping_status":"closed","sticky":false,"template":"","format":"standard","meta":{"footnotes":""},"categories":[9],"tags":[],"class_list":["post-25013","post","type-post","status-publish","format-standard","hentry","category-zpravy"],"_links":{"self":[{"href":"https:\/\/www.invarena.cz\/index.php?rest_route=\/wp\/v2\/posts\/25013","targetHints":{"allow":["GET"]}}],"collection":[{"href":"https:\/\/www.invarena.cz\/index.php?rest_route=\/wp\/v2\/posts"}],"about":[{"href":"https:\/\/www.invarena.cz\/index.php?rest_route=\/wp\/v2\/types\/post"}],"author":[{"embeddable":true,"href":"https:\/\/www.invarena.cz\/index.php?rest_route=\/wp\/v2\/users\/1"}],"replies":[{"embeddable":true,"href":"https:\/\/www.invarena.cz\/index.php?rest_route=%2Fwp%2Fv2%2Fcomments&post=25013"}],"version-history":[{"count":0,"href":"https:\/\/www.invarena.cz\/index.php?rest_route=\/wp\/v2\/posts\/25013\/revisions"}],"wp:attachment":[{"href":"https:\/\/www.invarena.cz\/index.php?rest_route=%2Fwp%2Fv2%2Fmedia&parent=25013"}],"wp:term":[{"taxonomy":"category","embeddable":true,"href":"https:\/\/www.invarena.cz\/index.php?rest_route=%2Fwp%2Fv2%2Fcategories&post=25013"},{"taxonomy":"post_tag","embeddable":true,"href":"https:\/\/www.invarena.cz\/index.php?rest_route=%2Fwp%2Fv2%2Ftags&post=25013"}],"curies":[{"name":"wp","href":"https:\/\/api.w.org\/{rel}","templated":true}]}}