{"id":25015,"date":"2016-03-25T10:26:44","date_gmt":"2016-03-25T09:26:44","guid":{"rendered":"http:\/\/www.invarena.cz\/?p=25015"},"modified":"2016-03-25T10:26:44","modified_gmt":"2016-03-25T09:26:44","slug":"poharek-handicapovanych-plavcu-odstartuje-v-sokolovskem-bazenu-uz-od-soboty-za-tyden","status":"publish","type":"post","link":"https:\/\/www.invarena.cz\/?p=25015","title":{"rendered":"Poh\u00e1rek handicapovan\u00fdch plavc\u016f odstartuje v sokolovsk\u00e9m baz\u00e9nu u\u017e od soboty za t\u00fdden"},"content":{"rendered":"<p>Karlovarsk\u00fd kraj \u2013 U\u017e jen necel\u00e9 dva t\u00fddny zb\u00fdvaj\u00ed do zah\u00e1jen\u00ed nejv\u00fdznamn\u011bj\u0161\u00ed a v\u016fbec nejv\u011bt\u0161\u00ed akce pro sportovce se zdravotn\u00edm znev\u00fdhodn\u011bn\u00edm v Karlovarsk\u00e9m kraji v tomto roce. XIV. ro\u010dn\u00edk plaveck\u00fdch z\u00e1vod\u016f t\u011blesn\u011b posti\u017een\u00fdch plavc\u016f &#8222;Poh\u00e1rek&#8220; bude slavnostn\u011b zah\u00e1jen v sobotu 2. dubna v 9:15 v m\u011bstsk\u00e9m baz\u00e9nu v Sokolov\u011b. <\/p>\n<p><!--more--><\/p>\n<p>Z\u00e1vody, kter\u00e9 se konaj\u00ed s garanc\u00ed \u010cesk\u00e9ho svazu t\u011blesn\u011b posti\u017een\u00fdch sportovc\u016f a Plaveck\u00e9 akademie bez bari\u00e9r, po\u0159\u00e1d\u00e1 sportovn\u00ed klub SK KONTAKT Karlovy Vary. Deset dn\u016f p\u0159ed uz\u00e1v\u011brkou po\u0159adatel\u00e9 eviduj\u00ed u\u017e 117 p\u0159ihl\u00e1\u0161ek plavc\u016f a plavky\u0148 z jeden\u00e1cti klub\u016f, mezin\u00e1rodn\u00ed punc daj\u00ed &#8222;Poh\u00e1rku&#8220; z\u00e1vodn\u00edci z bavorsk\u00e9ho Selbu a v\u00fdchodoslovensk\u00fdch Ko\u0161ic. Plavat se bude v kryt\u00e9m 25metrov\u00e9m baz\u00e9nu v Sokolov\u011b, k dispozici je \u0161est drah s elektronickou \u010dasom\u00edrou. Na programu je 16 z\u00e1vod\u016f ve v\u0161ech plaveck\u00fdch discipl\u00edn\u00e1ch na trat\u00edch od 50 do 400 metr\u016f, z\u00e1vodn\u00edci sm\u00ed startovat pouze v discipl\u00edn\u00e1ch pro n\u011b p\u0159\u00edslu\u0161n\u00e9 klasifika\u010dn\u00ed t\u0159\u00eddy.<br \/>\nHlavn\u00ed sout\u011b\u017e\u00ed jednotlivc\u016f je dvojboj, ve kter\u00e9m kone\u010dn\u00e9 po\u0159ad\u00ed ur\u010duje sou\u010det bod\u016f ze dvou nejlep\u0161\u00edch discipl\u00edn, do sout\u011b\u017ee dru\u017estev pak jsou zapo\u010d\u00edt\u00e1v\u00e1ny nejlep\u0161\u00ed v\u00fdkony \u010dty\u0159 plavc\u016f a v\u00fdsledky z\u00e1vod\u016f \u0161tafet. V\u00fdsledky se vyhla\u0161uj\u00ed ve \u010dty\u0159ech v\u011bkov\u00fdch kategori\u00edch: nejmlad\u0161\u00ed \u017e\u00e1ci (2006 a mlad\u0161\u00ed), mlad\u0161\u00ed \u017e\u00e1ci 2005 (02), junio\u0159i (2001\/98) a dosp\u011bl\u00ed (1997 a star\u0161\u00ed).<br \/>\nMezi kluby, kter\u00e9 na leto\u0161n\u00edm Poh\u00e1rku mohou opr\u00e1vn\u011bn\u011b pom\u00fd\u0161let na medailov\u00e1 um\u00edst\u011bn\u00ed, pat\u0159\u00ed nesporn\u011b i po\u0159\u00e1daj\u00edc\u00ed SK KONTAKT Karlovy Vary, kter\u00fd bude v sout\u011b\u017ei obhajovat hned t\u0159i medaile. O dv\u011b z nich se p\u0159ed rokem zaslou\u017eily Vendula Du\u0161kov\u00e1, v\u00edt\u011bzka spole\u010dn\u00e9 kategoriejunior\u016fajuniorek,ave stejn\u00e9 v\u011bkov\u00e9 skupin\u011b bronzov\u00e1 Nicole Habermannov\u00e1, t\u0159et\u00ed m\u011bla hodnotu st\u0159\u00edbra a spolu s ji\u017e jmenovan\u00fdmi d\u011bv\u010daty ji v sout\u011b\u017ei dru\u017estev vybojovali Hana Kulhav\u00e1 a Jakub Vor\u00e1\u010dek. Ten letos krom\u011b obhajoby t\u00fdmov\u00e9ho st\u0159\u00edbra pom\u00fd\u0161l\u00ed i na vylep\u0161en\u00ed sv\u00e9ho um\u00edst\u011bn\u00ed v individu\u00e1ln\u00ed sout\u011b\u017ei. &#8222;Ur\u010dit\u011b m\u00e1 na to, skon\u010dit l\u00e9pe ne\u017e na dev\u00e1t\u00e9 p\u0159\u00ed\u010dce, kde se um\u00edstil v roce 2015,&#8220; soud\u00ed p\u0159edsedkyn\u011b a tren\u00e9rka SK KONTAKT Karlovy Vary \u0160t\u011bp\u00e1nka \u0158eho\u0159kov\u00e1. &#8222;Kuba, kter\u00fd koncem leto\u0161n\u00edho roku oslav\u00ed osmn\u00e1ct\u00e9 narozeniny, pat\u0159\u00ed rovn\u011b\u017e ke \u00b4slu\u017eebn\u011b\u00b4 nejstar\u0161\u00edm \u010dlen\u016fm na\u0161eho odd\u00edlu, kam za\u010dal chodit jako t\u0159\u00edlet\u00fd s maminkou do skupiny rodi\u010d\u016f a d\u011bt\u00ed. Je klasifikov\u00e1nv plaveck\u00e9 t\u0159\u00edd\u011b S8, SB7, SM8, a z\u00e1vod\u00ed tak s plavci, kte\u0159\u00ed jsou dost rychl\u00ed, tak\u017ee m\u00e1 velkou motivaci. Nejd\u016fle\u017eit\u011bj\u0161\u00ed je, \u017ee m\u00e1 po\u0159\u00e1d z\u00e1jem se zlep\u0161ovat a \u017ee jeho v\u00fdkonnost st\u00e1le stoup\u00e1. Pro n\u00e1\u0161 klub je velkou oporou \u0161tafetov\u00fdch z\u00e1vod\u016f,&#8220; kresl\u00ed &#8222;portr\u00e9t&#8220; \u00fasp\u011b\u0161n\u00e9ho z\u00e1vodn\u00edka \u0160t\u011bp\u00e1nka \u0158eho\u0159kov\u00e1. A jak vid\u00ed sv\u016fj vztah k plav\u00e1n\u00ed samotn\u00fd Kuba Vor\u00e1\u010dek? &#8222;Co mi p\u0159ineslo plav\u00e1n\u00ed? \u0158ekn\u011bme, \u017ee m\u011b \u00b4postavilo na nohy\u00b4, a to nejen po fyzick\u00e9 str\u00e1nce, kdy mi umo\u017enilo celkov\u00fd lep\u0161\u00ed pohyb, ale tak\u00e9 po str\u00e1nce psychick\u00e9. D\u0159\u00edv jsem se moc do spole\u010dnosti nezapojoval, nejsp\u00ed\u0161 proto, \u017ee jsem si p\u0159ipadal odli\u0161n\u00fd, ale plav\u00e1n\u00ed v kolektivu m\u011b nau\u010dilo, \u017ee to v p\u0159\u00e1telstv\u00ed nehraje \u017e\u00e1dnou roli a \u017ee s\u00e1m nejsem. Mysl\u00edm, \u017ee neb\u00fdt Kontaktu, tak bych p\u0159i\u0161el o mnoho srandy a hlavn\u011b o spoustu skv\u011bl\u00fdch p\u0159\u00e1tel. D\u00edky baz\u00e9nu nejen\u017ee d\u011bl\u00e1m n\u011bco pro sebe, ale jsem s lidmi, kter\u00e9m\u00e1mr\u00e1daz\u00e1le\u017e\u00edminanich. Neberu plav\u00e1n\u00ed jako povinnost, n\u00fdbr\u017e jako kon\u00ed\u010dek a jako smyslupln\u00e9 vyu\u017eit\u00ed m\u00e9ho voln\u00e9ho \u010dasu.&#8220;<\/p>\n<p>JI\u0158\u00cd LINHART<br \/>\nKarlovarsk\u00fd den\u00edk<br \/>\n<a href=\"http:\/\/karlovarsky.denik.cz\/\">http:\/\/karlovarsky.denik.cz\/<\/a><\/p>\n","protected":false},"excerpt":{"rendered":"<div class=\"mh-excerpt\"><p>Karlovarsk\u00fd kraj \u2013 U\u017e jen necel\u00e9 dva t\u00fddny zb\u00fdvaj\u00ed do zah\u00e1jen\u00ed nejv\u00fdznamn\u011bj\u0161\u00ed a v\u016fbec nejv\u011bt\u0161\u00ed akce pro sportovce se zdravotn\u00edm znev\u00fdhodn\u011bn\u00edm v Karlovarsk\u00e9m kraji v <a class=\"mh-excerpt-more\" href=\"https:\/\/www.invarena.cz\/?p=25015\" title=\"Poh\u00e1rek handicapovan\u00fdch plavc\u016f odstartuje v sokolovsk\u00e9m baz\u00e9nu u\u017e od soboty za t\u00fdden\">[&#8230;]<\/a><\/p>\n<\/div>","protected":false},"author":1,"featured_media":0,"comment_status":"open","ping_status":"closed","sticky":false,"template":"","format":"standard","meta":{"footnotes":""},"categories":[9],"tags":[],"class_list":["post-25015","post","type-post","status-publish","format-standard","hentry","category-zpravy"],"_links":{"self":[{"href":"https:\/\/www.invarena.cz\/index.php?rest_route=\/wp\/v2\/posts\/25015","targetHints":{"allow":["GET"]}}],"collection":[{"href":"https:\/\/www.invarena.cz\/index.php?rest_route=\/wp\/v2\/posts"}],"about":[{"href":"https:\/\/www.invarena.cz\/index.php?rest_route=\/wp\/v2\/types\/post"}],"author":[{"embeddable":true,"href":"https:\/\/www.invarena.cz\/index.php?rest_route=\/wp\/v2\/users\/1"}],"replies":[{"embeddable":true,"href":"https:\/\/www.invarena.cz\/index.php?rest_route=%2Fwp%2Fv2%2Fcomments&post=25015"}],"version-history":[{"count":0,"href":"https:\/\/www.invarena.cz\/index.php?rest_route=\/wp\/v2\/posts\/25015\/revisions"}],"wp:attachment":[{"href":"https:\/\/www.invarena.cz\/index.php?rest_route=%2Fwp%2Fv2%2Fmedia&parent=25015"}],"wp:term":[{"taxonomy":"category","embeddable":true,"href":"https:\/\/www.invarena.cz\/index.php?rest_route=%2Fwp%2Fv2%2Fcategories&post=25015"},{"taxonomy":"post_tag","embeddable":true,"href":"https:\/\/www.invarena.cz\/index.php?rest_route=%2Fwp%2Fv2%2Ftags&post=25015"}],"curies":[{"name":"wp","href":"https:\/\/api.w.org\/{rel}","templated":true}]}}