{"id":25020,"date":"2016-03-23T12:22:30","date_gmt":"2016-03-23T11:22:30","guid":{"rendered":"http:\/\/www.invarena.cz\/?p=25020"},"modified":"2016-03-23T12:22:30","modified_gmt":"2016-03-23T11:22:30","slug":"vladni-vybor-pro-postizene-podporil-opatreni-k-inkluzi-ve-skolach","status":"publish","type":"post","link":"https:\/\/www.invarena.cz\/?p=25020","title":{"rendered":"Vl\u00e1dn\u00ed v\u00fdbor pro posti\u017een\u00e9 podpo\u0159il opat\u0159en\u00ed k inkluzi ve \u0161kol\u00e1ch"},"content":{"rendered":"<p><strong>Vl\u00e1dn\u00ed v\u00fdbor pro zdravotn\u011b posti\u017een\u00e9 podpo\u0159il dnes opat\u0159en\u00ed na za\u010dlen\u011bn\u00ed handicapovan\u00fdch d\u011bt\u00ed do b\u011b\u017en\u00fdch \u0161kol, kter\u00e1 maj\u00ed platit od z\u00e1\u0159\u00ed. Podle \u010dlen\u016f to zajist\u00ed rovn\u00e9 podm\u00ednky d\u011btem s posti\u017een\u00edm. Novin\u00e1\u0159\u016fm to po jedn\u00e1n\u00ed v\u00fdboru \u0159ekl premi\u00e9r Bohuslav Sobotka (\u010cSSD).<\/strong><!--more--><\/p>\n<p>Cel\u00fd \u010dl\u00e1nek <a href=\"http:\/\/www.epravo.cz\/zpravodajstvi\/vladni-vybor-pro-postizene-podporil-opatreni-k-inkluzi-ve-skolach-100893.html\">ZDE<\/a><\/p>\n","protected":false},"excerpt":{"rendered":"<div class=\"mh-excerpt\"><p>Vl\u00e1dn\u00ed v\u00fdbor pro zdravotn\u011b posti\u017een\u00e9 podpo\u0159il dnes opat\u0159en\u00ed na za\u010dlen\u011bn\u00ed handicapovan\u00fdch d\u011bt\u00ed do b\u011b\u017en\u00fdch \u0161kol, kter\u00e1 maj\u00ed platit od z\u00e1\u0159\u00ed. Podle \u010dlen\u016f to zajist\u00ed rovn\u00e9 <a class=\"mh-excerpt-more\" href=\"https:\/\/www.invarena.cz\/?p=25020\" title=\"Vl\u00e1dn\u00ed v\u00fdbor pro posti\u017een\u00e9 podpo\u0159il opat\u0159en\u00ed k inkluzi ve \u0161kol\u00e1ch\">[&#8230;]<\/a><\/p>\n<\/div>","protected":false},"author":1,"featured_media":2017,"comment_status":"open","ping_status":"closed","sticky":false,"template":"","format":"standard","meta":{"footnotes":""},"categories":[9],"tags":[],"class_list":["post-25020","post","type-post","status-publish","format-standard","has-post-thumbnail","hentry","category-zpravy"],"_links":{"self":[{"href":"https:\/\/www.invarena.cz\/index.php?rest_route=\/wp\/v2\/posts\/25020","targetHints":{"allow":["GET"]}}],"collection":[{"href":"https:\/\/www.invarena.cz\/index.php?rest_route=\/wp\/v2\/posts"}],"about":[{"href":"https:\/\/www.invarena.cz\/index.php?rest_route=\/wp\/v2\/types\/post"}],"author":[{"embeddable":true,"href":"https:\/\/www.invarena.cz\/index.php?rest_route=\/wp\/v2\/users\/1"}],"replies":[{"embeddable":true,"href":"https:\/\/www.invarena.cz\/index.php?rest_route=%2Fwp%2Fv2%2Fcomments&post=25020"}],"version-history":[{"count":0,"href":"https:\/\/www.invarena.cz\/index.php?rest_route=\/wp\/v2\/posts\/25020\/revisions"}],"wp:featuredmedia":[{"embeddable":true,"href":"https:\/\/www.invarena.cz\/index.php?rest_route=\/wp\/v2\/media\/2017"}],"wp:attachment":[{"href":"https:\/\/www.invarena.cz\/index.php?rest_route=%2Fwp%2Fv2%2Fmedia&parent=25020"}],"wp:term":[{"taxonomy":"category","embeddable":true,"href":"https:\/\/www.invarena.cz\/index.php?rest_route=%2Fwp%2Fv2%2Fcategories&post=25020"},{"taxonomy":"post_tag","embeddable":true,"href":"https:\/\/www.invarena.cz\/index.php?rest_route=%2Fwp%2Fv2%2Ftags&post=25020"}],"curies":[{"name":"wp","href":"https:\/\/api.w.org\/{rel}","templated":true}]}}