{"id":25058,"date":"2016-03-30T12:28:45","date_gmt":"2016-03-30T10:28:45","guid":{"rendered":"http:\/\/www.invarena.cz\/?p=25058"},"modified":"2016-03-30T12:35:26","modified_gmt":"2016-03-30T10:35:26","slug":"koularka-kacanu-v-dubaji-slavila-stribrnou-medaili","status":"publish","type":"post","link":"https:\/\/www.invarena.cz\/?p=25058","title":{"rendered":"Koula\u0159ka Kacanu v Dubaji slavila st\u0159\u00edbrnou medaili"},"content":{"rendered":"<p><strong>V minul\u00fdch dnech se v Dubaji uskute\u010dnil ji\u017e osm\u00fd ro\u010dn\u00edk mezin\u00e1rodn\u00edch atletick\u00fdch z\u00e1vod\u016f voz\u00ed\u010dk\u00e1\u0159\u016f.<\/strong> <!--more--><\/p>\n<p>Olomouc \u2013 Olomouck\u00e9 z\u00e1vodn\u00edky reprezentovali Eva Kacanu, Miroslava Obrov\u00e1 ve vrhu koul\u00ed a Michal Rotter, kter\u00fd startoval rovn\u011b\u017e ve vrhu koul\u00ed a v o\u0161t\u011bpu. Zku\u0161en\u00e1 dr\u017eitelka mnoha medail\u00ed ze sv\u011btov\u00fdch a evropsk\u00fdch z\u00e1vod\u016f Eva Kacanu (F 54) si vedla i tentokr\u00e1t velmi \u00fasp\u011b\u0161n\u011b a ve vrhu koul\u00ed v\u00fdkonem 5,79 m vybojovala st\u0159\u00edbrnou medaili. Miroslava Obrov\u00e1 ( F 57) si zaz\u00e1vodila ve vrhu koul\u00ed, kde p\u0159edvedla v\u00fdkon 6,12 m, a to sta\u010dilo pouze na 5. m\u00edsto. V hodu diskem za \u00fa\u010dasti velk\u00e9 konkurence se v\u00fdkonem 14,81 m za\u0159adila na osmou p\u0159\u00ed\u010dku.<\/p>\n<p>Ve vrhu koul\u00ed tak\u00e9 bojoval Michal Rotter (F 55) a um\u00edstil se mezi nejlep\u0161\u00ed des\u00edtku, kdy\u017e v\u00fdkonem 6,05 m skon\u010dil na 10. m\u00edst\u011b. Rovn\u011b\u017e v hodu o\u0161t\u011bpem si vybojoval velmi slu\u0161nou pozici ve sv\u011btov\u00e9 des\u00edtce.<\/p>\n<p>30.03.2016<br \/>\nOlomouck\u00fd den\u00edk<br \/>\n<a href=\"http:\/\/www.olomoucky.denik.cz\/\">http:\/\/www.olomoucky.denik.cz\/<\/a><\/p>\n","protected":false},"excerpt":{"rendered":"<div class=\"mh-excerpt\"><p>V minul\u00fdch dnech se v Dubaji uskute\u010dnil ji\u017e osm\u00fd ro\u010dn\u00edk mezin\u00e1rodn\u00edch atletick\u00fdch z\u00e1vod\u016f voz\u00ed\u010dk\u00e1\u0159\u016f.<\/p>\n<\/div>","protected":false},"author":1,"featured_media":7022,"comment_status":"open","ping_status":"closed","sticky":false,"template":"","format":"standard","meta":{"footnotes":""},"categories":[9],"tags":[],"class_list":["post-25058","post","type-post","status-publish","format-standard","has-post-thumbnail","hentry","category-zpravy"],"_links":{"self":[{"href":"https:\/\/www.invarena.cz\/index.php?rest_route=\/wp\/v2\/posts\/25058","targetHints":{"allow":["GET"]}}],"collection":[{"href":"https:\/\/www.invarena.cz\/index.php?rest_route=\/wp\/v2\/posts"}],"about":[{"href":"https:\/\/www.invarena.cz\/index.php?rest_route=\/wp\/v2\/types\/post"}],"author":[{"embeddable":true,"href":"https:\/\/www.invarena.cz\/index.php?rest_route=\/wp\/v2\/users\/1"}],"replies":[{"embeddable":true,"href":"https:\/\/www.invarena.cz\/index.php?rest_route=%2Fwp%2Fv2%2Fcomments&post=25058"}],"version-history":[{"count":0,"href":"https:\/\/www.invarena.cz\/index.php?rest_route=\/wp\/v2\/posts\/25058\/revisions"}],"wp:featuredmedia":[{"embeddable":true,"href":"https:\/\/www.invarena.cz\/index.php?rest_route=\/wp\/v2\/media\/7022"}],"wp:attachment":[{"href":"https:\/\/www.invarena.cz\/index.php?rest_route=%2Fwp%2Fv2%2Fmedia&parent=25058"}],"wp:term":[{"taxonomy":"category","embeddable":true,"href":"https:\/\/www.invarena.cz\/index.php?rest_route=%2Fwp%2Fv2%2Fcategories&post=25058"},{"taxonomy":"post_tag","embeddable":true,"href":"https:\/\/www.invarena.cz\/index.php?rest_route=%2Fwp%2Fv2%2Ftags&post=25058"}],"curies":[{"name":"wp","href":"https:\/\/api.w.org\/{rel}","templated":true}]}}