{"id":25060,"date":"2016-03-30T12:57:43","date_gmt":"2016-03-30T10:57:43","guid":{"rendered":"http:\/\/www.invarena.cz\/?p=25060"},"modified":"2016-03-30T12:57:43","modified_gmt":"2016-03-30T10:57:43","slug":"jak-spojit-dohromady-autismus-a-hokej-jde-to-uplne-jednoduse-take-diky-fotce-jagra","status":"publish","type":"post","link":"https:\/\/www.invarena.cz\/?p=25060","title":{"rendered":"Jak spojit dohromady autismus a hokej? Jde to \u00fapln\u011b jednodu\u0161e, tak\u00e9 d\u00edky fotce J\u00e1gra"},"content":{"rendered":"<p><strong>Jakub Selmi se narodil s v\u00fdvojovou dysf\u00e1zi\u00ed, p\u0159esto mu hokejov\u00ed Ryt\u00ed\u0159i dali \u0161anci na led\u011b i ve sv\u00e9 speci\u00e1ln\u00ed hokejov\u00e9 t\u0159\u00edd\u011b<\/strong> <!--more--><\/p>\n<p>Kladno \u2013 Jarom\u00edr J\u00e1gr. Jm\u00e9nem aktu\u00e1ln\u011b nejslavn\u011bj\u0161\u00edho Klade\u0148\u00e1ka otev\u0159eme vr\u00e1tka na\u0161eho p\u0159\u00edb\u011bhu. Nebudeme v n\u011bm v\u0161ak popisovat J\u00e1grovy g\u00f3ly, p\u0159ihr\u00e1vky, \u00fasp\u011bchy, \u010di dokonce vztahy, co\u017e asi hodn\u011b lid\u00ed \u010dte nejrad\u011bji. Soust\u0159ed\u00edme se na jeho osobnost, kterak m\u016f\u017ee ovlivnit \u017eivoty nejoby\u010dejn\u011bj\u0161\u00edch lid\u00ed. T\u0159eba Jakuba Selmiho, dev\u00edtilet\u00e9ho chlapce posti\u017een\u00e9ho autismem s v\u00fdvojovou dysf\u00e1zi\u00ed. Pro n\u011bkter\u00e9 to m\u016f\u017ee zn\u00edt neskute\u010dn\u011b, ale Kubu mezi sebe p\u0159ijali hokejov\u00ed Ryt\u00ed\u0159i a u\u017e v\u00edc ne\u017e rok je \u010dlenem regul\u00e9rn\u00edho t\u00fdmu HC3. t\u0159\u00eddy.<\/p>\n<p>Posti\u017een\u00ed nen\u00ed p\u0159i sportu p\u0159ek\u00e1\u017ekou<\/p>\n<p>Na p\u0159elomu lo\u0148sk\u00e9ho a leto\u0161n\u00edho roku zaujaly hokejovou ve\u0159ejnost \u010dl\u00e1nky o \u0161v\u00e9dsk\u00e9m hokejov\u00e9m brank\u00e1\u0159i Linusi S\u00f6derstr\u00f6movi. Ten je posti\u017een Aspegerovou chorobou, ale dot\u00e1hl to do reprezentace a startoval na mistrovstv\u00ed sv\u011bta mlad\u00fdch hr\u00e1\u010d\u016f.<\/p>\n<p>Neskute\u010dn\u00e9!<\/p>\n<p>Na kladensk\u00e9m zimn\u00edm stadionu u\u017e v t\u00e9 dob\u011b vyr\u016fstal v\u00edce ne\u017e rok Jakub Selmi. D\u00edky sv\u00e9 m\u00e1m\u011b Michaele, d\u00edky pedagog\u016fm z 12. Z\u0160 Kladno, d\u00edky vychovatelk\u00e1m z klub\u00edku mlad\u00fdch Ryt\u00ed\u0159\u016f a hlavn\u011b d\u00edky ml\u00e1de\u017enick\u00fdm tren\u00e9r\u016fm Kladna. A pod\u011bkujeme je\u0161t\u011b Jakubov\u00fdm spoluhr\u00e1\u010d\u016fm. Ve v\u011bku, v jak\u00e9m se pohybuj\u00ed, nen\u00ed jednoduch\u00e9 p\u0159ijmout do kolektivu kluka, kter\u00fd je jin\u00fd. Oni to dok\u00e1zali.<\/p>\n<p>&#8222;J\u00e1 bych pod\u011bkovala je\u0161t\u011b mnohem v\u00edc lidem. Rodi\u010d\u016fm d\u011bt\u00ed z jeho t\u0159\u00eddy za toleranci, Antonii Chr\u00e1steck\u00e9 z kladensk\u00e9ho sdru\u017een\u00ed 5P za to, \u017ee Kubovi sh\u00e1n\u00ed asistenta na letn\u00ed p\u0159\u00edpravu \u010di hokejovou v\u00fdstroj,&#8220; \u0159\u00edk\u00e1 Kubova mamka Michaela Selmi Wallisov\u00e1.<\/p>\n<p>Jak se Jakub k hokeji v\u016fbec dostal? Pr\u00e1v\u011b p\u0159es Jarom\u00edra J\u00e1gra, p\u0159es jeho malou fote\u010dku, kterou dostal ve \u0161kolce. S diagn\u00f3zou t\u011b\u017ek\u00e9ho autismu Selmi prakticky v\u016fbec nemluvil, ale kdy\u017e p\u0159i\u0161el dom\u016f pr\u00e1v\u011b ze speci\u00e1ln\u00ed \u0161kolky ve Slan\u00e9m, pronesl p\u0159ed m\u00e1mou slovo nov\u00e9 \u2013 A-G, A-G.<\/p>\n<p>&#8222;Ptala jsem se ho, co to znamen\u00e1 a on donesl obr\u00e1zek Jarom\u00edra J\u00e1gra je\u0161t\u011b v dresu Tu\u010d\u0148\u00e1k\u016f. To jm\u00e9no pro n\u011bj bylo obrovskou inspirac\u00ed a zkusila jsem ho na stadion vz\u00edt,&#8220; vypr\u00e1v\u00ed Michaela.<\/p>\n<p>A Kuba s\u00e1m? &#8222;J\u00e1gra miluju. A je\u0161t\u011b m\u00e1mu, kdy\u017e se se mnou mazl\u00ed,&#8220; mu\u010d\u00ed srd\u00ed\u010dka v\u0161em okolostoj\u00edc\u00edm.<\/p>\n<p>Ve Slan\u00e9m se v jeho kategorii hokej nehr\u00e1l, a tak vyzkou\u0161eli \u0161koli\u010dku bruslen\u00ed v Kladn\u011b. V\u00fdborn\u00fd n\u00e1pad, i kdy\u017e\u2026<\/p>\n<p>&#8222;Koukal jsem se na d\u011bti na led\u011b a Kuby si v\u0161iml. Kvalita bruslen\u00ed \u010di v\u016fbec vn\u00edm\u00e1n\u00ed byla u n\u011bho prakticky nulov\u00e1. Klu\u010d\u00edk se po led\u011b toulal, nenavazoval v\u016fbec kontakt. P\u0159esto n\u00e1s maminka oslovila, zda bychom neuva\u017eovali nad jeho p\u0159ijet\u00edm do sv\u00fdm zp\u016fsobem exkluzivn\u00ed hokejov\u00e9 t\u0159\u00eddy, kterou jsme pr\u00e1v\u011b znovu otev\u00edrali na 12. Z\u0160. Vsadili jsme na to, \u017ee to zkus\u00edme a p\u0159es velk\u00e9 po\u010d\u00e1te\u010dn\u00ed nesn\u00e1ze se v\u0161e povedlo,&#8220; vypr\u00e1v\u00ed hlavn\u00ed koordin\u00e1tor hokejov\u00fdch t\u0159\u00edd, n\u011bkdej\u0161\u00ed skv\u011bl\u00fd kladensk\u00fd hokejista Josef Zaj\u00edc.<\/p>\n<p>Sta\u010d\u00ed tolerance a trochu pr\u00e1ce nav\u00edc<\/p>\n<p>Aby v\u0161e vy\u0161lo, musela \u0159ada lid\u00ed ud\u011blat n\u011bco nav\u00edc. Na novou situaci museli b\u00fdt p\u0159ipraveni tren\u00e9\u0159i d\u011bt\u00ed v \u010dele s Petrem Proch\u00e1zkou a Mat\u011bjem Hoffmannem. Nachystat se tak\u00e9 museli ve \u0161kole, ale i v klub\u00edku na zim\u00e1ku, co\u017e je jak\u00e1si dru\u017eina pro mal\u00e9 hokejisty, kde tr\u00e1v\u00ed \u010das mezi tr\u00e9ninky a vyu\u010dov\u00e1n\u00edm.<\/p>\n<p>&#8222;Ka\u017ed\u00fd m\u011b odrazoval, \u017ee jsem bl\u00e1zen, \u017ee Kuba v\u016fbec nen\u00ed schopen pochopit kolektivn\u00ed hru a v\u016fbec se j\u00ed z\u00fa\u010dastnit. D\u00edky obrovsk\u00e9 podpo\u0159e klubu, \u0161koly a jednotliv\u00fdch lid\u00ed kolem n\u00e1s se to ur\u010dit\u00fdm zp\u016fsobem da\u0159\u00ed,&#8220; d\u011bkuje Michaela Selmi Wallisov\u00e1.<\/p>\n<p>Mimochodem samo\u017eivitelka, archeolo\u017eka, kter\u00e1 kv\u016fli synovi nev\u00e1hala a p\u0159est\u011bhovala se z Prahy do Slan\u00e9ho, kde je speci\u00e1ln\u00ed \u0161kolka.<\/p>\n<p>Nyn\u00ed v\u0161ak doj\u00ed\u017ed\u00ed do Kladna, jej\u00edho syna \u0159editel 12. Z\u0160 Vladim\u00edr Dufek a jeho pedagogick\u00fd sbor za\u0159adili do norm\u00e1ln\u00ed t\u0159\u00eddy s ostatn\u00edmi spoluhr\u00e1\u010di z hokejov\u00e9ho t\u00fdmu. To cht\u011blo kur\u00e1\u017e.<\/p>\n<p>&#8222;Let\u00e1\u010dek do sportovn\u00ed t\u0159\u00eddy jsem sice dostala, ale naprosto jsem neuva\u017eovala, \u017ee by n\u011bco takov\u00e9ho bylo re\u00e1ln\u00e9. Do logopedick\u00e9 t\u0159\u00eddy se u\u017e neve\u0161el, jen\u017ee d\u00edky obrovsk\u00e9 podpo\u0159e Josefa Zaj\u00edce, \u0159editele Vladim\u00edra Dufka a u\u010ditelky Aleny Walzov\u00e9 jsme se dohodli, \u017ee bude chodit do norm\u00e1ln\u00ed t\u0159\u00eddy. \u017de je inteligentn\u00ed, vhodn\u00fd pro inkluzi a pouze pot\u0159ebuje dou\u010dov\u00e1n\u00ed od logopedick\u00e9 specialistky,&#8220; vypr\u00e1v\u00ed Michaela, kter\u00e9 pom\u00e1h\u00e1 s dou\u010dov\u00e1n\u00edm maminka spolu\u017e\u00e1ka Simona Jirotkov\u00e1.<\/p>\n<p>Zpo\u010d\u00e1tku zdaleka v\u0161e ne\u0161lo hladce. Lid\u00e9 s poruchou autistick\u00e9ho spektra jsou jin\u00ed. Kv\u016fli sv\u00e9mu handicapu jin\u00fdm zp\u016fsobem vn\u00edmaj\u00ed a ch\u00e1pou sv\u011bt, kter\u00fd je obklopuje. Jejich chov\u00e1n\u00ed je odli\u0161n\u00e9 a mnohdy velmi obt\u00ed\u017en\u011b pochopiteln\u00e9. K tomu, aby mohli dob\u0159e fungovat, pot\u0159ebuj\u00ed pomoc. B\u00fdvaj\u00ed hyperaktivn\u00ed i agresivn\u00ed.<\/p>\n<p>Velk\u00e1 zku\u0161enost pro v\u0161echny<\/p>\n<p>&#8222;I u n\u00e1s v klub\u00edku to bylo zpo\u010d\u00e1tku slo\u017eit\u011bj\u0161\u00ed, Kuba pot\u0159eboval v\u00edc \u010dasu, aby si zvykl mezi ostatn\u00edmi d\u011btmi. D\u00edky v\u00fdborn\u00e9 komunikaci s maminkou je nyn\u00ed v\u0161e v\u00fdrazn\u011b lep\u0161\u00ed. Ka\u017edop\u00e1dn\u011b je to pro m\u011b velk\u00e1 zku\u0161enost, p\u0159edev\u0161\u00edm celkov\u011b, proto\u017ee s kolegyn\u00ed mus\u00edme uko\u010d\u00edrovat osmdes\u00e1t d\u011bt\u00ed. A to nen\u00ed legrace,&#8220; usm\u00edv\u00e1 se Petra Kvasilov\u00e1 z klub\u00edku Ryt\u00ed\u0159\u016f.<\/p>\n<p>Josef Zaj\u00edc skl\u00e1d\u00e1 hold tak\u00e9 Petru Proch\u00e1zkovi. Mlad\u00e9mu profitren\u00e9rovi, kter\u00fd v\u0161e pochopil a dovedl zrealizovat. Ve sportu, o n\u011bm\u017e se leckdy \u0159\u00edk\u00e1, \u017ee je sice \u010desk\u00fdm rodinn\u00fdm st\u0159\u00edbrem, ale tak\u00e9 sportem pro vyvolen\u00e9. Proch\u00e1zka, Zaj\u00edc a vlastn\u011b cel\u00fd klub Ryt\u00ed\u0159\u016f stav\u00ed tuhle tezi do ofsajdu.<\/p>\n<p>&#8222;Pro m\u011b jako tren\u00e9ra to byla obrovsk\u00e1 zku\u0161enost. Nebudu lh\u00e1t, n\u011bkdy i \u0161\u00edlen\u00fd z\u00e1p\u0159ah. St\u00e1ly n\u00e1m vlasy na hlav\u011b, ale st\u00e1lo to za to a bude st\u00e1t d\u00e1l,&#8220; pov\u00edd\u00e1 chlap, kter\u00fd na kluky um\u00ed b\u00fdt po\u0159\u00e1dn\u011b p\u0159\u00edsn\u00fd, ale z\u00e1rove\u0148 tak\u00e9 kamar\u00e1dsk\u00fd. Jeho prvotn\u00edm c\u00edlem nen\u00ed vychov\u00e1vat sam\u00e9 J\u00e1gry, Vor\u00e1\u010dky a Plekance.<\/p>\n<p>&#8222;Jsou to je\u0161t\u011b d\u011bti, drilovat je nem\u00e1 cenu. Podstatn\u00e9 je, aby jim sport pomohl do \u017eivota, aby je bavil. Na tomto p\u0159i tr\u00e9ninc\u00edch pracujeme, d\u011bl\u00e1me legraci, leckdy doslova kraviny. A Kuba se u\u017e dneska zapojuje, co\u017e je p\u0159\u00edjemn\u00fd pocit,&#8220; \u0159\u00edk\u00e1.<\/p>\n<p>Chce chytit milion puk\u016f<\/p>\n<p>I d\u00edky jemu, Mat\u011bji Hoffmannovi a dal\u0161\u00edm tren\u00e9r\u016fm se te\u010f Kubovi spln\u00ed dal\u0161\u00ed sen. Postav\u00ed se do br\u00e1ny, tam v\u017edycky tou\u017eil b\u00fdt. &#8222;Chyt\u00edm milion puk\u016f! Ne, milion milion\u016f!&#8220; slibuje horliv\u011b.<\/p>\n<p>M\u00e1ma samo\u017eivitelka, kter\u00e1 dost\u00e1v\u00e1 od st\u00e1tu ten nejni\u017e\u0161\u00ed p\u0159\u00edsp\u011bvek na p\u00e9\u010di (a mus\u00ed hradit benzin na doj\u00ed\u017ed\u011bn\u00ed do \u0161koly, hipoterapii, l\u00e9ky a dal\u0161\u00ed Kubovy speci\u00e1ln\u00ed pot\u0159eby), na drahou v\u00fdstroj nem\u00e1, ale Proch\u00e1zka slibuje, \u017ee u\u017e se betony a ohromn\u00e9 rukavice r\u00fdsuj\u00ed. &#8222;Do Jakubov\u00fdch narozenin na konci b\u0159ezna v\u0161e se\u017eeneme!&#8220; Podle n\u011bj bude Jakub v br\u00e1n\u011b s\u00e1m za sebe a bude st\u0159edem pozornosti, co\u017e jeho diagn\u00f3za vy\u017eaduje. &#8222;A\u017e ho d\u00e1me do z\u00e1pasu \u2013 a my to ud\u011bl\u00e1me, zase se mu spln\u00ed jeden sen.&#8220;<\/p>\n<p>Narozeninov\u00e1 party v klub\u00edku na \u010cEZ stadionu tak bude na konci b\u0159ezna p\u0159\u00edjemn\u00e1. Snad Kuba, jeho mamka, hokejov\u00ed tren\u00e9\u0159i i dal\u0161\u00ed lid\u00e9 vytrvaj\u00ed a jeden prost\u00fd lidsk\u00fd sen se bude plnit d\u00e1l.<\/p>\n<p>&#8222;Pokud se n\u00e1m na hokeji povede p\u0159isp\u011bt k tomu, aby se Kuba dostal v dosp\u011blosti do norm\u00e1ln\u00ed spole\u010dnosti, bude to pro n\u00e1s mal\u00e9 Nagano,&#8220; dodal Petr Proch\u00e1zka.<\/p>\n<p>V\u00fdvojov\u00e1 dysf\u00e1zie<br \/>\nV\u00fdvojov\u00e1 dysf\u00e1zie se tak\u00e9 ozna\u010duje jako specificky naru\u0161en\u00fd v\u00fdvoj \u0159e\u010di, kter\u00fd se projevuje zt\u00ed\u017eenou schopnost\u00ed, nebo neschopnost\u00ed nau\u010dit se verb\u00e1ln\u011b komunikovat, i kdy\u017e podm\u00ednky pro rozvoj \u0159e\u010di jsou p\u0159im\u011b\u0159en\u00e9. U v\u00fdvojov\u00e9 dysf\u00e1zie doch\u00e1z\u00ed k poru\u0161e centr\u00e1ln\u00edho zpracov\u00e1n\u00ed \u0159e\u010dov\u00e9ho sign\u00e1lu. To znamen\u00e1, \u017ee d\u00edt\u011b v\u0161e sly\u0161\u00ed, vid\u00ed, nem\u00e1 \u017e\u00e1dnou poruchu sluchu \u010di zraku, ale jeho centr\u00e1ln\u00ed nervov\u00e1 soustava a mozek nejsou schopny dostate\u010dn\u011b spr\u00e1vn\u011b zpracovat sluchov\u00e9 a zrakov\u00e9 sign\u00e1ly, kter\u00e9 d\u00edt\u011b p\u0159ij\u00edm\u00e1 z okol\u00ed. P\u0159\u00ed\u010diny vzniku v\u00fdvojov\u00e9 dysf\u00e1zie n\u00e1m zat\u00edm nejsou zcela jasn\u00e9. Ve v\u011bt\u0161in\u011b p\u0159\u00edpad\u016f b\u00fdv\u00e1 u d\u011bt\u00ed s v\u00fdvojovou dysf\u00e1zi\u00ed p\u0159\u00edtomen probl\u00e9m v t\u011bhotenstv\u00ed matky, u porodu \u010di t\u011bsn\u011b po n\u011bm. Jistou roli zde tak\u00e9 pravd\u011bpodobn\u011b hraje d\u011bdi\u010dnost. Opo\u017ed\u011bn\u00fd v\u00fdvoj \u0159e\u010di a v\u00fdvojov\u00e9 poruchy se \u010dast\u011bji objevuj\u00ed u chlapc\u016f.<\/p>\n<p>RUDOLF MUZIKA<br \/>\nPra\u017esk\u00fd den\u00edk<br \/>\n<a href=\"http:\/\/www.prazsky.denik.cz\/\">http:\/\/www.prazsky.denik.cz\/<\/a><\/p>\n","protected":false},"excerpt":{"rendered":"<div class=\"mh-excerpt\"><p>Jakub Selmi se narodil s v\u00fdvojovou dysf\u00e1zi\u00ed, p\u0159esto mu hokejov\u00ed Ryt\u00ed\u0159i dali \u0161anci na led\u011b i ve sv\u00e9 speci\u00e1ln\u00ed hokejov\u00e9 t\u0159\u00edd\u011b<\/p>\n<\/div>","protected":false},"author":1,"featured_media":0,"comment_status":"open","ping_status":"closed","sticky":false,"template":"","format":"standard","meta":{"footnotes":""},"categories":[9],"tags":[],"class_list":["post-25060","post","type-post","status-publish","format-standard","hentry","category-zpravy"],"_links":{"self":[{"href":"https:\/\/www.invarena.cz\/index.php?rest_route=\/wp\/v2\/posts\/25060","targetHints":{"allow":["GET"]}}],"collection":[{"href":"https:\/\/www.invarena.cz\/index.php?rest_route=\/wp\/v2\/posts"}],"about":[{"href":"https:\/\/www.invarena.cz\/index.php?rest_route=\/wp\/v2\/types\/post"}],"author":[{"embeddable":true,"href":"https:\/\/www.invarena.cz\/index.php?rest_route=\/wp\/v2\/users\/1"}],"replies":[{"embeddable":true,"href":"https:\/\/www.invarena.cz\/index.php?rest_route=%2Fwp%2Fv2%2Fcomments&post=25060"}],"version-history":[{"count":0,"href":"https:\/\/www.invarena.cz\/index.php?rest_route=\/wp\/v2\/posts\/25060\/revisions"}],"wp:attachment":[{"href":"https:\/\/www.invarena.cz\/index.php?rest_route=%2Fwp%2Fv2%2Fmedia&parent=25060"}],"wp:term":[{"taxonomy":"category","embeddable":true,"href":"https:\/\/www.invarena.cz\/index.php?rest_route=%2Fwp%2Fv2%2Fcategories&post=25060"},{"taxonomy":"post_tag","embeddable":true,"href":"https:\/\/www.invarena.cz\/index.php?rest_route=%2Fwp%2Fv2%2Ftags&post=25060"}],"curies":[{"name":"wp","href":"https:\/\/api.w.org\/{rel}","templated":true}]}}