{"id":25067,"date":"2016-03-30T13:27:04","date_gmt":"2016-03-30T11:27:04","guid":{"rendered":"http:\/\/www.invarena.cz\/?p=25067"},"modified":"2016-03-30T13:27:04","modified_gmt":"2016-03-30T11:27:04","slug":"akce-kromeriz-bez-hranic-vynesla-temer-140-tisic-korun-pro-postizene-deti","status":"publish","type":"post","link":"https:\/\/www.invarena.cz\/?p=25067","title":{"rendered":"Akce Krom\u011b\u0159\u00ed\u017e bez hranic vynesla t\u00e9m\u011b\u0159 140 tis\u00edc korun pro posti\u017een\u00e9 d\u011bti"},"content":{"rendered":"<p><strong>S velk\u00fdm ohlasem a \u00fasp\u011b\u0161nou bilanc\u00ed prob\u011bhla v Dom\u011b kultury v Krom\u011b\u0159\u00ed\u017ei celodenn\u00ed eduka\u010dn\u011b kulturn\u00ed akce Krom\u011b\u0159\u00ed\u017e bez hranic. Organiz\u00e1tor\u016fm se poda\u0159ilo propojit n\u011bkolik organizac\u00ed, poskytuj\u00edc\u00edch slu\u017eby pro posti\u017een\u00e9 ob\u010dany a d\u00edky p\u0159\u00edm\u00e9 podpo\u0159e des\u00edtek organiza\u010dn\u00edch pracovn\u00edk\u016f a lektor\u016f prom\u011bnili t\u00e9m\u011b\u0159 v\u0161echny prostory v Dom\u011b kultury na jedine\u010dn\u00e9 m\u00edsto bez hranic.<\/strong> <!--more--><\/p>\n<p>Bohat\u00e1 nab\u00eddka aktivit a p\u0159\u00edle\u017eitost\u00ed pro podporu u\u0161lechtil\u00e9ho c\u00edle na\u0161la skv\u011blou odezvu u \u017e\u00e1k\u016f z\u00e1kladn\u00edch a st\u0159edn\u00edch \u0161kol, stala se m\u00edstem setk\u00e1n\u00ed \u0161irok\u00e9 ve\u0159ejnosti a lid\u00ed specializuj\u00edc\u00edch se na poskytov\u00e1n\u00ed vzd\u011bl\u00e1vac\u00edch a poradensk\u00fdch slu\u017eeb pro osoby s r\u016fzn\u00fdm druhem posti\u017een\u00ed.<\/p>\n<p>V\u00edce jak 700 \u017e\u00e1k\u016f m\u011blo p\u0159\u00edle\u017eitost se sezn\u00e1mit s probl\u00e9my, kter\u00e9 ka\u017edodenn\u011b mus\u00ed \u0159e\u0161it handicapovan\u00ed lid\u00e9, vyzkou\u0161eli si zaj\u00edmav\u00e9 kompenza\u010dn\u00ed pom\u016fcky, sportovn\u00ed aktivity p\u0159izp\u016fsoben\u00e9 pro lidi s t\u011blesn\u00fdm omezen\u00edm, z\u00edskali spoustu z\u00e1\u017eitk\u016f a inspirace v r\u00e1mci sc\u00e9nick\u00e9ho p\u0159edstaven\u00ed lid\u00ed na voz\u00ed\u010dku i pantomimick\u00e9ho divadla nesly\u0161\u00edc\u00edch.<\/p>\n<p>D\u00edky Nadaci Divok\u00e9 husy bude v\u00fdt\u011b\u017eek je\u0161t\u011b dopln\u011bn<\/p>\n<p>To v\u0161e bylo dopln\u011bno mo\u017enost\u00ed zakoupit si nev\u0161edn\u00ed d\u00e1rky na jarmarku Z\u0160 a M\u0160 speci\u00e1ln\u00ed Krom\u011b\u0159\u00ed\u017e. Ten p\u0159il\u00e1kal i z\u00e1jemce z \u0159ad \u0161irok\u00e9 ve\u0159ejnosti Krom\u011b\u0159\u00ed\u017ee. Na bohat\u00fd dopoledn\u00ed a odpoledn\u00ed program pro \u0161koly nav\u00e1zala ve\u010dern\u00ed nab\u00eddka kulturn\u00edho vy\u017eit\u00ed pro ve\u0159ejnost: vernis\u00e1\u017e fotografi\u00ed Petra Stillera a nezapomenuteln\u00fd koncert pra\u017esk\u00e9ho souboru z Jedli\u010dkova \u00fastavu The Tap Tap.<\/p>\n<p>Celkov\u00fd po\u010det \u00fa\u010dastn\u00edk\u016f celodenn\u00edho programu Krom\u011b\u0159\u00ed\u017e bez hranic p\u0159es\u00e1hl 1500.<\/p>\n<p>Akce m\u011bla benefi\u010dn\u00ed zam\u011b\u0159en\u00ed, kdy v\u00fdt\u011b\u017eek cel\u00e9 akce v celkov\u00e9 v\u00fd\u0161i 79 276 korun byl v\u011bnov\u00e1n organizaci Kor\u00e1lky Krom\u011b\u0159\u00ed\u017e, z.s. D\u00edky Nadaci Divok\u00e9 husy bude v\u00fdt\u011b\u017eek je\u0161t\u011b dopln\u011bn o \u010d\u00e1stku 60 000 korun a bude pou\u017eit na n\u00e1kup automobilu pro Kor\u00e1lky Krom\u011b\u0159\u00ed\u017e, z.s., kter\u00fd bude slou\u017eit pro zaji\u0161t\u011bn\u00ed dopravy d\u011bt\u00ed a \u017e\u00e1k\u016f Z\u0160 a M\u0160 speci\u00e1ln\u00ed Krom\u011b\u0159\u00ed\u017e.<\/p>\n<p>Parlamentn\u00ed Listy<\/p>\n","protected":false},"excerpt":{"rendered":"<div class=\"mh-excerpt\"><p>S velk\u00fdm ohlasem a \u00fasp\u011b\u0161nou bilanc\u00ed prob\u011bhla v Dom\u011b kultury v Krom\u011b\u0159\u00ed\u017ei celodenn\u00ed eduka\u010dn\u011b kulturn\u00ed akce Krom\u011b\u0159\u00ed\u017e bez hranic. Organiz\u00e1tor\u016fm se poda\u0159ilo propojit n\u011bkolik organizac\u00ed, <a class=\"mh-excerpt-more\" href=\"https:\/\/www.invarena.cz\/?p=25067\" title=\"Akce Krom\u011b\u0159\u00ed\u017e bez hranic vynesla t\u00e9m\u011b\u0159 140 tis\u00edc korun pro posti\u017een\u00e9 d\u011bti\">[&#8230;]<\/a><\/p>\n<\/div>","protected":false},"author":1,"featured_media":24717,"comment_status":"open","ping_status":"closed","sticky":false,"template":"","format":"standard","meta":{"footnotes":""},"categories":[9],"tags":[],"class_list":["post-25067","post","type-post","status-publish","format-standard","has-post-thumbnail","hentry","category-zpravy"],"_links":{"self":[{"href":"https:\/\/www.invarena.cz\/index.php?rest_route=\/wp\/v2\/posts\/25067","targetHints":{"allow":["GET"]}}],"collection":[{"href":"https:\/\/www.invarena.cz\/index.php?rest_route=\/wp\/v2\/posts"}],"about":[{"href":"https:\/\/www.invarena.cz\/index.php?rest_route=\/wp\/v2\/types\/post"}],"author":[{"embeddable":true,"href":"https:\/\/www.invarena.cz\/index.php?rest_route=\/wp\/v2\/users\/1"}],"replies":[{"embeddable":true,"href":"https:\/\/www.invarena.cz\/index.php?rest_route=%2Fwp%2Fv2%2Fcomments&post=25067"}],"version-history":[{"count":0,"href":"https:\/\/www.invarena.cz\/index.php?rest_route=\/wp\/v2\/posts\/25067\/revisions"}],"wp:featuredmedia":[{"embeddable":true,"href":"https:\/\/www.invarena.cz\/index.php?rest_route=\/wp\/v2\/media\/24717"}],"wp:attachment":[{"href":"https:\/\/www.invarena.cz\/index.php?rest_route=%2Fwp%2Fv2%2Fmedia&parent=25067"}],"wp:term":[{"taxonomy":"category","embeddable":true,"href":"https:\/\/www.invarena.cz\/index.php?rest_route=%2Fwp%2Fv2%2Fcategories&post=25067"},{"taxonomy":"post_tag","embeddable":true,"href":"https:\/\/www.invarena.cz\/index.php?rest_route=%2Fwp%2Fv2%2Ftags&post=25067"}],"curies":[{"name":"wp","href":"https:\/\/api.w.org\/{rel}","templated":true}]}}