{"id":25077,"date":"2016-04-02T22:44:55","date_gmt":"2016-04-02T20:44:55","guid":{"rendered":"http:\/\/www.invarena.cz\/?p=25077"},"modified":"2016-04-02T22:44:55","modified_gmt":"2016-04-02T20:44:55","slug":"lide-a-kone-spojuji-sily-na-pomoc-nemocnym-detem","status":"publish","type":"post","link":"https:\/\/www.invarena.cz\/?p=25077","title":{"rendered":"Lid\u00e9 a kon\u011b spojuj\u00ed s\u00edly na pomoc nemocn\u00fdm d\u011btem"},"content":{"rendered":"<p><strong>Nov\u00e9 st\u0159edisko pro l\u00e9\u010dbu d\u011bt\u00ed se speci\u00e1ln\u00edmi pot\u0159ebami bude spojovat fyzioterapii a speci\u00e1ln\u00ed pedagogiku. Vyu\u017eij\u00ed zde tak\u00e9 speci\u00e1ln\u011b vycvi\u010den\u00e9 kon\u011b. <\/strong><!--more--><\/p>\n<p>ilustra\u010dn\u00ed foto: taliesin \/ MorgueFile<\/p>\n<p>Mal\u00fd Jirka m\u00e1 od narozen\u00ed d\u011btskou mozkovou obrnu. S maminkou nav\u0161t\u011bvuj\u00ed pravideln\u011b Centrum hiporehabilitace Isar a nad pokroky, kter\u00e9 Ji\u0159\u00edk ud\u011blal, \u017easnou i l\u00e9ka\u0159i.<br \/>\n&#8222;Kdy\u017e k n\u00e1m Jirka p\u0159i\u0161el poprv\u00e9, nedok\u00e1zal sed\u011bt ani se s\u00e1m naj\u00edst. Dneska u\u017e sed\u00ed na koni \u00fapln\u011b s\u00e1m a za\u010d\u00edn\u00e1 d\u011blat prvn\u00ed samostatn\u00e9 kroky,&#8220; vypr\u00e1v\u00ed nad\u0161en\u011b \u0159editelka Isaru \u0160\u00e1rka Sm\u00ed\u0161kov\u00e1, kter\u00e1 vede i jeho fyzioterapii.<br \/>\nJirka s maminkou nav\u0161t\u011bvuj\u00ed tak\u00e9 pracovi\u0161t\u011b speci\u00e1ln\u00ed pedagogiky Duhov\u00e1 cesta, kterou vede B\u00e1ra Sedl\u00e1\u0159ov\u00e1. I v Duhovce se v\u011bnuj\u00ed hiporehabilitaci, ale trochu jinou formou.<br \/>\nZat\u00edmco p\u0159i hipoterapii v Isaru jde o p\u0159enos pohybu z kon\u011b na d\u00edt\u011b a c\u00edlem je pohybov\u00e1 stimulace, speci\u00e1ln\u00ed pedagogika vyu\u017e\u00edv\u00e1 p\u0159irozen\u00e9 prost\u0159ed\u00ed kolem kon\u00ed.<br \/>\nI \u0161punti, jako je Jirka, si kon\u011b h\u0159ebelcuj\u00ed, s pomoc\u00ed dosp\u011bl\u00fdch jim \u010dist\u00ed kopyta a p\u0159ipravuj\u00ed si je na j\u00edzdu nebo na spole\u010dnou pr\u00e1ci, kdy kon\u011b vod\u00ed a pln\u00ed s nimi nejr\u016fzn\u011bj\u0161\u00ed \u00fakoly.<br \/>\nK\u016f\u0148 je tady pro Jirku velk\u00fd kamar\u00e1d, kter\u00fd pot\u0159ebuje jeho p\u00e9\u010di a kter\u00fd si s n\u00edm pak za odm\u011bnu hraje. &#8222;Je to pro n\u00e1s i pro Jirku hodn\u011b n\u00e1ro\u010dn\u00e9, ob\u011b pracovi\u0161t\u011b jsou od sebe dvacet kilometr\u016f, ale v\u00fdsledky jsou tak skv\u011bl\u00e9, \u017ee n\u00e1m cestov\u00e1n\u00ed za to stoj\u00ed,&#8220; \u0159\u00edk\u00e1 Jirkova maminka Kate\u0159ina Kone\u010dn\u00e1.<br \/>\nTe\u010f ale sv\u00edt\u00e1 pro Ji\u0159\u00edka i dal\u0161\u00ed des\u00edtky d\u011bt\u00ed, kter\u00e9 se na obou pracovi\u0161t\u00edch l\u00e9\u010d\u00ed, velk\u00e1 nad\u011bje, \u017ee budou moci nav\u0161t\u011bvovat pouze jedno m\u00edsto pro spole\u010dn\u00e9 procedury.<br \/>\n&#8222;Cht\u011bli jsme to uchovat co nejd\u00e9le jako tajemstv\u00ed a p\u0159ekvapen\u00ed pro rodi\u010de i d\u011bti. Kdy\u017e se ale pt\u00e1te, tak je pravda, \u017ee nov\u00e9 pracovi\u0161t\u011b se u\u017e chyst\u00e1, ale m\u00edsto v\u00e1m je\u0161t\u011b neprozrad\u00edm,&#8220; l\u00ed\u010d\u00ed trochu tajemn\u011b \u0160\u00e1rka Sm\u00ed\u0161kov\u00e1, \u0159editelka Isaru.<br \/>\nPomoc posti\u017een\u00fdm d\u011btem u n\u00e1s podporuje tak\u00e9 jeden z nejv\u011bt\u0161\u00edch dodavatel\u016f energi\u00ed, spole\u010dnost Centropol Energy.<br \/>\n&#8222;Jsme velk\u00fdmi p\u0159\u00edznivci hiporehabilitace a projektu kon\u00ed, kte\u0159\u00ed l\u00e9\u010d\u00ed. Vid\u00edme v\u00fdsledky, a kdy\u017e zde selh\u00e1v\u00e1 st\u00e1t, my ho r\u00e1di zastoup\u00edme,&#8220; \u0159\u00edk\u00e1 k tomu mana\u017eer komunikace Centropolu Ladislav \u0160ticha.<br \/>\nHiporehabilitace je oborem, kter\u00fd p\u0159i l\u00e9\u010debn\u00fdch procedur\u00e1ch vyu\u017e\u00edv\u00e1 speci\u00e1ln\u011b vycvi\u010den\u00e9 kon\u011b.<br \/>\nO blahod\u00e1rn\u00e9m \u00fa\u010dinku spojen\u00ed lidsk\u00e9ho t\u011bla a ko\u0148sk\u00e9ho h\u0159betu u\u017e v\u011bd\u011bli ve starov\u011bku. P\u0159esto podpora tomuto unik\u00e1tn\u00edmu oboru je u n\u00e1s st\u00e1le mal\u00e1.<br \/>\nPodobn\u011b je na tom tak\u00e9 speci\u00e1ln\u00ed pedagogika, kter\u00e1 pomoc\u00ed p\u0159irozen\u00e9ho kontaktu \u010dlov\u011bka a zv\u00ed\u0159ete zlep\u0161uje kvalitu \u017eivota klienta.<br \/>\nTerapie p\u0159isp\u00edv\u00e1 k rozvoji hrub\u00e9 i jemn\u00e9 motoriky, podn\u011bcuje verb\u00e1ln\u00ed i neverb\u00e1ln\u00ed komunikaci, rozvoj orientace v prostoru, n\u00e1cvik koncentrace, rozv\u00edj\u00ed soci\u00e1ln\u00ed c\u00edt\u011bn\u00ed a pozn\u00e1v\u00e1n\u00ed. Z\u00e1rove\u0148 m\u00e1 vliv na psychiku a p\u0159isp\u00edv\u00e1 k du\u0161evn\u00ed rovnov\u00e1ze. A i tady jsou v hlavn\u00ed roli speci\u00e1ln\u011b vycvi\u010den\u00ed kon\u011b. Isar a Duhov\u00e1 cesta pat\u0159\u00ed ke \u0161pi\u010dkov\u00fdm pracovi\u0161t\u00edm, kter\u00e1 se rozhodla spojit sv\u00e9 s\u00edly ve prosp\u011bch d\u011bt\u00ed se speci\u00e1ln\u00edmi pot\u0159ebami.<br \/>\nJi\u017e brzy se nav\u00edc otev\u0159e nov\u00e9 unik\u00e1tn\u00ed st\u0159edisko, kde najdou \u00fato\u010di\u0161t\u011b terapeuti z \u0159ad lid\u00ed i kon\u00ed a samoz\u0159ejm\u011b zde vznikne p\u0159\u00edjemn\u00e9 prost\u0159ed\u00ed pro rodi\u010de a jejich nemocn\u00e9 d\u011bti. <\/p>\n<p>&#8212; <\/p>\n<p>\u0160\u0165astn\u00e9 spojen\u00ed Hiporehabilitace a speci\u00e1ln\u00ed pedagogika budou m\u00edt brzy spole\u010dnou adresu.<br \/>\n&#8211; Isar, ob\u010dansk\u00e9 sdru\u017een\u00ed pro hiporehabilitaci, funguje od roku 1997. Nab\u00edz\u00ed profesion\u00e1ln\u00ed slu\u017eby v oboru hiporehabilitace a fyzioterapie na vysok\u00e9 \u00farovni. Are\u00e1l farmy je na Hr\u00e1dku v Mrat\u00edn\u011b.<br \/>\n&#8211; Duhov\u00e1 cesta: provoz terapeutick\u00e9 \u010dinnosti pod hlavi\u010dkou &#8222;Tak trochu jinak&#8220; se datuje od roku 2010. Jej\u00ed s\u00eddlo se nach\u00e1z\u00ed v Ml\u00e9kojedech. <\/p>\n<p>Metro<\/p>\n","protected":false},"excerpt":{"rendered":"<div class=\"mh-excerpt\"><p>Nov\u00e9 st\u0159edisko pro l\u00e9\u010dbu d\u011bt\u00ed se speci\u00e1ln\u00edmi pot\u0159ebami bude spojovat fyzioterapii a speci\u00e1ln\u00ed pedagogiku. Vyu\u017eij\u00ed zde tak\u00e9 speci\u00e1ln\u011b vycvi\u010den\u00e9 kon\u011b.<\/p>\n<\/div>","protected":false},"author":1,"featured_media":18802,"comment_status":"open","ping_status":"closed","sticky":false,"template":"","format":"standard","meta":{"footnotes":""},"categories":[9],"tags":[],"class_list":["post-25077","post","type-post","status-publish","format-standard","has-post-thumbnail","hentry","category-zpravy"],"_links":{"self":[{"href":"https:\/\/www.invarena.cz\/index.php?rest_route=\/wp\/v2\/posts\/25077","targetHints":{"allow":["GET"]}}],"collection":[{"href":"https:\/\/www.invarena.cz\/index.php?rest_route=\/wp\/v2\/posts"}],"about":[{"href":"https:\/\/www.invarena.cz\/index.php?rest_route=\/wp\/v2\/types\/post"}],"author":[{"embeddable":true,"href":"https:\/\/www.invarena.cz\/index.php?rest_route=\/wp\/v2\/users\/1"}],"replies":[{"embeddable":true,"href":"https:\/\/www.invarena.cz\/index.php?rest_route=%2Fwp%2Fv2%2Fcomments&post=25077"}],"version-history":[{"count":0,"href":"https:\/\/www.invarena.cz\/index.php?rest_route=\/wp\/v2\/posts\/25077\/revisions"}],"wp:featuredmedia":[{"embeddable":true,"href":"https:\/\/www.invarena.cz\/index.php?rest_route=\/wp\/v2\/media\/18802"}],"wp:attachment":[{"href":"https:\/\/www.invarena.cz\/index.php?rest_route=%2Fwp%2Fv2%2Fmedia&parent=25077"}],"wp:term":[{"taxonomy":"category","embeddable":true,"href":"https:\/\/www.invarena.cz\/index.php?rest_route=%2Fwp%2Fv2%2Fcategories&post=25077"},{"taxonomy":"post_tag","embeddable":true,"href":"https:\/\/www.invarena.cz\/index.php?rest_route=%2Fwp%2Fv2%2Ftags&post=25077"}],"curies":[{"name":"wp","href":"https:\/\/api.w.org\/{rel}","templated":true}]}}