{"id":25080,"date":"2016-03-31T15:37:03","date_gmt":"2016-03-31T13:37:03","guid":{"rendered":"http:\/\/www.invarena.cz\/?p=25080"},"modified":"2016-03-31T15:37:03","modified_gmt":"2016-03-31T13:37:03","slug":"kracet-i-po-nevyslapanych-cestach","status":"publish","type":"post","link":"https:\/\/www.invarena.cz\/?p=25080","title":{"rendered":"Kr\u00e1\u010det i po nevy\u0161lapan\u00fdch cest\u00e1ch"},"content":{"rendered":"<p><strong>Za\u017eijte sv\u011bt nesly\u0161\u00edc\u00edch, tak zn\u011bl n\u00e1zev osv\u011btov\u00e9 konference, kterou v historick\u00fdch s\u00e1lech pra\u017esk\u00e9 Starom\u011bstsk\u00e9 radnice uspo\u0159\u00e1dala u p\u0159\u00edle\u017eitosti Mezin\u00e1rodn\u00edho dne mate\u0159sk\u00e9ho jazyka spole\u010dnost Tich\u00fd sv\u011bt.<\/strong> <!--more--><\/p>\n<p>Mate\u0159\u0161tinou je pro nesly\u0161\u00edc\u00ed nej\u010dast\u011bji znakov\u00fd jazyk, proto se tak\u00e9 v\u011bt\u0161ina p\u0159edn\u00e1\u0161ej\u00edc\u00edch prezentovala rukama a hlasy jim prop\u016fj\u010dovaly tlumo\u010dnice.<\/p>\n<p>\u00da\u010dastn\u00edci a \u00fa\u010dastnice velmi pozorn\u011b naslouchali a ka\u017ed\u00fd p\u0159\u00edsp\u011bvek odm\u011bnili potleskem po zp\u016fsobu nesly\u0161\u00edc\u00edch \u2013 pomoc\u00ed zdvi\u017een\u00fdch rukou. Des\u00edtka prezentac\u00ed pomohla n\u00e1v\u0161t\u011bvn\u00edk\u016fm p\u0159irozen\u011b nahl\u00e9dnout do sv\u011bta nesly\u0161\u00edc\u00edch.<\/p>\n<p>Nap\u0159\u00edklad z\u00edskali p\u0159edstavu o tom, jak vypad\u00e1 b\u011b\u017en\u00fd den nesly\u0161\u00edc\u00ed maminky s mal\u00fdmi d\u011btmi, jak\u00e9 pocity pro\u017e\u00edvaj\u00ed nesly\u0161\u00edc\u00ed obklopeni kolektivem sly\u0161\u00edc\u00edch, poznali p\u0159\u00edb\u011bh \u010desk\u00e9 nesly\u0161\u00edc\u00ed d\u00edvky Marie Ma\u0161l\u00e1\u0148ov\u00e9, kter\u00e1 se stala moder\u00e1torkou \u0161v\u00e9dsk\u00e9 televize pro nesly\u0161\u00edc\u00ed. Je velmi \u0161ikovn\u00e1, \u0159ekli n\u00e1m ti, kte\u0159\u00ed ji dob\u0159e znaj\u00ed. P\u016fsob\u00ed toti\u017e tak\u00e9 jako moder\u00e1torka internetov\u00fdch Tich\u00fdch zpr\u00e1v (www.tichezpravy.cz).<\/p>\n<p>V z\u00e1v\u011bru konference vyj\u00e1d\u0159ila sv\u016fj \u017eivotn\u00ed postoj studentka Masarykovy univerzity Jana Havlov\u00e1. Od narozen\u00ed nesly\u0161\u00edc\u00ed d\u00edvka, poch\u00e1zej\u00edc\u00ed z nesly\u0161\u00edc\u00ed rodiny, je p\u0159esv\u011bd\u010dena o tom, \u017ee v \u017eivot\u011b je t\u0159eba kr\u00e1\u010det i po nevy\u0161lapan\u00fdch cest\u00e1ch a t\u00edm, \u017ee \u010dlov\u011bk nesly\u0161\u00ed, by se nem\u011bl nechat odradit. Rozhodla se st\u00e1t pr\u00e1vni\u010dkou a h\u00e1jit pr\u00e1va lid\u00ed se zdravotn\u00edm posti\u017een\u00edm: \u00bbDostuduji pr\u00e1va, um\u00edm znakov\u00fd jazyk i \u010de\u0161tinu, tak bych mohla b\u00fdt v tomto sm\u011bru n\u00e1pomocna,\u00ab \u0159\u00edk\u00e1 studentka, kter\u00e1 ji\u017e absolvovala st\u00e1\u017e v instituc\u00edch EU v Bruselu a ro\u010dn\u00ed st\u00e1\u017e u ombudsmanky. Nyn\u00ed je v p\u00e1t\u00e9m ro\u010dn\u00edku magistersk\u00e9ho studia a p\u00ed\u0161e diplomovou pr\u00e1ci na t\u00e9ma diskriminace nesly\u0161\u00edc\u00edch ob\u010dan\u016f \u010cesk\u00e9 republiky.<\/p>\n<p>Mezin\u00e1rodn\u00ed den mate\u0159sk\u00e9ho jazyka p\u0159ipad\u00e1 na 21. \u00fanora.<\/p>\n<p>Hal\u00f3 noviny<\/p>\n","protected":false},"excerpt":{"rendered":"<div class=\"mh-excerpt\"><p>Za\u017eijte sv\u011bt nesly\u0161\u00edc\u00edch, tak zn\u011bl n\u00e1zev osv\u011btov\u00e9 konference, kterou v historick\u00fdch s\u00e1lech pra\u017esk\u00e9 Starom\u011bstsk\u00e9 radnice uspo\u0159\u00e1dala u p\u0159\u00edle\u017eitosti Mezin\u00e1rodn\u00edho dne mate\u0159sk\u00e9ho jazyka spole\u010dnost Tich\u00fd sv\u011bt.<\/p>\n<\/div>","protected":false},"author":1,"featured_media":6341,"comment_status":"open","ping_status":"closed","sticky":false,"template":"","format":"standard","meta":{"footnotes":""},"categories":[9],"tags":[],"class_list":["post-25080","post","type-post","status-publish","format-standard","has-post-thumbnail","hentry","category-zpravy"],"_links":{"self":[{"href":"https:\/\/www.invarena.cz\/index.php?rest_route=\/wp\/v2\/posts\/25080","targetHints":{"allow":["GET"]}}],"collection":[{"href":"https:\/\/www.invarena.cz\/index.php?rest_route=\/wp\/v2\/posts"}],"about":[{"href":"https:\/\/www.invarena.cz\/index.php?rest_route=\/wp\/v2\/types\/post"}],"author":[{"embeddable":true,"href":"https:\/\/www.invarena.cz\/index.php?rest_route=\/wp\/v2\/users\/1"}],"replies":[{"embeddable":true,"href":"https:\/\/www.invarena.cz\/index.php?rest_route=%2Fwp%2Fv2%2Fcomments&post=25080"}],"version-history":[{"count":0,"href":"https:\/\/www.invarena.cz\/index.php?rest_route=\/wp\/v2\/posts\/25080\/revisions"}],"wp:featuredmedia":[{"embeddable":true,"href":"https:\/\/www.invarena.cz\/index.php?rest_route=\/wp\/v2\/media\/6341"}],"wp:attachment":[{"href":"https:\/\/www.invarena.cz\/index.php?rest_route=%2Fwp%2Fv2%2Fmedia&parent=25080"}],"wp:term":[{"taxonomy":"category","embeddable":true,"href":"https:\/\/www.invarena.cz\/index.php?rest_route=%2Fwp%2Fv2%2Fcategories&post=25080"},{"taxonomy":"post_tag","embeddable":true,"href":"https:\/\/www.invarena.cz\/index.php?rest_route=%2Fwp%2Fv2%2Ftags&post=25080"}],"curies":[{"name":"wp","href":"https:\/\/api.w.org\/{rel}","templated":true}]}}