{"id":25083,"date":"2016-03-31T15:47:32","date_gmt":"2016-03-31T13:47:32","guid":{"rendered":"http:\/\/www.invarena.cz\/?p=25083"},"modified":"2016-03-31T17:32:35","modified_gmt":"2016-03-31T15:32:35","slug":"doteky-jinakosti-senat-ozdobi-obrazy-autistickych-umelcu","status":"publish","type":"post","link":"https:\/\/www.invarena.cz\/?p=25083","title":{"rendered":"Doteky jinakosti: Sen\u00e1t ozdob\u00ed obrazy autistick\u00fdch um\u011blc\u016f"},"content":{"rendered":"<p><strong>Lid\u00e9 s autismem nel\u017eou, nesoud\u00ed a nepleticha\u0159\u00ed. Mo\u017en\u00e1 bychom se od nich m\u011bli n\u011bco nau\u010dit. Mo\u017en\u00e1 i inspirace t\u00edmto cit\u00e1tem v\u00e1s pozve do 11. dubna do Sen\u00e1tu Parlamentu \u010cesk\u00e9 republiky. V tamn\u00ed Chodb\u011b m\u00edstop\u0159edsed\u016f bude instalov\u00e1na v\u00fdstava s n\u00e1zvem Doteky jinakosti, kter\u00e1 p\u0159edstav\u00ed obrazy, je\u017e vytvo\u0159ili pr\u00e1v\u011b um\u011blci s autismem.<\/strong><!--more--><\/p>\n<p>Cel\u00fd \u010dl\u00e1nek <a href=\"http:\/\/www.prazskypatriot.cz\/doteky-jinakosti-senat-ozdobi-obrazy-autistickych-umelcu\/\">ZDE<\/a><\/p>\n","protected":false},"excerpt":{"rendered":"<div class=\"mh-excerpt\"><p>Lid\u00e9 s autismem nel\u017eou, nesoud\u00ed a nepleticha\u0159\u00ed. Mo\u017en\u00e1 bychom se od nich m\u011bli n\u011bco nau\u010dit. Mo\u017en\u00e1 i inspirace t\u00edmto cit\u00e1tem v\u00e1s pozve do 11. dubna <a class=\"mh-excerpt-more\" href=\"https:\/\/www.invarena.cz\/?p=25083\" title=\"Doteky jinakosti: Sen\u00e1t ozdob\u00ed obrazy autistick\u00fdch um\u011blc\u016f\">[&#8230;]<\/a><\/p>\n<\/div>","protected":false},"author":1,"featured_media":17310,"comment_status":"open","ping_status":"closed","sticky":false,"template":"","format":"standard","meta":{"footnotes":""},"categories":[9],"tags":[],"class_list":["post-25083","post","type-post","status-publish","format-standard","has-post-thumbnail","hentry","category-zpravy"],"_links":{"self":[{"href":"https:\/\/www.invarena.cz\/index.php?rest_route=\/wp\/v2\/posts\/25083","targetHints":{"allow":["GET"]}}],"collection":[{"href":"https:\/\/www.invarena.cz\/index.php?rest_route=\/wp\/v2\/posts"}],"about":[{"href":"https:\/\/www.invarena.cz\/index.php?rest_route=\/wp\/v2\/types\/post"}],"author":[{"embeddable":true,"href":"https:\/\/www.invarena.cz\/index.php?rest_route=\/wp\/v2\/users\/1"}],"replies":[{"embeddable":true,"href":"https:\/\/www.invarena.cz\/index.php?rest_route=%2Fwp%2Fv2%2Fcomments&post=25083"}],"version-history":[{"count":0,"href":"https:\/\/www.invarena.cz\/index.php?rest_route=\/wp\/v2\/posts\/25083\/revisions"}],"wp:featuredmedia":[{"embeddable":true,"href":"https:\/\/www.invarena.cz\/index.php?rest_route=\/wp\/v2\/media\/17310"}],"wp:attachment":[{"href":"https:\/\/www.invarena.cz\/index.php?rest_route=%2Fwp%2Fv2%2Fmedia&parent=25083"}],"wp:term":[{"taxonomy":"category","embeddable":true,"href":"https:\/\/www.invarena.cz\/index.php?rest_route=%2Fwp%2Fv2%2Fcategories&post=25083"},{"taxonomy":"post_tag","embeddable":true,"href":"https:\/\/www.invarena.cz\/index.php?rest_route=%2Fwp%2Fv2%2Ftags&post=25083"}],"curies":[{"name":"wp","href":"https:\/\/api.w.org\/{rel}","templated":true}]}}