{"id":25091,"date":"2016-04-01T07:20:09","date_gmt":"2016-04-01T05:20:09","guid":{"rendered":"http:\/\/www.invarena.cz\/?p=25091"},"modified":"2016-04-01T07:20:09","modified_gmt":"2016-04-01T05:20:09","slug":"slovensko-ustoupilo-od-planu-vybudovat-na-silnicich-sit-radaru","status":"publish","type":"post","link":"https:\/\/www.invarena.cz\/?p=25091","title":{"rendered":"Slovensko ustoupilo od pl\u00e1nu vybudovat na silnic\u00edch s\u00ed\u0165 radar\u016f"},"content":{"rendered":"<p>Slovensko pod veden\u00edm nov\u00e9 koali\u010dn\u00ed vl\u00e1dy ustoupilo od pl\u00e1nu vybudovat s\u00ed\u0165 radar\u016f na odhalov\u00e1n\u00ed dopravn\u00edch p\u0159estupk\u016f. Zak\u00e1zku za 140 milion\u016f eur (3,8 miliardy K\u010d) vypsalo v lednu ministerstvo vnitra, v jeho\u017e \u010dele z\u016fstal i po ned\u00e1vn\u00fdch parlamentn\u00edch volb\u00e1ch ministr Robert Kali\u0148\u00e1k. Jin\u00fd kontrakt v ni\u017e\u0161\u00ed hodnot\u011b zase zru\u0161ilo ministerstvo zdravotnictv\u00ed.<!--more--><\/p>\n<p>Odstoupen\u00ed od tendru na vybudov\u00e1n\u00ed syst\u00e9mu na zaznamen\u00e1v\u00e1n\u00ed p\u0159estupk\u016f \u0159idi\u010d\u016f ministerstvo ozn\u00e1milo ve v\u011bstn\u00edku ve\u0159ejn\u00fdch zak\u00e1zek, kdy\u017e tento krok b\u011bhem vyjedn\u00e1v\u00e1n\u00ed o slo\u017een\u00ed nov\u00e9ho kabinetu po\u017eadovala Slovensk\u00e1 n\u00e1rodn\u00ed strana (SNS). Nacionalistick\u00e1 SNS se stala druhou nejsiln\u011bj\u0161\u00ed stranou nyn\u011bj\u0161\u00ed \u010dty\u0159koalice premi\u00e9ra Roberta Fica, kter\u00fd v uplynul\u00fdch \u010dty\u0159ech letech st\u00e1l v \u010dele jednobarevn\u00e9ho kabinetu soci\u00e1ln\u00edch demokrat\u016f.<\/p>\n<p>P\u0159edseda SNS Andrej Danko je\u0161t\u011b p\u0159ed volbami ozn\u00e1mil, \u017ee lep\u0161\u00edm n\u00e1strojem na omezen\u00ed po\u010dtu dopravn\u00edch nehod je prevence, nikoliv pokuty. Pen\u00edze p\u016fvodn\u011b ur\u010den\u00e9 na nov\u00fd syst\u00e9m radar\u016f by podle n\u011bj mohly b\u00fdt vyu\u017eity na v\u00fdstavbu d\u00e1lnic nebo rozd\u011bleny nap\u0159\u00edklad mezi u\u010ditele a zdravotn\u00ed sestry. \u010c\u00e1st pracovn\u00edk\u016f ve zdravotnictv\u00ed a \u0161kolstv\u00ed pr\u00e1v\u011b p\u0159ed volbami demonstrovala za vy\u0161\u0161\u00ed platy.<\/p>\n<p>Podle p\u016fvodn\u00edho z\u00e1m\u011bru ministerstva vnitra m\u011bly b\u00fdt radary a dal\u0161\u00ed za\u0159\u00edzen\u00ed na odhalov\u00e1n\u00ed dopravn\u00edch p\u0159estupk\u016f instalov\u00e1ny na silnic\u00edch po cel\u00e9 zemi. Syst\u00e9m by vyhodnocoval poru\u0161en\u00ed vybran\u00fdch pravidel silni\u010dn\u00edho provozu a provozovateli vozidla zas\u00edlal v\u00fdm\u011br na zaplacen\u00ed pokuty.<\/p>\n<p>Odpov\u011bdnost provozovatele vozidla za zhruba des\u00edtku nej\u010dast\u011bj\u0161\u00edch p\u0159estupk\u016f bez ohledu na to, kdo ve skute\u010dnosti \u0159\u00eddil vozidlo, zavedlo Slovensko ji\u017e v roce 2012. V sou\u010dasnosti tak policie m\u016f\u017ee ukl\u00e1dat pokuty bez nutnosti zastavit vozidlo nap\u0159\u00edklad za p\u0159ekro\u010den\u00ed nejvy\u0161\u0161\u00ed povolen\u00e9 rychlosti \u010di poru\u0161en\u00ed z\u00e1kazu p\u0159edj\u00ed\u017ed\u011bn\u00ed, vjezdu, zastaven\u00ed a st\u00e1t\u00ed. Nov\u00fd syst\u00e9m m\u011bl krom\u011b zv\u00fd\u0161en\u00ed po\u010dtu radar\u016f odleh\u010dit policist\u016fm od administrativy spojen\u00e9 s ukl\u00e1d\u00e1n\u00edm pokut.<\/p>\n<p>Na p\u011btimilionov\u00e9m Slovensku loni druh\u00fdm rokem po sob\u011b vzrostl po\u010det ob\u011bt\u00ed dopravn\u00edch nehod. P\u0159i koliz\u00edch zem\u0159elo 274 lid\u00ed, co\u017e bylo o 16 v\u00edce ne\u017e v p\u0159edchoz\u00edm roce. V\u00fdrazn\u011bji stoupl po\u010det ob\u011bt\u00ed mezi chodci.<\/p>\n<p>Zmi\u0148ovan\u00e1 zak\u00e1zka nen\u00ed jedinou, od kter\u00e9 nov\u00e1 slovensk\u00e1 vl\u00e1dn\u00ed koalice ustoupila. Ministr zdravotnictv\u00ed Tom\u00e1\u0161 Drucker zase nechal zru\u0161it kontrakt na dod\u00e1vku informa\u010dn\u00edho syst\u00e9mu za t\u00e9m\u011b\u0159 18 milion\u016f eur (486 milion\u016f K\u010d) na pr\u016fkazy zdravotn\u00edho poji\u0161t\u011bn\u00ed. Projekt, kter\u00fd m\u011bl b\u00fdt sou\u010d\u00e1st\u00ed elektronizace zdravotnictv\u00ed, odborn\u00edci ozna\u010dili za zbyte\u010dn\u00fd.<\/p>\n","protected":false},"excerpt":{"rendered":"<div class=\"mh-excerpt\"><p>Slovensko pod veden\u00edm nov\u00e9 koali\u010dn\u00ed vl\u00e1dy ustoupilo od pl\u00e1nu vybudovat s\u00ed\u0165 radar\u016f na odhalov\u00e1n\u00ed dopravn\u00edch p\u0159estupk\u016f. Zak\u00e1zku za 140 milion\u016f eur (3,8 miliardy K\u010d) vypsalo <a class=\"mh-excerpt-more\" href=\"https:\/\/www.invarena.cz\/?p=25091\" title=\"Slovensko ustoupilo od pl\u00e1nu vybudovat na silnic\u00edch s\u00ed\u0165 radar\u016f\">[&#8230;]<\/a><\/p>\n<\/div>","protected":false},"author":1,"featured_media":0,"comment_status":"open","ping_status":"closed","sticky":false,"template":"","format":"standard","meta":{"footnotes":""},"categories":[9],"tags":[],"class_list":["post-25091","post","type-post","status-publish","format-standard","hentry","category-zpravy"],"_links":{"self":[{"href":"https:\/\/www.invarena.cz\/index.php?rest_route=\/wp\/v2\/posts\/25091","targetHints":{"allow":["GET"]}}],"collection":[{"href":"https:\/\/www.invarena.cz\/index.php?rest_route=\/wp\/v2\/posts"}],"about":[{"href":"https:\/\/www.invarena.cz\/index.php?rest_route=\/wp\/v2\/types\/post"}],"author":[{"embeddable":true,"href":"https:\/\/www.invarena.cz\/index.php?rest_route=\/wp\/v2\/users\/1"}],"replies":[{"embeddable":true,"href":"https:\/\/www.invarena.cz\/index.php?rest_route=%2Fwp%2Fv2%2Fcomments&post=25091"}],"version-history":[{"count":0,"href":"https:\/\/www.invarena.cz\/index.php?rest_route=\/wp\/v2\/posts\/25091\/revisions"}],"wp:attachment":[{"href":"https:\/\/www.invarena.cz\/index.php?rest_route=%2Fwp%2Fv2%2Fmedia&parent=25091"}],"wp:term":[{"taxonomy":"category","embeddable":true,"href":"https:\/\/www.invarena.cz\/index.php?rest_route=%2Fwp%2Fv2%2Fcategories&post=25091"},{"taxonomy":"post_tag","embeddable":true,"href":"https:\/\/www.invarena.cz\/index.php?rest_route=%2Fwp%2Fv2%2Ftags&post=25091"}],"curies":[{"name":"wp","href":"https:\/\/api.w.org\/{rel}","templated":true}]}}