{"id":25094,"date":"2016-04-01T07:53:08","date_gmt":"2016-04-01T05:53:08","guid":{"rendered":"http:\/\/www.invarena.cz\/?p=25094"},"modified":"2016-04-01T07:53:08","modified_gmt":"2016-04-01T05:53:08","slug":"predni-ceske-modelky-zavitaly-do-krajske-zdravotni-v-ramci-charitativni-akce-krasa-pomaha-detem","status":"publish","type":"post","link":"https:\/\/www.invarena.cz\/?p=25094","title":{"rendered":"P\u0159edn\u00ed \u010desk\u00e9 modelky zav\u00edtaly do Krajsk\u00e9 zdravotn\u00ed v r\u00e1mci charitativn\u00ed akce &#8222;Kr\u00e1sa pom\u00e1h\u00e1 d\u011btem&#8220;"},"content":{"rendered":"<p><strong>P\u0159edn\u00ed \u010desk\u00e9 modelky zav\u00edtaly ve \u010dtvrtek 31. b\u0159ezna ji\u017e po jeden\u00e1ct\u00e9 na d\u011btsk\u00e1 odd\u011blen\u00ed Krajsk\u00e9 zdravotn\u00ed, a. s. \u2013 Masarykovy nemocnice v \u00dast\u00ed nad Labem, o. z., aby p\u0159edaly mal\u00fdm pacient\u016fm v r\u00e1mci charitativn\u00ed m\u00f3dn\u00ed p\u0159ehl\u00eddky \u201eKr\u00e1sa pom\u00e1h\u00e1 d\u011btem&#8220; drobn\u00e9 d\u00e1rky. Pot\u00e9 se kr\u00e1sky p\u0159esunuly do Sportcentra Sluneta na Kl\u00ed\u0161i, na slavnostn\u00ed galave\u010der, jeho\u017e v\u00fdt\u011b\u017eek letos putuje na d\u011btsk\u00e1 odd\u011blen\u00ed \u00fasteck\u00e9 Masarykovy nemocnice a teplick\u00e9 nemocnice. Organiz\u00e1torkou akce je Ing. Lenka Kocmanov\u00e1 Taussigov\u00e1 (Miss sympatie \u010cR 2002). Z\u00e1\u0161titu nad leto\u0161n\u00edm ro\u010dn\u00edkem p\u0159evzal hejtman \u00dasteck\u00e9ho kraje Old\u0159ich Buben\u00ed\u010dek.<\/strong><br \/>\n<!--more--><\/p>\n<p><a href=\"http:\/\/www.e-usti.cz\/zpravy\/3711-predni-ceske-modelky-zavitaly-do-krajske-zdravotni-v-ramci-charitativni-akce-krasa-pomaha-detem\">CEL\u00dd \u010cL\u00c1NEK ZDE<\/a><\/p>\n","protected":false},"excerpt":{"rendered":"<div class=\"mh-excerpt\"><p>P\u0159edn\u00ed \u010desk\u00e9 modelky zav\u00edtaly ve \u010dtvrtek 31. b\u0159ezna ji\u017e po jeden\u00e1ct\u00e9 na d\u011btsk\u00e1 odd\u011blen\u00ed Krajsk\u00e9 zdravotn\u00ed, a. s. \u2013 Masarykovy nemocnice v \u00dast\u00ed nad Labem, <a class=\"mh-excerpt-more\" href=\"https:\/\/www.invarena.cz\/?p=25094\" title=\"P\u0159edn\u00ed \u010desk\u00e9 modelky zav\u00edtaly do Krajsk\u00e9 zdravotn\u00ed v r\u00e1mci charitativn\u00ed akce &#8222;Kr\u00e1sa pom\u00e1h\u00e1 d\u011btem&#8220;\">[&#8230;]<\/a><\/p>\n<\/div>","protected":false},"author":1,"featured_media":16941,"comment_status":"open","ping_status":"closed","sticky":false,"template":"","format":"standard","meta":{"footnotes":""},"categories":[9],"tags":[],"class_list":["post-25094","post","type-post","status-publish","format-standard","has-post-thumbnail","hentry","category-zpravy"],"_links":{"self":[{"href":"https:\/\/www.invarena.cz\/index.php?rest_route=\/wp\/v2\/posts\/25094","targetHints":{"allow":["GET"]}}],"collection":[{"href":"https:\/\/www.invarena.cz\/index.php?rest_route=\/wp\/v2\/posts"}],"about":[{"href":"https:\/\/www.invarena.cz\/index.php?rest_route=\/wp\/v2\/types\/post"}],"author":[{"embeddable":true,"href":"https:\/\/www.invarena.cz\/index.php?rest_route=\/wp\/v2\/users\/1"}],"replies":[{"embeddable":true,"href":"https:\/\/www.invarena.cz\/index.php?rest_route=%2Fwp%2Fv2%2Fcomments&post=25094"}],"version-history":[{"count":0,"href":"https:\/\/www.invarena.cz\/index.php?rest_route=\/wp\/v2\/posts\/25094\/revisions"}],"wp:featuredmedia":[{"embeddable":true,"href":"https:\/\/www.invarena.cz\/index.php?rest_route=\/wp\/v2\/media\/16941"}],"wp:attachment":[{"href":"https:\/\/www.invarena.cz\/index.php?rest_route=%2Fwp%2Fv2%2Fmedia&parent=25094"}],"wp:term":[{"taxonomy":"category","embeddable":true,"href":"https:\/\/www.invarena.cz\/index.php?rest_route=%2Fwp%2Fv2%2Fcategories&post=25094"},{"taxonomy":"post_tag","embeddable":true,"href":"https:\/\/www.invarena.cz\/index.php?rest_route=%2Fwp%2Fv2%2Ftags&post=25094"}],"curies":[{"name":"wp","href":"https:\/\/api.w.org\/{rel}","templated":true}]}}