{"id":25097,"date":"2016-04-05T21:50:06","date_gmt":"2016-04-05T19:50:06","guid":{"rendered":"http:\/\/www.invarena.cz\/?p=25097"},"modified":"2016-04-06T22:22:50","modified_gmt":"2016-04-06T20:22:50","slug":"cssz-vysvetluje-pretrvavajici-myty-o-duchodech-invalidni-duchody","status":"publish","type":"post","link":"https:\/\/www.invarena.cz\/?p=25097","title":{"rendered":"\u010cSSZ vysv\u011btluje p\u0159etrv\u00e1vaj\u00edc\u00ed m\u00fdty o d\u016fchodech.: Invalidn\u00ed d\u016fchody"},"content":{"rendered":"<p><strong>Invalidn\u00ed d\u016fchody jsou vedle d\u016fchod\u016f starobn\u00edch a poz\u016fstalostn\u00edch dal\u0161\u00edm druhem d\u016fchod\u016f poskytovan\u00fdch z \u010desk\u00e9ho d\u016fchodov\u00e9ho syst\u00e9mu. Je s nimi spojena \u0159ada nejasnost\u00ed a m\u00fdt\u016f. \u010cesk\u00e1 spr\u00e1va soci\u00e1ln\u00edho zabezpe\u010den\u00ed (\u010cSSZ) vysv\u011btluje nej\u010dast\u011bj\u0161\u00ed z nich.<\/strong><br \/>\n<!--more-->ilustra\u010dn\u00ed foto: Photoxpress<\/p>\n<p><strong>1. N\u00e1rok na invalidn\u00ed d\u016fchod je z\u00e1visl\u00fd pouze na zdravotn\u00edm stavu<\/strong><br \/>\nNejenom. Zdravotn\u00ed stav, resp. uznan\u00e1 invalidita, je jen jednou z podm\u00ednek pro to, aby mohl b\u00fdt p\u0159izn\u00e1n invalidn\u00ed d\u016fchod. Dal\u0161\u00ed z\u00e1konnou podm\u00ednkou je z\u00edsk\u00e1n\u00ed pot\u0159ebn\u00e9 doby d\u016fchodov\u00e9ho poji\u0161t\u011bn\u00ed (m\u016f\u017ee b\u00fdt z\u00edsk\u00e1na i po \u010d\u00e1stech v pr\u016fb\u011bhu stanoven\u00e9ho obdob\u00ed). Z\u00edsk\u00e1n\u00ed pot\u0159ebn\u00e9 doby poji\u0161t\u011bn\u00ed se nevy\u017eaduje pouze v p\u0159\u00edpad\u011b, kdy invalidita vznikla n\u00e1sledkem pracovn\u00edho \u00farazu nebo nemoci z povol\u00e1n\u00ed.<br \/>\nPodm\u00ednka pot\u0159ebn\u00e9 doby poji\u0161t\u011bn\u00ed pro n\u00e1rok na invalidn\u00ed d\u016fchod je z\u00e1visl\u00e1 na v\u011bku \u017eadatele:<br \/>\n\u2022 u ob\u010dan\u016f ve v\u011bku nad 28 let \u010din\u00ed pot\u0159ebn\u00e1 doba poji\u0161t\u011bn\u00ed 5 rok\u016f a zji\u0161\u0165uje se z posledn\u00edch deseti rok\u016f p\u0159ed vznikem invalidity,<br \/>\n\u2022 u osoby star\u0161\u00ed 38 let d\u00e1le plat\u00ed, \u017ee nespln\u00ed-li podm\u00ednku 5 let poji\u0161t\u011bn\u00ed v posledn\u00edch 10 letech p\u0159ed vznikem invalidity, podm\u00ednka pot\u0159ebn\u00e9 doby poji\u0161t\u011bn\u00ed se pova\u017euje za spln\u011bnou t\u00e9\u017e, pokud v posledn\u00edch 20 letech p\u0159ed vznikem invalidity z\u00edskala 10 let poji\u0161t\u011bn\u00ed,<br \/>\n\u2022 u osob ve v\u011bku do 28 let je pot\u0159ebn\u00e1 doba poji\u0161t\u011bn\u00ed krat\u0161\u00ed (konkr. u osoby do 20 let \u010din\u00ed m\u00e9n\u011b ne\u017e 1 rok, u osoby od 20 do 22 let alespo\u0148 1 rok, u osoby od 22 do 24 let alespo\u0148 2 roky, u osoby od 24 do 26 let alespo\u0148 3 roky a u osoby od 26 do 28 let alespo\u0148 4 roky).<\/p>\n<p><strong>2. Invalidn\u00ed d\u016fchod n\u00e1le\u017e\u00ed do\u017eivotn\u011b<\/strong><br \/>\nNikoliv. P\u0159izn\u00e1n\u00ed invalidn\u00edho d\u016fchodu (jak\u00e9hokoliv stupn\u011b) nemus\u00ed b\u00fdt trval\u00e9, proto\u017ee z\u00e1vis\u00ed na v\u00fdvoji zdravotn\u00edho stavu, kter\u00fd zpravidla nen\u00ed nem\u011bnn\u00fd.<\/p>\n<p><strong>3. Ten, kdo pob\u00edr\u00e1 invalidn\u00ed d\u016fchod, nesm\u00ed pracovat<\/strong><br \/>\nNen\u00ed pravda. P\u0159edpisy o d\u016fchodov\u00e9m poji\u0161t\u011bn\u00ed neobsahuj\u00ed \u017e\u00e1dn\u00e9 ustanoven\u00ed, kter\u00e9 by omezovalo v\u00fdd\u011blkov\u00e9 mo\u017enosti po\u017eivatel\u016f invalidn\u00edch d\u016fchod\u016f. U osob, kter\u00fdm byl p\u0159izn\u00e1n invalidn\u00ed d\u016fchod pro invaliditu prvn\u00edho a druh\u00e9ho stupn\u011b, pr\u00e1vn\u00ed \u00faprava dokonce po\u010d\u00edt\u00e1 s t\u00edm, \u017ee sv\u016fj zb\u00fdvaj\u00edc\u00ed pracovn\u00ed potenci\u00e1l vyu\u017eij\u00ed a budou vykon\u00e1vat v\u00fdd\u011ble\u010dnou \u010dinnost, kterou jim jejich zdravotn\u00ed stav umo\u017en\u00ed.<br \/>\nInvalidita je definov\u00e1na jako pokles pracovn\u00ed schopnosti nejm\u00e9n\u011b o 35 %, kter\u00fd nastal z d\u016fvodu dlouhodob\u011b nep\u0159\u00edzniv\u00e9ho zdravotn\u00edho stavu. Podle m\u00edry poklesu pracovn\u00ed schopnosti jsou pak rozli\u0161ov\u00e1ny t\u0159i stupn\u011b invalidity (pokles o 35 % a\u017e 49 % znamen\u00e1 invaliditu prvn\u00edho stupn\u011b, o 50 % a\u017e o 69 % invaliditu druh\u00e9ho stupn\u011b a nejm\u00e9n\u011b o 70 % invaliditu t\u0159et\u00edho stupn\u011b).<\/p>\n<p><strong>4. Doba, po kterou se pob\u00edr\u00e1 invalidn\u00ed d\u016fchod, se zapo\u010d\u00edt\u00e1v\u00e1 do d\u016fchodu<\/strong><br \/>\nNen\u00ed p\u0159esn\u00e9. Pro n\u00e1rok i v\u00fd\u0161i starobn\u00edho d\u016fchodu se zapo\u010d\u00edt\u00e1v\u00e1 pouze doba pob\u00edr\u00e1n\u00ed invalidn\u00edho d\u016fchodu pro invaliditu t\u0159et\u00edho stupn\u011b (p\u0159ed 1. 1. 2010 pln\u00e9ho invalidn\u00edho d\u016fchodu). Pokud ob\u010dan p\u0159i pob\u00edr\u00e1n\u00ed invalidn\u00edho d\u016fchodu pro invaliditu prvn\u00edho nebo druh\u00e9ho stupn\u011b nen\u00ed v\u00fdd\u011ble\u010dn\u011b \u010dinn\u00fd, resp. nevykon\u00e1v\u00e1 \u010dinnost zakl\u00e1daj\u00edc\u00ed \u00fa\u010dast na poji\u0161t\u011bn\u00ed, samotn\u00e9 obdob\u00ed pob\u00edr\u00e1n\u00ed t\u011bchto typ\u016f d\u016fchod\u016f se mu nezapo\u010d\u00edt\u00e1 do doby d\u016fchodov\u00e9ho poji\u0161t\u011bn\u00ed pro n\u00e1rok na starobn\u00ed d\u016fchod. Tato situace m\u016f\u017ee negativn\u011b ovlivnit v\u00fd\u0161i budouc\u00edho starobn\u00edho d\u016fchodu a dokonce zp\u016fsobit, \u017ee n\u00e1rok na n\u011bj nevznikne, proto\u017ee nebude z\u00edsk\u00e1na pot\u0159ebn\u00e1 doba d\u016fchodov\u00e9ho poji\u0161t\u011bn\u00ed.<\/p>\n<p><strong>5. \u010c\u00e1stka invalidn\u00edho d\u016fchodu je pevn\u011b stanovena, nevypo\u010d\u00edt\u00e1v\u00e1 se<\/strong><br \/>\nNikoliv. Invalidn\u00ed d\u016fchod se (stejn\u011b jako ostatn\u00ed druhy d\u016fchod\u016f) skl\u00e1d\u00e1 ze z\u00e1kladn\u00ed a procentn\u00ed v\u00fdm\u011bry. Z\u00e1kladn\u00ed v\u00fdm\u011bra je stejn\u00e1 (bez ohledu na stupe\u0148 invalidity) a v leto\u0161n\u00edm roce \u010din\u00ed 2 440 K\u010d. Procentn\u00ed v\u00fdm\u011bra invalidn\u00edho d\u016fchodu je individu\u00e1ln\u00ed a z\u00e1vis\u00ed na d\u00e9lce doby poji\u0161t\u011bn\u00ed, p\u0159\u00edjmech dosahovan\u00fdch p\u0159ed vznikem invalidity a na uznan\u00e9m stupni invalidity. Do doby poji\u0161t\u011bn\u00ed pro n\u00e1rok i v\u00fd\u0161i invalidn\u00edho d\u016fchodu se zapo\u010d\u00edt\u00e1vaj\u00ed rovn\u011b\u017e tzv. n\u00e1hradn\u00ed doby poji\u0161t\u011bn\u00ed, jako nap\u0159. doba p\u00e9\u010de o d\u00edt\u011b do 4 let v\u011bku nebo doba evidence na \u00fa\u0159adu pr\u00e1ce. K dob\u011b poji\u0161t\u011bn\u00ed z\u00edskan\u00e9 do vzniku invalidity se nav\u00edc p\u0159i\u010d\u00edt\u00e1 i tzv. dopo\u010dten\u00e1 doba. Zjednodu\u0161en\u011b \u0159e\u010deno jde o dobu od vzniku n\u00e1roku na invalidn\u00ed d\u016fchod do dosa\u017een\u00ed standardn\u00edho d\u016fchodov\u00e9ho v\u011bku, kterou by hypoteticky mohl ob\u010dan z\u00edskat, pokud by se nestal invalidn\u00edm.<br \/>\nDojde-li v d\u016fsledku v\u00fdvoje zdravotn\u00edho stavu (zhor\u0161en\u00ed \u010di zlep\u0161en\u00ed) u p\u0159\u00edjemce invalidn\u00edho d\u016fchodu ke zm\u011bn\u011b stupn\u011b invalidity, m\u011bn\u00ed se \u010d\u00e1stka d\u016fchodu tak, \u017ee se procentn\u00ed v\u00fdm\u011bra vypl\u00e1cen\u00e9ho d\u016fchodu vyn\u00e1sob\u00ed stanoven\u00fdm koeficientem, kter\u00fd je p\u0159esn\u011b ur\u010den z\u00e1konem o d\u016fchodov\u00e9m poji\u0161t\u011bn\u00ed (z\u00e1kladn\u00ed v\u00fdm\u011bra d\u016fchodu z\u016fst\u00e1v\u00e1 beze zm\u011bny).<\/p>\n<p>P\u0159\u00edklad:<\/p>\n<p>Mu\u017ei byl po v\u00e1\u017en\u00e9m \u00farazu p\u0159izn\u00e1n pln\u00fd invalidn\u00ed d\u016fchod pro invaliditu t\u0159et\u00edho stupn\u011b. Jeho v\u00fd\u0161e byla vypo\u010d\u00edt\u00e1na z v\u00fdpo\u010dtov\u00e9ho z\u00e1kladu (stanoven\u00e9ho z jeho p\u0159\u00edjm\u016f p\u0159ed vznikem invalidity) za 42 let doby poji\u0161t\u011bn\u00ed (doba z\u00edskan\u00e1 do vzniku invalidity + doba dopo\u010dten\u00e1). Po dvou letech se mu\u017e podrobil kontrole zdravotn\u00edho stavu a podle posudku posudkov\u00e9ho l\u00e9ka\u0159e OSSZ se ji\u017e nejedn\u00e1 o invaliditu t\u0159et\u00edho stupn\u011b, ale o invaliditu druh\u00e9ho stupn\u011b. V\u00fd\u0161e vypl\u00e1cen\u00e9ho invalidn\u00edho d\u016fchodu pro invaliditu t\u0159et\u00edho stupn\u011b \u010dinila ke dni zm\u011bny stupn\u011b invalidity 10 500 K\u010d (procentn\u00ed v\u00fdm\u011bra 8 060 + z\u00e1kladn\u00ed v\u00fdm\u011bra 2 440). Nov\u00e1 v\u00fd\u0161e procentn\u00ed v\u00fdm\u011bry invalidn\u00edho d\u016fchodu se stanov\u00ed tak, \u017ee se procentn\u00ed v\u00fdm\u011bra 8 060 K\u010d vyn\u00e1sob\u00ed koeficientem \u201e0,5\u201c, kter\u00fd je stanoven\u00fd pro zm\u011bnu z III na II stupe\u0148. Invalidn\u00ed d\u016fchod pro invaliditu druh\u00e9ho stupn\u011b bude mu\u017ei n\u00e1le\u017eet ve v\u00fd\u0161i 6 470 K\u010d (procentn\u00ed v\u00fdm\u011bra 4 030 (8 060 x 0,5) a z\u00e1kladn\u00ed v\u00fdm\u011bra 2 440).<\/p>\n<p><strong>6. Kdy\u017e invalidn\u00ed d\u016fchodce pracuje a onemocn\u00ed, nem\u00e1 n\u00e1rok na nemocensk\u00e9<\/strong><br \/>\nOmyl. U p\u0159\u00edjemc\u016f invalidn\u00edho d\u016fchodu pro invaliditu prvn\u00edho a druh\u00e9ho stupn\u011b, kte\u0159\u00ed pracuj\u00ed a jsou \u00fa\u010dastni nemocensk\u00e9ho poji\u0161t\u011bn\u00ed, \u010din\u00ed doba pro poskytov\u00e1n\u00ed nemocensk\u00e9ho (tzv. podp\u016fr\u010d\u00ed doba) nejd\u00e9le 380 kalend\u00e1\u0159n\u00edch dn\u016f ode dne vzniku do\u010dasn\u00e9 pracovn\u00ed neschopnosti, tzn., \u017ee je stejn\u011b dlouh\u00e1 jako u jin\u00fdch zam\u011bstnanc\u016f.<br \/>\nPo\u017eivatel\u00e9 invalidn\u00edch d\u016fchod\u016f pro invaliditu t\u0159et\u00edho stupn\u011b, kte\u0159\u00ed jsou p\u0159i pob\u00edr\u00e1n\u00ed d\u016fchodu zam\u011bstnan\u00ed a \u00fa\u010dastni nemocensk\u00e9ho poji\u0161t\u011bn\u00ed, maj\u00ed v\u0161ak podle z\u00e1kona o nemocensk\u00e9m poji\u0161t\u011bn\u00ed podp\u016fr\u010d\u00ed dobu pro v\u00fdplatu nemocensk\u00e9ho zkr\u00e1cenou. Nemocensk\u00e9 se jim vypl\u00e1c\u00ed nejv\u00fd\u0161e po dobu 70 kalend\u00e1\u0159n\u00edch dn\u016f v r\u00e1mci jednoho kalend\u00e1\u0159n\u00edho roku, a to i pokud v tomto roce bylo pracovn\u00edch neschopnost\u00ed v\u00edce. Sou\u010dasn\u011b tak\u00e9 plat\u00ed, \u017ee se jim nemocensk\u00e9 vypl\u00e1c\u00ed nejd\u00e9le do dne skon\u010den\u00ed zam\u011bstn\u00e1n\u00ed. Nemocensk\u00e9 vypl\u00e1c\u00ed p\u0159\u00edslu\u0161n\u00e1 okresn\u00ed spr\u00e1va soci\u00e1ln\u00edho zabezpe\u010den\u00ed (OSSZ), a to od 15. dne trv\u00e1n\u00ed do\u010dasn\u00e9 pracovn\u00ed neschopnosti, b\u011bhem prvn\u00edch dvou t\u00fddn\u016f pracovn\u00ed neschopnosti poskytuje zam\u011bstnavatel n\u00e1hradu mzdy.<\/p>\n<p><strong>7. P\u0159\u00edjemce invalidn\u00edho d\u016fchodu mus\u00ed ka\u017ed\u00fd rok absolvovat kontrolu zdravotn\u00edho stavu<\/strong><br \/>\nNeplat\u00ed v\u017edy. Zdravotn\u00ed stav v\u0161ak zpravidla nen\u00ed nem\u011bnn\u00fd a v pr\u016fb\u011bhu \u010dasu m\u016f\u017ee doch\u00e1zet k jeho zlep\u0161en\u00ed nebo naopak zhor\u0161en\u00ed. Z tohoto d\u016fvodu posudkov\u00fd l\u00e9ka\u0159 OSSZ p\u0159i stanoven\u00ed invalidity ur\u010d\u00ed tak\u00e9 term\u00edn kontroln\u00ed l\u00e9ka\u0159sk\u00e9 prohl\u00eddky. Prov\u00e1d\u00ed se obvykle v intervalu 1 \u2013 3 roky na z\u00e1klad\u011b z\u00e1va\u017enosti zdravotn\u00edho stavu. Podle v\u00fdsledku kontroln\u00ed l\u00e9ka\u0159sk\u00e9 prohl\u00eddky m\u016f\u017ee doj\u00edt ke zm\u011bn\u011b invalidity na ni\u017e\u0161\u00ed nebo vy\u0161\u0161\u00ed stupe\u0148 nebo m\u016f\u017ee b\u00fdt zji\u0161t\u011bno, \u017ee pokles pracovn\u00ed schopnosti ji\u017e neodpov\u00edd\u00e1 invalidit\u011b.<br \/>\nTo, zda bude \u010di nebude zapot\u0159eb\u00ed kontroly zdravotn\u00edho stavu, p\u0159\u00edpadn\u011b v jak\u00e9m \u010dasov\u00e9m odstupu, stanov\u00ed v ka\u017ed\u00e9m konkr\u00e9tn\u00edm p\u0159\u00edpad\u011b posudkov\u00fd l\u00e9ka\u0159 s ohledem na to, zda a kdy se d\u00e1 p\u0159edpokl\u00e1dat v\u00fdznamn\u00e9 zlep\u0161en\u00ed nebo stabilizace zdravotn\u00edho stavu, adaptace na zdravotn\u00ed posti\u017een\u00ed, zm\u011bny v oblasti kvalifika\u010dn\u00edho potenci\u00e1lu, vyu\u017eit\u00ed zachovan\u00e9 pracovn\u00ed schopnosti apod.<br \/>\nKontroln\u00ed l\u00e9ka\u0159sk\u00e1 prohl\u00eddka se tedy prov\u00e1d\u00ed v term\u00ednu ur\u010den\u00e9m p\u0159i p\u0159edchoz\u00edm posouzen\u00ed zdravotn\u00edho stavu OSSZ. M\u016f\u017ee v\u0161ak b\u00fdt provedena i mimo\u0159\u00e1dn\u011b. P\u0159\u00edjemce invalidn\u00edho d\u016fchodu je povinen se kontrole zdravotn\u00edho stavu na v\u00fdzvu OSSZ podrobit.<\/p>\n<p><strong>8. Invalidn\u00ed d\u016fchod m\u016f\u017ee b\u00fdt pln\u00fd nebo \u010d\u00e1ste\u010dn\u00fd<\/strong><br \/>\nToto ji\u017e neplat\u00ed. Od 1. 1. 2010 pln\u00fd invalidn\u00ed d\u016fchod a \u010d\u00e1ste\u010dn\u00fd invalidn\u00ed d\u016fchod u\u017e nepat\u0159\u00ed mezi druhy d\u016fchod\u016f uveden\u00e9 v z\u00e1kon\u011b o d\u016fchodov\u00e9m poji\u0161t\u011bn\u00ed. Nam\u00edsto t\u011bchto dvou d\u00e1vek byla zavedena d\u00e1vka pouze jedna, a to invalidn\u00ed d\u016fchod. V z\u00e1vislosti na zji\u0161t\u011bn\u00e9m stupni invalidity se invalidn\u00ed d\u016fchod rozli\u0161uje na invalidn\u00ed d\u016fchod pro invaliditu prvn\u00edho, druh\u00e9ho a t\u0159et\u00edho stupn\u011b. Rozd\u00edl mezi jednotliv\u00fdmi stupni invalidity spo\u010d\u00edv\u00e1 v m\u00ed\u0159e poklesu pracovn\u00ed schopnosti poji\u0161t\u011bnce.<br \/>\nD\u016fchody \u010d\u00e1ste\u010dn\u00e9 invalidn\u00ed a pln\u00e9 invalidn\u00ed p\u0159iznan\u00e9 v obdob\u00ed do 31. 12. 2009 se ze z\u00e1kona zm\u011bnily (transformovaly) na invalidn\u00ed d\u016fchody prvn\u00edho, druh\u00e9ho a t\u0159et\u00edho stupn\u011b.<\/p>\n<p>Pr\u016fm\u011brn\u00e1 v\u00fd\u0161e s\u00f3lo vypl\u00e1cen\u00e9ho d\u016fchodu k 31. 12. 2015:<br \/>\ninvalidn\u00ed d\u016fchod pro invaliditu 1. stupn\u011b<br \/>\n5 932 K\u010d<br \/>\ninvalidn\u00ed d\u016fchod pro invaliditu 2. stupn\u011b<br \/>\n6 749 K\u010d<br \/>\ninvalidn\u00ed d\u016fchod pro invaliditu 3. stupn\u011b<br \/>\n10 424 K\u010d<br \/>\nstarobn\u00ed<br \/>\n11 348 K\u010d<\/p>\n<p>Tiskov\u00e1 zpr\u00e1va \u010cSSZ<\/p>\n","protected":false},"excerpt":{"rendered":"<div class=\"mh-excerpt\"><p>Invalidn\u00ed d\u016fchody jsou vedle d\u016fchod\u016f starobn\u00edch a poz\u016fstalostn\u00edch dal\u0161\u00edm druhem d\u016fchod\u016f poskytovan\u00fdch z \u010desk\u00e9ho d\u016fchodov\u00e9ho syst\u00e9mu. Je s nimi spojena \u0159ada nejasnost\u00ed a m\u00fdt\u016f. \u010cesk\u00e1 <a class=\"mh-excerpt-more\" href=\"https:\/\/www.invarena.cz\/?p=25097\" title=\"\u010cSSZ vysv\u011btluje p\u0159etrv\u00e1vaj\u00edc\u00ed m\u00fdty o d\u016fchodech.: Invalidn\u00ed d\u016fchody\">[&#8230;]<\/a><\/p>\n<\/div>","protected":false},"author":1,"featured_media":19377,"comment_status":"open","ping_status":"closed","sticky":false,"template":"","format":"standard","meta":{"footnotes":""},"categories":[18],"tags":[],"class_list":["post-25097","post","type-post","status-publish","format-standard","has-post-thumbnail","hentry","category-poradna"],"_links":{"self":[{"href":"https:\/\/www.invarena.cz\/index.php?rest_route=\/wp\/v2\/posts\/25097","targetHints":{"allow":["GET"]}}],"collection":[{"href":"https:\/\/www.invarena.cz\/index.php?rest_route=\/wp\/v2\/posts"}],"about":[{"href":"https:\/\/www.invarena.cz\/index.php?rest_route=\/wp\/v2\/types\/post"}],"author":[{"embeddable":true,"href":"https:\/\/www.invarena.cz\/index.php?rest_route=\/wp\/v2\/users\/1"}],"replies":[{"embeddable":true,"href":"https:\/\/www.invarena.cz\/index.php?rest_route=%2Fwp%2Fv2%2Fcomments&post=25097"}],"version-history":[{"count":0,"href":"https:\/\/www.invarena.cz\/index.php?rest_route=\/wp\/v2\/posts\/25097\/revisions"}],"wp:featuredmedia":[{"embeddable":true,"href":"https:\/\/www.invarena.cz\/index.php?rest_route=\/wp\/v2\/media\/19377"}],"wp:attachment":[{"href":"https:\/\/www.invarena.cz\/index.php?rest_route=%2Fwp%2Fv2%2Fmedia&parent=25097"}],"wp:term":[{"taxonomy":"category","embeddable":true,"href":"https:\/\/www.invarena.cz\/index.php?rest_route=%2Fwp%2Fv2%2Fcategories&post=25097"},{"taxonomy":"post_tag","embeddable":true,"href":"https:\/\/www.invarena.cz\/index.php?rest_route=%2Fwp%2Fv2%2Ftags&post=25097"}],"curies":[{"name":"wp","href":"https:\/\/api.w.org\/{rel}","templated":true}]}}