{"id":25098,"date":"2016-04-01T15:07:08","date_gmt":"2016-04-01T13:07:08","guid":{"rendered":"http:\/\/www.invarena.cz\/?p=25098"},"modified":"2016-04-01T15:07:08","modified_gmt":"2016-04-01T13:07:08","slug":"domov-bez-zamku-slavi-letos-vyroci","status":"publish","type":"post","link":"https:\/\/www.invarena.cz\/?p=25098","title":{"rendered":"DOMOV BEZ Z\u00c1MKU SLAV\u00cd LETOS V\u00ddRO\u010c\u00cd"},"content":{"rendered":"<p><strong>Domov bez z\u00e1mku, kter\u00fd na n\u011bkolika m\u00edstech pe\u010duje o ment\u00e1ln\u011b hendikepovan\u00e9, slav\u00ed letos 50 let sv\u00e9 existence.<\/strong> <!--more--><\/p>\n<p>D\u0159\u00edve fungoval jako \u00dastav soci\u00e1ln\u00ed p\u00e9\u010de v z\u00e1mku v Jino\u0161ov\u011b. Oslavy ofici\u00e1ln\u011b za\u010daly ve st\u0159edu v N\u00e1m\u011b\u0161ti nad Oslavou v kav\u00e1rn\u011b Pohodi\u010dka, kde obsluhuj\u00ed pr\u00e1v\u011b hendikepovan\u00ed. P\u0159i t\u00e9 p\u0159\u00edle\u017eitosti tam byla slavnostn\u011b otev\u0159ena v\u00fdstava fotografi\u00ed Jako ty a v premi\u00e9\u0159e prom\u00edtnut film Rok nov\u00e9ho \u017eivota. Ob\u011b novinky mapuj\u00ed \u017eivot klient\u016f Domova bez z\u00e1mku v nov\u00fdch dom\u00e1cnostech, kter\u00e9 vznikly v N\u00e1m\u011b\u0161ti, Velk\u00e9 B\u00edte\u0161i, Ok\u0159\u00ed\u0161k\u00e1ch, Hrotovic\u00edch, Pucov\u011b a Jarom\u011b\u0159ic\u00edch.<\/p>\n<p>Za\u0159\u00edzen\u00ed si bude sv\u00e9 jubileum p\u0159ipom\u00ednat po cel\u00fd rok.<\/p>\n<p>T\u0159eb\u00ed\u010dsk\u00fd den\u00edk<br \/>\n<a href=\"http:\/\/www.trebicsky.denik.cz\/\">http:\/\/www.trebicsky.denik.cz\/<\/a><\/p>\n","protected":false},"excerpt":{"rendered":"<div class=\"mh-excerpt\"><p>Domov bez z\u00e1mku, kter\u00fd na n\u011bkolika m\u00edstech pe\u010duje o ment\u00e1ln\u011b hendikepovan\u00e9, slav\u00ed letos 50 let sv\u00e9 existence.<\/p>\n<\/div>","protected":false},"author":1,"featured_media":14487,"comment_status":"open","ping_status":"closed","sticky":false,"template":"","format":"standard","meta":{"footnotes":""},"categories":[9],"tags":[],"class_list":["post-25098","post","type-post","status-publish","format-standard","has-post-thumbnail","hentry","category-zpravy"],"_links":{"self":[{"href":"https:\/\/www.invarena.cz\/index.php?rest_route=\/wp\/v2\/posts\/25098","targetHints":{"allow":["GET"]}}],"collection":[{"href":"https:\/\/www.invarena.cz\/index.php?rest_route=\/wp\/v2\/posts"}],"about":[{"href":"https:\/\/www.invarena.cz\/index.php?rest_route=\/wp\/v2\/types\/post"}],"author":[{"embeddable":true,"href":"https:\/\/www.invarena.cz\/index.php?rest_route=\/wp\/v2\/users\/1"}],"replies":[{"embeddable":true,"href":"https:\/\/www.invarena.cz\/index.php?rest_route=%2Fwp%2Fv2%2Fcomments&post=25098"}],"version-history":[{"count":0,"href":"https:\/\/www.invarena.cz\/index.php?rest_route=\/wp\/v2\/posts\/25098\/revisions"}],"wp:featuredmedia":[{"embeddable":true,"href":"https:\/\/www.invarena.cz\/index.php?rest_route=\/wp\/v2\/media\/14487"}],"wp:attachment":[{"href":"https:\/\/www.invarena.cz\/index.php?rest_route=%2Fwp%2Fv2%2Fmedia&parent=25098"}],"wp:term":[{"taxonomy":"category","embeddable":true,"href":"https:\/\/www.invarena.cz\/index.php?rest_route=%2Fwp%2Fv2%2Fcategories&post=25098"},{"taxonomy":"post_tag","embeddable":true,"href":"https:\/\/www.invarena.cz\/index.php?rest_route=%2Fwp%2Fv2%2Ftags&post=25098"}],"curies":[{"name":"wp","href":"https:\/\/api.w.org\/{rel}","templated":true}]}}