{"id":25099,"date":"2016-04-02T22:41:16","date_gmt":"2016-04-02T20:41:16","guid":{"rendered":"http:\/\/www.invarena.cz\/?p=25099"},"modified":"2016-04-02T22:41:16","modified_gmt":"2016-04-02T20:41:16","slug":"jakubovi-muze-pomoci-sbirka","status":"publish","type":"post","link":"https:\/\/www.invarena.cz\/?p=25099","title":{"rendered":"Jakubovi m\u016f\u017ee pomoci sb\u00edrka"},"content":{"rendered":"<p>M\u00e1 dvaadvacet let a jedin\u00fd skok mu obr\u00e1til \u017eivot naruby. Na to, aby m\u011bl Jakub Ple\u0161ek z Nov\u00e9ho Ji\u010d\u00edna kvalitn\u011bj\u0161\u00ed \u017eivot, vyhl\u00e1silo m\u011bsto ve\u0159ejnou sb\u00edrku.<!--more--><\/p>\n<p>Nov\u00fd Ji\u010d\u00edn \u2013 P\u0159\u00edb\u011bh Jakuba Ple\u0161ka vyvolal velkou vlnu solidarity a to nejen v Nov\u00e9m Ji\u010d\u00edn\u011b. Jakub byl do lo\u0148sk\u00e9ho l\u00e9ta mlad\u00fd mu\u017e, kter\u00fd pracoval na bytov\u00e9m odboru novoji\u010d\u00ednsk\u00e9 radnice. Sportoval a m\u011bl r\u00e1d motorky. Loni v l\u00e9t\u011b se ale v\u00e1\u017en\u011b zranil na koupali\u0161ti v \u017damberku a v\u0161e bylo r\u00e1zem jinak. Jakub skon\u010dil na invalidn\u00edm voz\u00edku.<br \/>\n&#8222;Kuba vloni o pr\u00e1zdnin\u00e1ch sko\u010dil v \u017damberku na koupali\u0161ti do tobog\u00e1nu a po kr\u00e1tk\u00e9 chv\u00edli vyjelo z tubusu ji\u017e bezvl\u00e1dn\u00e9 t\u011blo. Na\u0161t\u011bst\u00ed d\u00edky reakci lid\u00ed okolo se ho poda\u0159ilo rychle z vody vyt\u00e1hnout.<br \/>\nN\u011bkolik dn\u00ed le\u017eel v k\u00f3matu na ARO v kr\u00e1lovehradeck\u00e9 nemocnici. Kdy\u017e se probral a jeho stav se za\u010dal postupem \u010dasu pomalu zlep\u0161ovat, n\u00e1lez byl stejn\u011b krut\u00fd. Po\u0161kozen\u00fd obratel a poran\u011bn\u00e1 m\u00edcha,&#8220; p\u0159ibl\u00ed\u017eila p\u0159\u00edb\u011bh sv\u00e9ho kolegy vedouc\u00ed bytov\u00e9ho odboru Hana Va\u0148kov\u00e1.<\/p>\n<p>Invalidn\u00ed voz\u00edk, bezbari\u00e9rov\u00fd byt..<\/p>\n<p>Pot\u00e9, co jej propustili z nemocnice, byl Jakub Ple\u0161ek n\u011bjakou dobu v rehabilita\u010dn\u00edm za\u0159\u00edzen\u00ed. V sou\u010dasn\u00e9 dob\u011b pot\u0159ebuje \u0159adu kompenza\u010dn\u00edch pom\u016fcek a jen invalidn\u00ed voz\u00edk stoj\u00ed v\u00edce ne\u017e sto tis\u00edc korun. Pohyb na voz\u00edku vy\u017eaduje bezbari\u00e9rov\u00fd byt a bude pot\u0159eba i v\u00fdtah, aby se do bytu dostal. Mlad\u00e9mu mu\u017ei by jist\u011b pomohlo i speci\u00e1ln\u011b upraven\u00e9 auto. &#8222;N\u00e1klady na to, aby se mohl p\u0159izp\u016fsobit \u017eivotn\u00ed zm\u011bn\u011b, jsou vysok\u00e9. A t\u0159eba na invalidn\u00ed voz\u00edk, kter\u00fd je Kubovi vyr\u00e1b\u011bn na m\u00edru, p\u0159isp\u00edv\u00e1 poji\u0161\u0165ovna jen polovi\u010dn\u00ed \u010d\u00e1stkou,&#8220; dodala Hana Va\u0148kov\u00e1.<br \/>\nV boji s osudem se Jakubovi Ple\u0161kovi sna\u017e\u00ed pomoci nejen jeho p\u0159\u00e1tel\u00e9, zn\u00e1m\u00ed a bl\u00edzc\u00ed, ale tak\u00e9 kolegov\u00e9 z M\u011bstsk\u00e9ho \u00fa\u0159adu Nov\u00fd Ji\u010d\u00edn. &#8222;Kuba je jeden z n\u00e1s. Ka\u017ed\u00e9ho jeho osud zas\u00e1hl a ka\u017ed\u00fd cht\u011bl alespo\u0148 tro\u0161ku p\u0159isp\u011bt a pomoci mu. Proto jsme ke zm\u00edrn\u011bn\u00ed t\u00ed\u017eiv\u00e9 situace na\u0161eho kolegy vyhl\u00e1sili ve\u0159ejnou sb\u00edrku,&#8220; \u0159ekl starosta Nov\u00e9ho Ji\u010d\u00edna Jaroslav Dvo\u0159\u00e1k, jen\u017e up\u0159esnil, \u017ee sb\u00edrka pob\u011b\u017e\u00ed v dob\u011b od 1. dubna do 30. \u010dervna.<\/p>\n<p>&#8212;<\/p>\n<p>Chcete pomoci Jakubovi? Dvaadvacetilet\u00fd Jakub Ple\u0161ek bude po \u00farazu pot\u0159ebovat kompenza\u010dn\u00ed pom\u016fcky, kter\u00e9 stoj\u00ed mnoho pen\u011bz a kter\u00e9 zdravotn\u00ed poji\u0161\u0165ovny zcela nehrad\u00ed. Pokud mu chcete pomoci, m\u016f\u017eete. \u010c\u00edslo \u00fa\u010dtu, kam lze finan\u010dn\u00ed pomoc zas\u00edlat, je 107\u20139147980227\/0100.<\/p>\n<p>IVAN PAVELEK<br \/>\nNovoji\u010d\u00ednsk\u00fd den\u00edk<br \/>\n<a href=\"http:\/\/www.novojicinsky.denik.cz\/\">http:\/\/www.novojicinsky.denik.cz\/<\/a><\/p>\n","protected":false},"excerpt":{"rendered":"<div class=\"mh-excerpt\"><p>M\u00e1 dvaadvacet let a jedin\u00fd skok mu obr\u00e1til \u017eivot naruby. Na to, aby m\u011bl Jakub Ple\u0161ek z Nov\u00e9ho Ji\u010d\u00edna kvalitn\u011bj\u0161\u00ed \u017eivot, vyhl\u00e1silo m\u011bsto ve\u0159ejnou sb\u00edrku.<\/p>\n<\/div>","protected":false},"author":1,"featured_media":0,"comment_status":"open","ping_status":"closed","sticky":false,"template":"","format":"standard","meta":{"footnotes":""},"categories":[9],"tags":[],"class_list":["post-25099","post","type-post","status-publish","format-standard","hentry","category-zpravy"],"_links":{"self":[{"href":"https:\/\/www.invarena.cz\/index.php?rest_route=\/wp\/v2\/posts\/25099","targetHints":{"allow":["GET"]}}],"collection":[{"href":"https:\/\/www.invarena.cz\/index.php?rest_route=\/wp\/v2\/posts"}],"about":[{"href":"https:\/\/www.invarena.cz\/index.php?rest_route=\/wp\/v2\/types\/post"}],"author":[{"embeddable":true,"href":"https:\/\/www.invarena.cz\/index.php?rest_route=\/wp\/v2\/users\/1"}],"replies":[{"embeddable":true,"href":"https:\/\/www.invarena.cz\/index.php?rest_route=%2Fwp%2Fv2%2Fcomments&post=25099"}],"version-history":[{"count":0,"href":"https:\/\/www.invarena.cz\/index.php?rest_route=\/wp\/v2\/posts\/25099\/revisions"}],"wp:attachment":[{"href":"https:\/\/www.invarena.cz\/index.php?rest_route=%2Fwp%2Fv2%2Fmedia&parent=25099"}],"wp:term":[{"taxonomy":"category","embeddable":true,"href":"https:\/\/www.invarena.cz\/index.php?rest_route=%2Fwp%2Fv2%2Fcategories&post=25099"},{"taxonomy":"post_tag","embeddable":true,"href":"https:\/\/www.invarena.cz\/index.php?rest_route=%2Fwp%2Fv2%2Ftags&post=25099"}],"curies":[{"name":"wp","href":"https:\/\/api.w.org\/{rel}","templated":true}]}}