{"id":25100,"date":"2016-04-01T15:17:58","date_gmt":"2016-04-01T13:17:58","guid":{"rendered":"http:\/\/www.invarena.cz\/?p=25100"},"modified":"2016-04-01T15:17:58","modified_gmt":"2016-04-01T13:17:58","slug":"pardubice-zaplavi-vzkazy-ze-sveta-autistu","status":"publish","type":"post","link":"https:\/\/www.invarena.cz\/?p=25100","title":{"rendered":"Pardubice zaplav\u00ed vzkazy ze sv\u011bta autist\u016f"},"content":{"rendered":"<p><strong>Co se odehr\u00e1v\u00e1 v du\u0161\u00edch autist\u016f, jejich rodi\u010d\u016f a t\u011bch, kdo o n\u011b pe\u010duj\u00ed, ve\u0159ejnosti p\u0159ibl\u00ed\u017e\u00ed vzkazy, se kter\u00fdmi se lid\u00e9 mohou v pr\u016fb\u011bhu dubna setkat v Pardubic\u00edch t\u00e9m\u011b\u0159 kdekoliv: na \u00fa\u0159adech, v divadle, v plaveck\u00e9m baz\u00e9nu, na univerzit\u011b, v \u010dek\u00e1rn\u011bu l\u00e9ka\u0159e i na hrad\u011b Kun\u011btick\u00e1 hora. Zamy\u0161len\u00ed nad ot\u00e1zkou &#8222;Co n\u00e1m d\u011bl\u00e1 radost?&#8220; si v\u00e1s mohou naj\u00edt dokonce i ve vozech m\u011bstsk\u00e9 hromadn\u00e9 dopravy.<\/strong> <!--more--><\/p>\n<p>Pardubice \u2013 V\u00fdstavy vzkaz\u016f jsou jednou z akc\u00ed ke Dni autismu, kter\u00fd p\u0159ipad\u00e1 na sobotu. V \u010cesk\u00e9 republice \u017eije 150 tis\u00edc autist\u016f. Za posledn\u00edch p\u011bt let stoupl po\u010det d\u011bt\u00ed s poruchami autistick\u00e9ho spektra trojn\u00e1sobn\u011b. Autismus je poruchou ment\u00e1ln\u00edho v\u00fdvoje, naru\u0161ena b\u00fdv\u00e1 zejm\u00e9na schopnost komunikace, soci\u00e1ln\u00ed interakce a p\u0159edstavivosti.<\/p>\n<p>&#8222;Nerozum\u00edm dlouh\u00fdm slovn\u00edm instrukc\u00edm. Slova jsou pro m\u011b chaos. Ve \u0161kolce u\u017e v\u011bd\u00ed, \u017ee mus\u00ed mluvit stru\u010dn\u011b a v\u00fdsti\u017en\u011b. Do \u0161kolky chod\u00edm r\u00e1d, pan\u00ed u\u010ditelky pochopily, \u017ee m\u00e1m smysl pro humor a nezkaz\u00edm \u017e\u00e1dnou legraci,&#8220; sv\u011b\u0159il se \u0161estilet\u00fd Martin, autista. Svou zku\u0161enost p\u0159ipojuje i maminka sedmilet\u00e9ho Ad\u00e1mka, kter\u00fd s\u00e1m neum\u00ed vyj\u00e1d\u0159it, co mu d\u011bl\u00e1 radost. &#8222;R\u00e1d chod\u00ed na proch\u00e1zky do p\u0159\u00edrody. \u010cist\u00ed si tam hlavu od ka\u017edodenn\u00edch starost\u00ed, kdy\u017e se nem\u016f\u017ee vypov\u00eddat, jak se m\u011bl, co ho tr\u00e1p\u00ed, co mu \u0161lo. Ad\u00e1mek toti\u017e nemluv\u00ed,&#8220; vypravuje maminka chlapce trp\u00edc\u00edho autismem. Asistent pedagoga, kter\u00fd v Pardubic\u00edch pe\u010duje o d\u011bti s t\u00edmto posti\u017een\u00edm, doplnil: &#8222;Pr\u00e1ce s t\u011bmito d\u011btmi m\u011b nau\u010dila velik\u00e9 trp\u011blivosti, klidu a seberealizaci.&#8220;<\/p>\n<p>C\u00edlem Dne autismu a akc\u00ed, kter\u00e9 jsou s n\u00edm spojen\u00e9, je hlavn\u011b \u0161\u00ed\u0159it osv\u011btu. Poruchy autistick\u00e9ho spektra vy\u017eaduj\u00ed mnoho ohled\u016f, pochopen\u00ed a specifick\u00fd styl komunikace.<\/p>\n<p>&#8222;U d\u011bt\u00ed je komunikace n\u00e1ro\u010dn\u011bj\u0161\u00ed. Ztr\u00e1cej\u00ed se ve sv\u00fdch pocitech a \u0159ada v\u011bc\u00ed jim zkr\u00e1tka vad\u00ed. My chceme uk\u00e1zat ve\u0159ejnosti, \u017ee nejde o to, \u017ee je d\u00edt\u011b nevychovan\u00e9 nebo zlob\u00ed, ale m\u00e1 poruchu autistick\u00e9ho spektra, a proto pot\u0159ebuje daleko v\u00edce pochopen\u00ed a jin\u00fd p\u0159\u00edstup v komunikaci,&#8220; uvedla Hana Janikov\u00e1, \u0159editelka Rodinn\u00e9ho integra\u010dn\u00edho centra v Pardubic\u00edch, kter\u00e9 pom\u00e1h\u00e1 d\u011btem s autismem. Akce ke Dni autismu podpo\u0159ili i herci V\u00fdchodo\u010desk\u00e9ho divadla, man\u017eel\u00e9 Pavel a Dagmar Novotn\u00ed, kte\u0159\u00ed se z\u00fa\u010dastn\u00ed ve\u0159ejn\u00e9ho \u010dten\u00ed vzkaz\u016f.<\/p>\n<p>&#8222;V\u00e1m v\u0161em, kte\u0159\u00ed \u017eijete mezi dv\u011bma sv\u011bty a ka\u017ed\u00fdm dnem usilujete o jejich vz\u00e1jemn\u00e9 p\u0159ibl\u00ed\u017een\u00ed, pat\u0159\u00ed n\u00e1\u0161 obdiv,&#8220; vzk\u00e1zal hereck\u00fd p\u00e1r.<\/p>\n<p>&#8212;<\/p>\n<p>Dny autismu<\/p>\n<p>P\u00e1tek 1. dubna v 8.30 hodin: Od Tipsport areny vych\u00e1z\u00ed Modr\u00fd pr\u016fvod (modr\u00e1 je barvou komunikace) s c\u00edlem u V\u00fdchodo\u010desk\u00e9ho divadla, kde budou cca v 10.30 hodin vypu\u0161t\u011bny balonky. Pr\u016fvod pobav\u00ed klaun Ferda.<br \/>\nP\u00e1tek 1. dubna v 11 hodin: V budov\u011b re\u00e1lky (dnes krajsk\u00fd \u00fa\u0159ad) se uskute\u010dn\u00ed zah\u00e1jen\u00ed v\u00fdstavy vzkaz\u016f autist\u016f. Vzkazy p\u0159e\u010dte herec Pavel Novotn\u00fd, vystoup\u00ed hendikepovan\u00e9 d\u011bti.<br \/>\nNoc na 2. a na 3. dubna: Budovy v Pardubic\u00edch se p\u0159ipoj\u00ed ke sv\u011btov\u00e9 akci Rozsvi\u0165me mod\u0159e.<br \/>\nPond\u011bl\u00ed 4. dubna: Den otev\u0159en\u00fdch dve\u0159\u00ed Rehabilita\u010dn\u00edho centra a \u0161kolky Lentilka a Rodinn\u00e9ho integra\u010dn\u00edho centra v Polabin\u00e1ch v Pardubic\u00edch od 8 do 16 hodin. Pot\u00e9 se uskute\u010dn\u00ed \u010dten\u00ed vzkaz\u016f, \u010d\u00edst budou herci V\u00fdchodo\u010desk\u00e9ho divadla, man\u017eel\u00e9 Novotn\u00ed.<\/p>\n<p>PAVL\u00cdNA ROZTO\u010cILOV\u00c1<br \/>\nPardubick\u00fd den\u00edk<br \/>\n<a href=\"http:\/\/pardubicky.denik.cz\/\">http:\/\/pardubicky.denik.cz\/<\/a><\/p>\n","protected":false},"excerpt":{"rendered":"<div class=\"mh-excerpt\"><p>Co se odehr\u00e1v\u00e1 v du\u0161\u00edch autist\u016f, jejich rodi\u010d\u016f a t\u011bch, kdo o n\u011b pe\u010duj\u00ed, ve\u0159ejnosti p\u0159ibl\u00ed\u017e\u00ed vzkazy, se kter\u00fdmi se lid\u00e9 mohou v pr\u016fb\u011bhu dubna <a class=\"mh-excerpt-more\" href=\"https:\/\/www.invarena.cz\/?p=25100\" title=\"Pardubice zaplav\u00ed vzkazy ze sv\u011bta autist\u016f\">[&#8230;]<\/a><\/p>\n<\/div>","protected":false},"author":1,"featured_media":18792,"comment_status":"open","ping_status":"closed","sticky":false,"template":"","format":"standard","meta":{"footnotes":""},"categories":[9],"tags":[],"class_list":["post-25100","post","type-post","status-publish","format-standard","has-post-thumbnail","hentry","category-zpravy"],"_links":{"self":[{"href":"https:\/\/www.invarena.cz\/index.php?rest_route=\/wp\/v2\/posts\/25100","targetHints":{"allow":["GET"]}}],"collection":[{"href":"https:\/\/www.invarena.cz\/index.php?rest_route=\/wp\/v2\/posts"}],"about":[{"href":"https:\/\/www.invarena.cz\/index.php?rest_route=\/wp\/v2\/types\/post"}],"author":[{"embeddable":true,"href":"https:\/\/www.invarena.cz\/index.php?rest_route=\/wp\/v2\/users\/1"}],"replies":[{"embeddable":true,"href":"https:\/\/www.invarena.cz\/index.php?rest_route=%2Fwp%2Fv2%2Fcomments&post=25100"}],"version-history":[{"count":0,"href":"https:\/\/www.invarena.cz\/index.php?rest_route=\/wp\/v2\/posts\/25100\/revisions"}],"wp:featuredmedia":[{"embeddable":true,"href":"https:\/\/www.invarena.cz\/index.php?rest_route=\/wp\/v2\/media\/18792"}],"wp:attachment":[{"href":"https:\/\/www.invarena.cz\/index.php?rest_route=%2Fwp%2Fv2%2Fmedia&parent=25100"}],"wp:term":[{"taxonomy":"category","embeddable":true,"href":"https:\/\/www.invarena.cz\/index.php?rest_route=%2Fwp%2Fv2%2Fcategories&post=25100"},{"taxonomy":"post_tag","embeddable":true,"href":"https:\/\/www.invarena.cz\/index.php?rest_route=%2Fwp%2Fv2%2Ftags&post=25100"}],"curies":[{"name":"wp","href":"https:\/\/api.w.org\/{rel}","templated":true}]}}