{"id":25103,"date":"2016-04-01T15:38:34","date_gmt":"2016-04-01T13:38:34","guid":{"rendered":"http:\/\/www.invarena.cz\/?p=25103"},"modified":"2016-04-01T15:38:34","modified_gmt":"2016-04-01T13:38:34","slug":"porad-trenujeme-rika-nevidomy-cyklista","status":"publish","type":"post","link":"https:\/\/www.invarena.cz\/?p=25103","title":{"rendered":"Po\u0159\u00e1d tr\u00e9nujeme, \u0159\u00edk\u00e1 nevidom\u00fd cyklista"},"content":{"rendered":"<p><strong>Cyklomaraton, Slezsk\u00fd nebo Evropsk\u00fd poh\u00e1r. Nejen t\u011bchto sout\u011b\u017e\u00ed se \u00fa\u010dastn\u00ed Tom\u00e1\u0161 Kr\u00e1\u010dal\u00edk z Ostravy, kter\u00fd se v dosp\u00edv\u00e1n\u00ed musel poprat s t\u011b\u017ekou situac\u00ed.<\/strong> <!--more--><\/p>\n<p>OSTRAVA &#8222;V patn\u00e1cti mi objevili n\u00e1dor na mozku. L\u00e9ka\u0159\u016fm se ho poda\u0159ilo odoperovat, ale bohu\u017eel se mi po z\u00e1kroku za\u010dal zhor\u0161ovat zrak, \u0161lo to dost rychle,&#8220; popisuje Kr\u00e1\u010dal\u00edk, kter\u00fd dnes na lev\u00e9 oko nevid\u00ed v\u016fbec a na druh\u00e9 podle sv\u00fdch slov hodn\u011b rozmazan\u011b.<\/p>\n<p>&#8222;Dokto\u0159i mi zachr\u00e1nili \u017eivot, ale cena byla vysok\u00e1. Bylo t\u011b\u017ek\u00e9 sm\u00ed\u0159it se s t\u00edm, \u017ee tak \u0161patn\u011b vid\u00edm. Musel jsem skon\u010dit se \u0161kolou, proto\u017ee jsem se u\u010dil soustru\u017en\u00edkem, p\u0159i\u0161lo mi, \u017ee u\u017e nikdy nebudu samostatn\u00fd,&#8220; pokra\u010duje Tom\u00e1\u0161 a l\u00ed\u010d\u00ed, jak v t\u00e9 dob\u011b tr\u00e1vil v\u00edkendy. &#8222;Za\u010dal jsem dost p\u00edt, v\u017edycky jsme dorazili s kamar\u00e1dy n\u011bkam na chalupu a tam jsme se do n\u011bmoty opili, \u0159\u00e1dili jsme. Pak jsem se ale ze dne na den rozhodl, \u017ee nebudu p\u00edt a \u017ee nechci jen tak hloup\u011b mrhat \u010dasem.&#8220; Tom\u00e1\u0161 absolvoval rekvalifika\u010dn\u00ed mas\u00e9rsk\u00fd kurz. &#8222;Zam\u011bstnala m\u011b firma a pr\u00e1ce m\u011b bavila. Lid\u00e9 si zvykli, \u017ee je mas\u00edruje nevidom\u00fd, a dokonce si m\u011b chv\u00e1lili.&#8220;<\/p>\n<p>Psychicky ale Tom\u00e1\u0161ovi pomohlo hlavn\u011b sportov\u00e1n\u00ed. &#8222;Nejprve jsem za\u010dal s kamar\u00e1dem b\u011bhat a ly\u017eovat, nau\u010dil se m\u011b navigovat a j\u00e1 to, \u017ee mu mus\u00edm v\u011b\u0159it,&#8220; \u0159\u00edk\u00e1 Tom\u00e1\u0161 s t\u00edm, \u017ee nejv\u011bt\u0161\u00ed z\u00e1libu v\u0161ak na\u0161el v cyklistice. Konkr\u00e9tn\u011b v tandemov\u00e9m je\u017ed\u011bn\u00ed na dvojkole. &#8222;Sna\u017e\u00edme se tr\u00e9novat n\u011bkolikr\u00e1t t\u00fddn\u011b podle po\u010das\u00ed,&#8220; \u0159\u00edk\u00e1 nevidom\u00fd cyklista a p\u0159izn\u00e1v\u00e1, \u017ee za\u010d\u00e1tky nebyly lehk\u00e9. &#8222;Za\u017eili jsme mnoho p\u00e1d\u016f. Je t\u011b\u017ek\u00e9 chytit rytmus, sjednotit tempo. Po\u0159\u00e1d se s kamar\u00e1dem zdokonalujeme,&#8220; p\u0159ibli\u017euje Tom\u00e1\u0161 a vyjmenov\u00e1v\u00e1 \u00fasp\u011bchy. &#8222;\u00da\u010dastnili jsme se Evropsk\u00e9ho poh\u00e1ru pro handicapovan\u00e9, ale startujeme i na sout\u011b\u017e\u00edch, kde pro n\u00e1s nejsou kategorie, jako t\u0159eba na Slezsk\u00e9m poh\u00e1ru. Letos tr\u00e9nujeme znovu na Evropsk\u00fd poh\u00e1r, proto\u017ee minule jsme ne\u0161\u0165astn\u011b p\u00edchli. Douf\u00e1m, \u017ee se zlep\u0161\u00edme,&#8220; usm\u00edv\u00e1 se nad\u0161en\u00fd cyklista, kter\u00e9ho t\u011b\u0161\u00ed i jin\u00e9 v\u011bci. &#8222;S p\u0159\u00edtelkyn\u00ed se n\u00e1m narodilo miminko a otev\u0159el jsem si v Ostrav\u011b Z\u00e1b\u0159ehu mas\u00e1\u017en\u00ed salon. Nejv\u011bt\u0161\u00ed radost m\u00e1m, kdy\u017e se z\u00e1kazn\u00edci vracej\u00ed, i kdy\u017e podnik nen\u00ed je\u0161t\u011b \u00fapln\u011b zaveden\u00fd. Jmenuje se Mas\u00e1\u017ee u slepon\u011b,&#8220; dod\u00e1v\u00e1 s nadhledem Tom\u00e1\u0161.<\/p>\n<p>Kl\u00e1ra Kohutov\u00e1, redaktorka MF DNES<\/p>\n<p>Mlad\u00e1 fronta DNES<\/p>\n","protected":false},"excerpt":{"rendered":"<div class=\"mh-excerpt\"><p>Cyklomaraton, Slezsk\u00fd nebo Evropsk\u00fd poh\u00e1r. Nejen t\u011bchto sout\u011b\u017e\u00ed se \u00fa\u010dastn\u00ed Tom\u00e1\u0161 Kr\u00e1\u010dal\u00edk z Ostravy, kter\u00fd se v dosp\u00edv\u00e1n\u00ed musel poprat s t\u011b\u017ekou situac\u00ed.<\/p>\n<\/div>","protected":false},"author":1,"featured_media":4795,"comment_status":"open","ping_status":"closed","sticky":false,"template":"","format":"standard","meta":{"footnotes":""},"categories":[9],"tags":[],"class_list":["post-25103","post","type-post","status-publish","format-standard","has-post-thumbnail","hentry","category-zpravy"],"_links":{"self":[{"href":"https:\/\/www.invarena.cz\/index.php?rest_route=\/wp\/v2\/posts\/25103","targetHints":{"allow":["GET"]}}],"collection":[{"href":"https:\/\/www.invarena.cz\/index.php?rest_route=\/wp\/v2\/posts"}],"about":[{"href":"https:\/\/www.invarena.cz\/index.php?rest_route=\/wp\/v2\/types\/post"}],"author":[{"embeddable":true,"href":"https:\/\/www.invarena.cz\/index.php?rest_route=\/wp\/v2\/users\/1"}],"replies":[{"embeddable":true,"href":"https:\/\/www.invarena.cz\/index.php?rest_route=%2Fwp%2Fv2%2Fcomments&post=25103"}],"version-history":[{"count":0,"href":"https:\/\/www.invarena.cz\/index.php?rest_route=\/wp\/v2\/posts\/25103\/revisions"}],"wp:featuredmedia":[{"embeddable":true,"href":"https:\/\/www.invarena.cz\/index.php?rest_route=\/wp\/v2\/media\/4795"}],"wp:attachment":[{"href":"https:\/\/www.invarena.cz\/index.php?rest_route=%2Fwp%2Fv2%2Fmedia&parent=25103"}],"wp:term":[{"taxonomy":"category","embeddable":true,"href":"https:\/\/www.invarena.cz\/index.php?rest_route=%2Fwp%2Fv2%2Fcategories&post=25103"},{"taxonomy":"post_tag","embeddable":true,"href":"https:\/\/www.invarena.cz\/index.php?rest_route=%2Fwp%2Fv2%2Ftags&post=25103"}],"curies":[{"name":"wp","href":"https:\/\/api.w.org\/{rel}","templated":true}]}}