{"id":25120,"date":"2016-04-06T10:40:42","date_gmt":"2016-04-06T08:40:42","guid":{"rendered":"http:\/\/www.invarena.cz\/?p=25120"},"modified":"2016-04-06T10:49:40","modified_gmt":"2016-04-06T08:49:40","slug":"vystava-v-pisecke-mestske-knihovne-nevidime-neslysime-ale-citime","status":"publish","type":"post","link":"https:\/\/www.invarena.cz\/?p=25120","title":{"rendered":"V\u00fdstava v p\u00edseck\u00e9 m\u011bstsk\u00e9 knihovn\u011b: Nevid\u00edme, nesly\u0161\u00edme, ale c\u00edt\u00edme"},"content":{"rendered":"<p>V budov\u011b m\u011bstsk\u00e9 knihovny na Al\u0161ov\u011b n\u00e1m\u011bst\u00ed v P\u00edsku je ode dne\u0161ka do konce dubna otev\u0159ena v\u00fdstava nazvan\u00e1 Nevid\u00edme, nesly\u0161\u00edme, ale c\u00edt\u00edme. Po\u0159adatelem je Klub p\u0159\u00e1tel \u010dervenob\u00edl\u00e9 hole, kter\u00fd p\u016fsob\u00ed v \u010cesk\u00e9 republice ji\u017e jeden\u00e1ct\u00fdm rokem.<\/p>\n<p><!--more--><\/p>\n<p>&#8222;Tento klub nab\u00edz\u00ed lidem posti\u017een\u00fdm hluchoslepotou slu\u017eby z oblasti pr\u00e1vn\u00ed, soci\u00e1ln\u00ed, poradensk\u00e9 i osobn\u00ed tak, aby co nejv\u00edce uleh\u010dil \u017eivot lidem s t\u00edmto posti\u017een\u00edm,&#8220; uvedla Martina Hanusov\u00e1 z Klubu p\u0159\u00e1tel \u010dervenob\u00edl\u00e9 hole.<br \/>\nKlub,jeho\u017e\u010dlenemm\u016f\u017eeb\u00fdt ka\u017ed\u00fd ob\u010dan star\u0161\u00ed 18 let, podporuje p\u0159edev\u0161\u00edm rozv\u00edjen\u00ed kulturn\u00edch aktivit a tvo\u0159ivosti. Po\u0159\u00e1d\u00e1 n\u00e1v\u0161t\u011bvy kulturn\u00edch a spole\u010densk\u00fdch akc\u00ed, pozn\u00e1vac\u00ed v\u00fdlety a d\u00e1le pobytov\u00e9 akce se zam\u011b\u0159en\u00edm zejm\u00e9na na v\u00fdtvarnou tvo\u0159ivost a propaga\u010dn\u00ed akce, jako jsou t\u00e9matick\u00e9 v\u00fdstavy souvisej\u00edc\u00ed p\u0159edev\u0161\u00edm s posti\u017een\u00edm hluchoslepotou. &#8222;Klub p\u0159\u00e1tel \u010dervenob\u00edl\u00e9 hole je pro \u010dleny z\u00e1zem\u00edm, kde si mohou mezi sebou popov\u00eddat v mal\u00fdch skupink\u00e1ch a vym\u011bnit si vlastn\u00ed zku\u0161enosti,&#8220; dodala Martina Hanusov\u00e1.<br \/>\nV\u00fdstava nazvan\u00e1 Nevid\u00edme, nesly\u0161\u00edme, ale c\u00edt\u00edme je putovn\u00ed a v r\u016fzn\u00fdch m\u00edstech republiky se obvykle kon\u00e1 v prostor\u00e1ch m\u011bstsk\u00fdch knihoven. Jej\u00edm c\u00edlem je sezn\u00e1mit co nej\u0161ir\u0161\u00ed ve\u0159ejnost s hluchoslepotou a v\u0161\u00edm, co toto posti\u017een\u00ed obn\u00e1\u0161\u00ed. Na v\u00fdstavn\u00edch panelech najdou n\u00e1v\u0161t\u011bvn\u00edci informace o komunika\u010dn\u00edch prost\u0159edc\u00edch hluchoslep\u00fdch, kompenza\u010dn\u00edch pom\u016fck\u00e1ch, organizac\u00edch poskytuj\u00edc\u00edch slu\u017eby a p\u0159edev\u0161\u00edm o \u010dinnosti Klubu p\u0159\u00e1tel \u010dervenob\u00edl\u00e9 hole. &#8222;Sou\u010d\u00e1st\u00ed v\u00fdstavy jsou rukod\u011bln\u00e9 v\u00fdrobky hluchoslep\u00fdch klient\u016f a fotografie z akc\u00ed klubu,&#8220; dodala Martina Hanusov\u00e1.<\/p>\n<p>P\u00edseck\u00fd den\u00edk<br \/>\n<a href=\"http:\/\/pisecky.denik.cz\/\">http:\/\/pisecky.denik.cz\/<\/a><\/p>\n","protected":false},"excerpt":{"rendered":"<div class=\"mh-excerpt\"><p>V budov\u011b m\u011bstsk\u00e9 knihovny na Al\u0161ov\u011b n\u00e1m\u011bst\u00ed v P\u00edsku je ode dne\u0161ka do konce dubna otev\u0159ena v\u00fdstava nazvan\u00e1 Nevid\u00edme, nesly\u0161\u00edme, ale c\u00edt\u00edme. Po\u0159adatelem je Klub <a class=\"mh-excerpt-more\" href=\"https:\/\/www.invarena.cz\/?p=25120\" title=\"V\u00fdstava v p\u00edseck\u00e9 m\u011bstsk\u00e9 knihovn\u011b: Nevid\u00edme, nesly\u0161\u00edme, ale c\u00edt\u00edme\">[&#8230;]<\/a><\/p>\n<\/div>","protected":false},"author":1,"featured_media":0,"comment_status":"open","ping_status":"closed","sticky":false,"template":"","format":"standard","meta":{"footnotes":""},"categories":[9],"tags":[],"class_list":["post-25120","post","type-post","status-publish","format-standard","hentry","category-zpravy"],"_links":{"self":[{"href":"https:\/\/www.invarena.cz\/index.php?rest_route=\/wp\/v2\/posts\/25120","targetHints":{"allow":["GET"]}}],"collection":[{"href":"https:\/\/www.invarena.cz\/index.php?rest_route=\/wp\/v2\/posts"}],"about":[{"href":"https:\/\/www.invarena.cz\/index.php?rest_route=\/wp\/v2\/types\/post"}],"author":[{"embeddable":true,"href":"https:\/\/www.invarena.cz\/index.php?rest_route=\/wp\/v2\/users\/1"}],"replies":[{"embeddable":true,"href":"https:\/\/www.invarena.cz\/index.php?rest_route=%2Fwp%2Fv2%2Fcomments&post=25120"}],"version-history":[{"count":0,"href":"https:\/\/www.invarena.cz\/index.php?rest_route=\/wp\/v2\/posts\/25120\/revisions"}],"wp:attachment":[{"href":"https:\/\/www.invarena.cz\/index.php?rest_route=%2Fwp%2Fv2%2Fmedia&parent=25120"}],"wp:term":[{"taxonomy":"category","embeddable":true,"href":"https:\/\/www.invarena.cz\/index.php?rest_route=%2Fwp%2Fv2%2Fcategories&post=25120"},{"taxonomy":"post_tag","embeddable":true,"href":"https:\/\/www.invarena.cz\/index.php?rest_route=%2Fwp%2Fv2%2Ftags&post=25120"}],"curies":[{"name":"wp","href":"https:\/\/api.w.org\/{rel}","templated":true}]}}