{"id":25130,"date":"2016-04-06T10:38:35","date_gmt":"2016-04-06T08:38:35","guid":{"rendered":"http:\/\/www.invarena.cz\/?p=25130"},"modified":"2016-04-06T10:38:35","modified_gmt":"2016-04-06T08:38:35","slug":"svetovy-den-porozumeni-autismu","status":"publish","type":"post","link":"https:\/\/www.invarena.cz\/?p=25130","title":{"rendered":"Sv\u011btov\u00fd den porozum\u011bn\u00ed autismu"},"content":{"rendered":"<p>U p\u0159\u00edle\u017eitosti Sv\u011btov\u00e9ho dne porozum\u011bn\u00ed autismu (World Autism Awareness Day), kter\u00fd se ji\u017e tradi\u010dn\u011b kon\u00e1 2. dubna, se ministerstvo zdravotnictv\u00ed zapojuje do osv\u011btov\u00e9 kampan\u011b \u201eLight it up blue\u201c, \u010desky \u201eRozsvi\u0165me se mod\u0159e\u201c.<!--more--><\/p>\n<p> V podve\u010der tohoto dne se v oknech rozsv\u011bcuj\u00ed modr\u00e1 sv\u011btla nebo se \u00fa\u010dastn\u00edci kampan\u011b nap\u0159. obl\u00e9kaj\u00ed do modr\u00e9ho oble\u010den\u00ed \u2013 modr\u00e1 je toti\u017e barvou komunikace a sebevyj\u00e1d\u0159en\u00ed, tedy oblast\u00ed, ve kter\u00fdch maj\u00ed lid\u00e9 s autismem nejv\u011bt\u0161\u00ed pot\u00ed\u017ee.<\/p>\n<p>\u201eRozsv\u00edcen\u00edm modr\u00e9ho sv\u011btla chceme zv\u00fd\u0161it porozum\u011bn\u00ed a vyj\u00e1d\u0159it podporu lidem s autismem a jejich bl\u00edzk\u00fdm. Pot\u0159ebuj\u00ed, abychom jim dali najevo, \u017ee n\u00e1m nejsou lhostejn\u00ed,\u201c vysv\u011btlil ministr zdravotnictv\u00ed Svatopluk N\u011bme\u010dek.<\/p>\n<p>Osv\u011btov\u00e1 kampa\u0148 \u201e\u010cesko sv\u00edt\u00ed mod\u0159e\u201c vznikla jako projekt platformy Nad\u011bje pro autismus v roce 2014 s c\u00edlem zvy\u0161ovat pov\u011bdom\u00ed ve\u0159ejnosti o problematice poruch autistick\u00e9ho spektra. Leto\u0161n\u00ed 3. ro\u010dn\u00edk kampan\u011b tak op\u011bt vyjad\u0159uje podporu a uzn\u00e1n\u00ed lidem \u017eij\u00edc\u00edm s autismem v \u010cesk\u00e9 republice. Historicky poprv\u00e9 si sv\u011bt p\u0159ipomn\u011bl existenci autismu 2. dubna 2008.<\/p>\n","protected":false},"excerpt":{"rendered":"<div class=\"mh-excerpt\"><p>U p\u0159\u00edle\u017eitosti Sv\u011btov\u00e9ho dne porozum\u011bn\u00ed autismu (World Autism Awareness Day), kter\u00fd se ji\u017e tradi\u010dn\u011b kon\u00e1 2. dubna, se ministerstvo zdravotnictv\u00ed zapojuje do osv\u011btov\u00e9 kampan\u011b \u201eLight <a class=\"mh-excerpt-more\" href=\"https:\/\/www.invarena.cz\/?p=25130\" title=\"Sv\u011btov\u00fd den porozum\u011bn\u00ed autismu\">[&#8230;]<\/a><\/p>\n<\/div>","protected":false},"author":1,"featured_media":0,"comment_status":"open","ping_status":"closed","sticky":false,"template":"","format":"standard","meta":{"footnotes":""},"categories":[9],"tags":[],"class_list":["post-25130","post","type-post","status-publish","format-standard","hentry","category-zpravy"],"_links":{"self":[{"href":"https:\/\/www.invarena.cz\/index.php?rest_route=\/wp\/v2\/posts\/25130","targetHints":{"allow":["GET"]}}],"collection":[{"href":"https:\/\/www.invarena.cz\/index.php?rest_route=\/wp\/v2\/posts"}],"about":[{"href":"https:\/\/www.invarena.cz\/index.php?rest_route=\/wp\/v2\/types\/post"}],"author":[{"embeddable":true,"href":"https:\/\/www.invarena.cz\/index.php?rest_route=\/wp\/v2\/users\/1"}],"replies":[{"embeddable":true,"href":"https:\/\/www.invarena.cz\/index.php?rest_route=%2Fwp%2Fv2%2Fcomments&post=25130"}],"version-history":[{"count":0,"href":"https:\/\/www.invarena.cz\/index.php?rest_route=\/wp\/v2\/posts\/25130\/revisions"}],"wp:attachment":[{"href":"https:\/\/www.invarena.cz\/index.php?rest_route=%2Fwp%2Fv2%2Fmedia&parent=25130"}],"wp:term":[{"taxonomy":"category","embeddable":true,"href":"https:\/\/www.invarena.cz\/index.php?rest_route=%2Fwp%2Fv2%2Fcategories&post=25130"},{"taxonomy":"post_tag","embeddable":true,"href":"https:\/\/www.invarena.cz\/index.php?rest_route=%2Fwp%2Fv2%2Ftags&post=25130"}],"curies":[{"name":"wp","href":"https:\/\/api.w.org\/{rel}","templated":true}]}}