{"id":25136,"date":"2016-04-05T13:20:48","date_gmt":"2016-04-05T11:20:48","guid":{"rendered":"http:\/\/www.invarena.cz\/?p=25136"},"modified":"2016-04-05T13:20:48","modified_gmt":"2016-04-05T11:20:48","slug":"neni-tma-jako-tma-aneb-zkuste-si-vystavu-potme","status":"publish","type":"post","link":"https:\/\/www.invarena.cz\/?p=25136","title":{"rendered":"Nen\u00ed tma jako tma aneb Zkuste si v\u00fdstavu potm\u011b"},"content":{"rendered":"<p><strong>Sv\u011bt nevidom\u00fdch p\u0159ibli\u017euje v\u00fdstava, kter\u00e1 je instalovan\u00e1 ve zl\u00ednsk\u00e9m z\u00e1mku. Interaktivn\u00ed v\u00fdstava nazvan\u00e1 Nen\u00ed tma jako tma je rozd\u011blena do n\u011bkolika \u010d\u00e1st\u00ed, n\u00e1v\u0161t\u011bvn\u00edci se sami \u010di s pr\u016fvodcem mohou pohybovat v pokoji v absolutn\u00ed tm\u011b nebo v prostoru simuluj\u00edc\u00edm ru\u0161nou ulici.<\/strong><!--more--><\/p>\n<p>\u00bbSv\u011bt nevidom\u00fdch a slabozrak\u00fdch je od toho b\u011b\u017en\u00e9ho naprosto odli\u0161n\u00fd. D\u00edky v\u00fdstav\u011b za\u017eijete absolutn\u00ed tmu, pozn\u00e1te n\u00e1strahy a strasti ka\u017edodenn\u00edho \u017eivota a vc\u00edt\u00edte se do role lid\u00ed se zrakov\u00fdm posti\u017een\u00edm,\u00ab sd\u011blila z\u00e1stupkyn\u011b organiz\u00e1tor\u016f Jana M\u00e1rov\u00e1.<\/p>\n<p>V\u00fdstava podle n\u00ed m\u00e1 pro n\u00e1v\u0161t\u011bvn\u00edky z\u00e1\u017eitkov\u00fd a nau\u010dn\u00fd rozm\u011br a nevidom\u00ed d\u00edky mo\u017enosti st\u00e1t se pr\u016fvodci po v\u00fdstav\u011b z\u00edskaj\u00ed pracovn\u00ed uplatn\u011bn\u00ed.<\/p>\n<p>\u010c\u00e1st v\u00fdstavy prezentuje pom\u016fcky pro nevidom\u00e9, v\u011bci denn\u00ed pot\u0159eby, pr\u00e1ci s technologiemi \u010di vodic\u00edmi psy. Nechyb\u00ed ani vzd\u011bl\u00e1vac\u00ed \u010d\u00e1st v\u011bnovan\u00e1 zraku s modely oka, simulac\u00ed o\u010dn\u00edch vad \u010di jejich m\u011b\u0159en\u00edm. P\u0159ipraveny jsou tak\u00e9 sout\u011b\u017ee pro d\u011bti, mal\u00ed n\u00e1v\u0161t\u011bvn\u00edci si mohou v d\u00edln\u00e1ch vyrobit pom\u016fcky pro nevidom\u00e9 d\u011bti.<\/p>\n<p>V\u00fdstava, kterou p\u0159ipravila obecn\u011b prosp\u011b\u0161n\u00e1 spole\u010dnost Aktivn\u00ed rozvoj, potrv\u00e1 ve Zl\u00edn\u011b do \u010dervence. Pot\u00e9 se p\u0159esune do Uhersk\u00e9ho Hradi\u0161t\u011b a p\u0159\u00ed\u0161t\u00ed rok bude v Krom\u011b\u0159\u00ed\u017ei a Vset\u00edn\u011b.<\/p>\n<p>Marcela \u0160PI\u010cKOV\u00c1, Petr KOJZAR a Roman JANOUCH<br \/>\nHal\u00f3 noviny<\/p>\n","protected":false},"excerpt":{"rendered":"<div class=\"mh-excerpt\"><p>Sv\u011bt nevidom\u00fdch p\u0159ibli\u017euje v\u00fdstava, kter\u00e1 je instalovan\u00e1 ve zl\u00ednsk\u00e9m z\u00e1mku. Interaktivn\u00ed v\u00fdstava nazvan\u00e1 Nen\u00ed tma jako tma je rozd\u011blena do n\u011bkolika \u010d\u00e1st\u00ed, n\u00e1v\u0161t\u011bvn\u00edci se sami <a class=\"mh-excerpt-more\" href=\"https:\/\/www.invarena.cz\/?p=25136\" title=\"Nen\u00ed tma jako tma aneb Zkuste si v\u00fdstavu potm\u011b\">[&#8230;]<\/a><\/p>\n<\/div>","protected":false},"author":1,"featured_media":14494,"comment_status":"open","ping_status":"closed","sticky":false,"template":"","format":"standard","meta":{"footnotes":""},"categories":[9],"tags":[],"class_list":["post-25136","post","type-post","status-publish","format-standard","has-post-thumbnail","hentry","category-zpravy"],"_links":{"self":[{"href":"https:\/\/www.invarena.cz\/index.php?rest_route=\/wp\/v2\/posts\/25136","targetHints":{"allow":["GET"]}}],"collection":[{"href":"https:\/\/www.invarena.cz\/index.php?rest_route=\/wp\/v2\/posts"}],"about":[{"href":"https:\/\/www.invarena.cz\/index.php?rest_route=\/wp\/v2\/types\/post"}],"author":[{"embeddable":true,"href":"https:\/\/www.invarena.cz\/index.php?rest_route=\/wp\/v2\/users\/1"}],"replies":[{"embeddable":true,"href":"https:\/\/www.invarena.cz\/index.php?rest_route=%2Fwp%2Fv2%2Fcomments&post=25136"}],"version-history":[{"count":0,"href":"https:\/\/www.invarena.cz\/index.php?rest_route=\/wp\/v2\/posts\/25136\/revisions"}],"wp:featuredmedia":[{"embeddable":true,"href":"https:\/\/www.invarena.cz\/index.php?rest_route=\/wp\/v2\/media\/14494"}],"wp:attachment":[{"href":"https:\/\/www.invarena.cz\/index.php?rest_route=%2Fwp%2Fv2%2Fmedia&parent=25136"}],"wp:term":[{"taxonomy":"category","embeddable":true,"href":"https:\/\/www.invarena.cz\/index.php?rest_route=%2Fwp%2Fv2%2Fcategories&post=25136"},{"taxonomy":"post_tag","embeddable":true,"href":"https:\/\/www.invarena.cz\/index.php?rest_route=%2Fwp%2Fv2%2Ftags&post=25136"}],"curies":[{"name":"wp","href":"https:\/\/api.w.org\/{rel}","templated":true}]}}