{"id":25139,"date":"2016-04-05T13:26:23","date_gmt":"2016-04-05T11:26:23","guid":{"rendered":"http:\/\/www.invarena.cz\/?p=25139"},"modified":"2016-04-05T19:23:45","modified_gmt":"2016-04-05T17:23:45","slug":"cez-pomaha-lidem-s-autismem-prispel-regionalnim-neziskovkam","status":"publish","type":"post","link":"https:\/\/www.invarena.cz\/?p=25139","title":{"rendered":"\u010cEZ pom\u00e1h\u00e1 lidem s autismem, p\u0159isp\u011bl region\u00e1ln\u00edm neziskovk\u00e1m"},"content":{"rendered":"<p><strong>\u010cEZ pom\u00e1h\u00e1 lidem s autismem. Sv\u00e9 budovy nasv\u00edtil mod\u0159e a p\u0159isp\u011bl region\u00e1ln\u00edm neziskovk\u00e1m.<\/strong> <!--more--><\/p>\n<p>Cel\u00fd \u010dl\u00e1nek <a href=\"http:\/\/www.plzenskenovinky.cz\/zpravy\/regiony\/cez-pomaha-lidem-s-autismem-prispel-regionalnim-neziskovkam\/\">ZDE<\/a><\/p>\n","protected":false},"excerpt":{"rendered":"<div class=\"mh-excerpt\"><p>\u010cEZ pom\u00e1h\u00e1 lidem s autismem. Sv\u00e9 budovy nasv\u00edtil mod\u0159e a p\u0159isp\u011bl region\u00e1ln\u00edm neziskovk\u00e1m.<\/p>\n<\/div>","protected":false},"author":1,"featured_media":0,"comment_status":"open","ping_status":"closed","sticky":false,"template":"","format":"standard","meta":{"footnotes":""},"categories":[9],"tags":[],"class_list":["post-25139","post","type-post","status-publish","format-standard","hentry","category-zpravy"],"_links":{"self":[{"href":"https:\/\/www.invarena.cz\/index.php?rest_route=\/wp\/v2\/posts\/25139","targetHints":{"allow":["GET"]}}],"collection":[{"href":"https:\/\/www.invarena.cz\/index.php?rest_route=\/wp\/v2\/posts"}],"about":[{"href":"https:\/\/www.invarena.cz\/index.php?rest_route=\/wp\/v2\/types\/post"}],"author":[{"embeddable":true,"href":"https:\/\/www.invarena.cz\/index.php?rest_route=\/wp\/v2\/users\/1"}],"replies":[{"embeddable":true,"href":"https:\/\/www.invarena.cz\/index.php?rest_route=%2Fwp%2Fv2%2Fcomments&post=25139"}],"version-history":[{"count":0,"href":"https:\/\/www.invarena.cz\/index.php?rest_route=\/wp\/v2\/posts\/25139\/revisions"}],"wp:attachment":[{"href":"https:\/\/www.invarena.cz\/index.php?rest_route=%2Fwp%2Fv2%2Fmedia&parent=25139"}],"wp:term":[{"taxonomy":"category","embeddable":true,"href":"https:\/\/www.invarena.cz\/index.php?rest_route=%2Fwp%2Fv2%2Fcategories&post=25139"},{"taxonomy":"post_tag","embeddable":true,"href":"https:\/\/www.invarena.cz\/index.php?rest_route=%2Fwp%2Fv2%2Ftags&post=25139"}],"curies":[{"name":"wp","href":"https:\/\/api.w.org\/{rel}","templated":true}]}}