{"id":25140,"date":"2016-04-05T19:35:23","date_gmt":"2016-04-05T17:35:23","guid":{"rendered":"http:\/\/www.invarena.cz\/?p=25140"},"modified":"2016-04-05T19:35:52","modified_gmt":"2016-04-05T17:35:52","slug":"policie-patra-po-uprchlem-pacientovi-psychiatrie-v-dobranech","status":"publish","type":"post","link":"https:\/\/www.invarena.cz\/?p=25140","title":{"rendered":"Policie p\u00e1tr\u00e1 po uprchl\u00e9m pacientovi psychiatrie v Dob\u0159anech"},"content":{"rendered":"<p><strong>Policie na Plze\u0148sku vyhl\u00e1sila p\u00e1tr\u00e1n\u00ed po pacientovi Psychiatrick\u00e9 nemocnice v Dob\u0159anech na Plze\u0148sku. T\u0159iadvacetilet\u00fd Milan \u0160piv\u00e1k z Berouna je na psychiatrii hospitalizov\u00e1n nedobrovoln\u011b.<\/strong><!--more--><\/p>\n<p>\u00dastavn\u00ed l\u00e9\u010den\u00ed mu na\u0159\u00eddil berounsk\u00fd soud. V pond\u011bl\u00ed utekl z nemocnice a nepodal o sob\u011b zpr\u00e1vu. Podle l\u00e9ka\u0159\u016f psychiatrie m\u016f\u017ee b\u00fdt nebezpe\u010dn\u00fd sv\u00e9mu okol\u00ed v p\u0159\u00edpad\u011b, \u017ee by u\u017eil drogy nebo alkohol. Mohl by se obna\u017eovat na ve\u0159ejn\u00fdch m\u00edstech, \u0159ekl dnes policejn\u00ed mluv\u010d\u00ed Jan Ko\u017eeluh.<del><\/del><\/p>\n<div class=\"rows\">\n<div class=\"leftCol\">\n<div id=\"textNews\" class=\"text\">\n<p>\u0160piv\u00e1k \u0161el v doprovodu zdravotnick\u00e9ho person\u00e1lu, p\u0159esko\u010dil ale plot a utekl. Neu\u017e\u00edv\u00e1 \u017e\u00e1dn\u00e9 l\u00e9ky, bez kter\u00fdch by byl v ohro\u017een\u00ed \u017eivota. Berounsk\u00fd soud mu krom\u011b ochrann\u00e9ho psychiatrick\u00e9ho \u00fastavn\u00edho l\u00e9\u010den\u00ed tak\u00e9 omezil zp\u016fsobilost k pr\u00e1vn\u00edm \u00fakon\u016fm.<\/p>\n<p>Hledan\u00fd pacient m\u011b\u0159\u00ed p\u0159ibli\u017en\u011b 165 centimetr\u016f, m\u00e1 st\u0159edn\u00ed postavu, hn\u011bd\u00e9 o\u010di, kr\u00e1tk\u00e9 \u010dern\u00e9 vlasy a men\u0161\u00ed kn\u00edr. Na sob\u011b m\u011bl nemocni\u010dn\u00ed tmav\u011b modrou tepl\u00e1kovou soupravu.<\/p>\n<p>Informace o hledan\u00e9m mu\u017ei mohou lid\u00e9 ozn\u00e1mit na kter\u00e9koliv policejn\u00ed slu\u017eebn\u011b nebo na bezplatn\u00e9 lince 158.<\/p>\n<\/div>\n<\/div>\n<\/div>\n<p>&nbsp;<\/p>\n","protected":false},"excerpt":{"rendered":"<div class=\"mh-excerpt\"><p>Policie na Plze\u0148sku vyhl\u00e1sila p\u00e1tr\u00e1n\u00ed po pacientovi Psychiatrick\u00e9 nemocnice v Dob\u0159anech na Plze\u0148sku. T\u0159iadvacetilet\u00fd Milan \u0160piv\u00e1k z Berouna je na psychiatrii hospitalizov\u00e1n nedobrovoln\u011b.<\/p>\n<\/div>","protected":false},"author":1,"featured_media":1346,"comment_status":"open","ping_status":"closed","sticky":false,"template":"","format":"standard","meta":{"footnotes":""},"categories":[7],"tags":[],"class_list":["post-25140","post","type-post","status-publish","format-standard","has-post-thumbnail","hentry","category-spolecnost"],"_links":{"self":[{"href":"https:\/\/www.invarena.cz\/index.php?rest_route=\/wp\/v2\/posts\/25140","targetHints":{"allow":["GET"]}}],"collection":[{"href":"https:\/\/www.invarena.cz\/index.php?rest_route=\/wp\/v2\/posts"}],"about":[{"href":"https:\/\/www.invarena.cz\/index.php?rest_route=\/wp\/v2\/types\/post"}],"author":[{"embeddable":true,"href":"https:\/\/www.invarena.cz\/index.php?rest_route=\/wp\/v2\/users\/1"}],"replies":[{"embeddable":true,"href":"https:\/\/www.invarena.cz\/index.php?rest_route=%2Fwp%2Fv2%2Fcomments&post=25140"}],"version-history":[{"count":0,"href":"https:\/\/www.invarena.cz\/index.php?rest_route=\/wp\/v2\/posts\/25140\/revisions"}],"wp:featuredmedia":[{"embeddable":true,"href":"https:\/\/www.invarena.cz\/index.php?rest_route=\/wp\/v2\/media\/1346"}],"wp:attachment":[{"href":"https:\/\/www.invarena.cz\/index.php?rest_route=%2Fwp%2Fv2%2Fmedia&parent=25140"}],"wp:term":[{"taxonomy":"category","embeddable":true,"href":"https:\/\/www.invarena.cz\/index.php?rest_route=%2Fwp%2Fv2%2Fcategories&post=25140"},{"taxonomy":"post_tag","embeddable":true,"href":"https:\/\/www.invarena.cz\/index.php?rest_route=%2Fwp%2Fv2%2Ftags&post=25140"}],"curies":[{"name":"wp","href":"https:\/\/api.w.org\/{rel}","templated":true}]}}