{"id":25141,"date":"2016-04-05T19:37:32","date_gmt":"2016-04-05T17:37:32","guid":{"rendered":"http:\/\/www.invarena.cz\/?p=25141"},"modified":"2016-04-05T19:37:32","modified_gmt":"2016-04-05T17:37:32","slug":"soud-potrestal-zneuzivani-pece-v-nemocnicich-55-roky-vezeni","status":"publish","type":"post","link":"https:\/\/www.invarena.cz\/?p=25141","title":{"rendered":"Soud potrestal zneu\u017e\u00edv\u00e1n\u00ed p\u00e9\u010de v nemocnic\u00edch 5,5 roky v\u011bzen\u00ed"},"content":{"rendered":"<p><strong>Krajsk\u00fd soud v Hradci Kr\u00e1lov\u00e9 dnes poslal na 5,5 roku do v\u011bzen\u00ed Pavla Krupi\u010dku z Dobru\u0161ky na Rychnovsku za to, \u017ee v letech 2009 a\u017e 2014 zneu\u017e\u00edval p\u00e9\u010di v nemocnic\u00edch.<\/strong><\/p>\n<p>&nbsp;<!--more--><\/p>\n<p>Celkem t\u00edm zp\u016fsobil \u0161kodu p\u0159esahuj\u00edc\u00ed 5,6 milionu korun, kter\u00e9 by m\u011bl uhradit sv\u00e9 zdravotn\u00ed poji\u0161\u0165ovn\u011b. Dne\u0161n\u00ed rozsudek dosud nen\u00ed pravomocn\u00fd, ob\u017ealovan\u00fd si ponechal lh\u016ftu na odvol\u00e1n\u00ed.<\/p>\n<p>Podle spisu Krupi\u010dka, kter\u00fd nem\u011bl \u017e\u00e1dn\u00fd p\u0159\u00edjem ani bydlen\u00ed, opakovan\u011b volal z\u00e1chrannou slu\u017ebu \u010di se osobn\u011b dostavil do r\u016fzn\u00fdch nemocnic. &#8222;S \u00famyslem dos\u00e1hnout p\u0159ijet\u00ed k hospitalizaci z\u00e1m\u011brn\u011b o\u0161et\u0159uj\u00edc\u00edmu l\u00e9ka\u0159i uv\u00e1d\u011bl nepravdiv\u00e9 \u00fadaje o sv\u00e9m zdravotn\u00edm stavu, nap\u0159\u00edklad \u017ee m\u00e1 bolesti na hrudi s propagac\u00ed do lev\u00e9ho ramene, \u017ee zvrac\u00ed a h\u016f\u0159e se mu d\u00fdch\u00e1 \u010di dal\u0161\u00ed zn\u00e1m\u00e9 p\u0159\u00edznaky infarktu myokardu,&#8220; stoj\u00ed v ob\u017ealob\u011b. P\u0159i sv\u00fdch pobytech v nemocnic\u00edch se tak opakovan\u011b podrobil r\u016fzn\u00fdm vy\u0161et\u0159en\u00edm, kter\u00e1 vzhledem k jeho skute\u010dn\u00e9mu stavu nebyla pot\u0159eba.<\/p>\n<p>Policie p\u0159\u00edpad vy\u0161et\u0159ovala od b\u0159ezna 2014. Loni v \u010dervenci se poda\u0159ilo mu\u017ee zadr\u017eet na ambulanci intern\u00edho odd\u011blen\u00ed nemocnice v Klatovech. Kriminalist\u00e9 po jeho zat\u010den\u00ed uvedli, \u017ee mu\u017e zneu\u017eil nemocnice ve v\u00edce ne\u017e stovk\u00e1ch p\u0159\u00edpad\u016f, kdy se nechal hospitalizovat na kr\u00e1tkou dobu jednoho a\u017e t\u0159\u00ed dn\u016f. V nemocnic\u00edch tvrdil, \u017ee je \u0159idi\u010dem kamion\u016f a bolesti ho za\u010daly tr\u00e1pit na cest\u011b.<\/p>\n<\/div>\n<\/div>\n<\/div>\n<p><!--more--><\/p>\n","protected":false},"excerpt":{"rendered":"<div class=\"mh-excerpt\"><p>Krajsk\u00fd soud v Hradci Kr\u00e1lov\u00e9 dnes poslal na 5,5 roku do v\u011bzen\u00ed Pavla Krupi\u010dku z Dobru\u0161ky na Rychnovsku za to, \u017ee v letech 2009 a\u017e <a class=\"mh-excerpt-more\" href=\"https:\/\/www.invarena.cz\/?p=25141\" title=\"Soud potrestal zneu\u017e\u00edv\u00e1n\u00ed p\u00e9\u010de v nemocnic\u00edch 5,5 roky v\u011bzen\u00ed\">[&#8230;]<\/a><\/p>\n<\/div>","protected":false},"author":1,"featured_media":14647,"comment_status":"open","ping_status":"closed","sticky":false,"template":"","format":"standard","meta":{"footnotes":""},"categories":[7],"tags":[],"class_list":["post-25141","post","type-post","status-publish","format-standard","has-post-thumbnail","hentry","category-spolecnost"],"_links":{"self":[{"href":"https:\/\/www.invarena.cz\/index.php?rest_route=\/wp\/v2\/posts\/25141","targetHints":{"allow":["GET"]}}],"collection":[{"href":"https:\/\/www.invarena.cz\/index.php?rest_route=\/wp\/v2\/posts"}],"about":[{"href":"https:\/\/www.invarena.cz\/index.php?rest_route=\/wp\/v2\/types\/post"}],"author":[{"embeddable":true,"href":"https:\/\/www.invarena.cz\/index.php?rest_route=\/wp\/v2\/users\/1"}],"replies":[{"embeddable":true,"href":"https:\/\/www.invarena.cz\/index.php?rest_route=%2Fwp%2Fv2%2Fcomments&post=25141"}],"version-history":[{"count":0,"href":"https:\/\/www.invarena.cz\/index.php?rest_route=\/wp\/v2\/posts\/25141\/revisions"}],"wp:featuredmedia":[{"embeddable":true,"href":"https:\/\/www.invarena.cz\/index.php?rest_route=\/wp\/v2\/media\/14647"}],"wp:attachment":[{"href":"https:\/\/www.invarena.cz\/index.php?rest_route=%2Fwp%2Fv2%2Fmedia&parent=25141"}],"wp:term":[{"taxonomy":"category","embeddable":true,"href":"https:\/\/www.invarena.cz\/index.php?rest_route=%2Fwp%2Fv2%2Fcategories&post=25141"},{"taxonomy":"post_tag","embeddable":true,"href":"https:\/\/www.invarena.cz\/index.php?rest_route=%2Fwp%2Fv2%2Ftags&post=25141"}],"curies":[{"name":"wp","href":"https:\/\/api.w.org\/{rel}","templated":true}]}}