{"id":25164,"date":"2016-04-07T10:19:29","date_gmt":"2016-04-07T08:19:29","guid":{"rendered":"http:\/\/www.invarena.cz\/?p=25164"},"modified":"2016-04-07T10:19:29","modified_gmt":"2016-04-07T08:19:29","slug":"na-olomouckem-mitinku-byl-prekonan-svetovy-rekord","status":"publish","type":"post","link":"https:\/\/www.invarena.cz\/?p=25164","title":{"rendered":"Na olomouck\u00e9m m\u00edtinku byl p\u0159ekon\u00e1n sv\u011btov\u00fd rekord"},"content":{"rendered":"<p><strong>Atletick\u00fd klub Olomouc uspo\u0159\u00e1dal pro voz\u00ed\u010dk\u00e1\u0159e a t\u011blesn\u011b posti\u017een\u00e9 Jarn\u00ed z\u00e1vody na dr\u00e1ze za velmi dobr\u00e9 \u00fa\u010dasti \u010desk\u00fdch voz\u00ed\u010dk\u00e1\u0159\u016f.<\/strong> <!--more--><\/p>\n<p>Olomouc \u2013 Do Olomouce se sjeli rovn\u011b\u017e zahrani\u010dn\u00ed atleti ze Slovenska, Chrovatska a Polska, pro kter\u00e9 tyto z\u00e1vody byly posledn\u00ed mo\u017enosti spln\u011bn\u00ed limitu pro paralympijsk\u00e9 hry v Braz\u00edlii. P\u011bkn\u00e9, tepl\u00e9 a slune\u010dn\u00e9 po\u010das\u00ed se p\u0159i\u010dinilo o \u0159adu velmi dobr\u00fdch v\u00fdkon\u016f a Chorvat Dimitrijevic Zelko (kateg. F 51) dokonce p\u0159ekonal sv\u011btov\u00fd rekord v hodu ku\u017eelkou v\u00fdkonem 28,89 m.<\/p>\n<p>Da\u0159ilo se i olomouck\u00e9 voz\u00ed\u010dk\u00e1\u0159ce Miroslav\u011b Obrov\u00e9 (kat. F 57), kter\u00e1 v hodu diskem v\u00fdkonem 16,64 m vytvo\u0159ila nov\u00fd \u010desk\u00fd rekord. Obrov\u00e1 je\u0161t\u011b startovala ve vrhu koul\u00ed kde v\u00fdkonem 6,12 m obsadila prvn\u00ed m\u00edsto.<\/p>\n<p>Z dal\u0161\u00edch olomouck\u00fdch voz\u00ed\u010dk\u00e1\u0159\u016f je\u0161t\u011b startovala Ad\u00e9la Sekyrov\u00e1 (kat. F32) v hodu ku\u017eelkou a diskem. V t\u011bchto discipl\u00edn\u00e1ch dos\u00e1hla v\u00fdkon\u016f 8,59 m a 1,84 m. D\u00e1le Du\u0161an \u0160\u010dambura (kat. F 55) ve vrhu koul\u00ed a o\u0161t\u011bpu v\u00fdkony 7,22 m a 18,79 m a nov\u00fd \u010dlen AK Olomouc Michal Rotter (kat. F 55) ve vrhu koul\u00ed a hodu o\u0161t\u011bpem, kde zaznamenal v\u00fdkony 6,45 m a 18,07 m.<\/p>\n<p>07.04.2016<br \/>\nJAROSLAV POL\u00c1K<br \/>\nOlomouck\u00fd den\u00edk<br \/>\n<a href=\"http:\/\/www.olomoucky.denik.cz\/\">http:\/\/www.olomoucky.denik.cz\/<\/a><\/p>\n","protected":false},"excerpt":{"rendered":"<div class=\"mh-excerpt\"><p>Atletick\u00fd klub Olomouc uspo\u0159\u00e1dal pro voz\u00ed\u010dk\u00e1\u0159e a t\u011blesn\u011b posti\u017een\u00e9 Jarn\u00ed z\u00e1vody na dr\u00e1ze za velmi dobr\u00e9 \u00fa\u010dasti \u010desk\u00fdch voz\u00ed\u010dk\u00e1\u0159\u016f.<\/p>\n<\/div>","protected":false},"author":1,"featured_media":7022,"comment_status":"open","ping_status":"closed","sticky":false,"template":"","format":"standard","meta":{"footnotes":""},"categories":[9],"tags":[],"class_list":["post-25164","post","type-post","status-publish","format-standard","has-post-thumbnail","hentry","category-zpravy"],"_links":{"self":[{"href":"https:\/\/www.invarena.cz\/index.php?rest_route=\/wp\/v2\/posts\/25164","targetHints":{"allow":["GET"]}}],"collection":[{"href":"https:\/\/www.invarena.cz\/index.php?rest_route=\/wp\/v2\/posts"}],"about":[{"href":"https:\/\/www.invarena.cz\/index.php?rest_route=\/wp\/v2\/types\/post"}],"author":[{"embeddable":true,"href":"https:\/\/www.invarena.cz\/index.php?rest_route=\/wp\/v2\/users\/1"}],"replies":[{"embeddable":true,"href":"https:\/\/www.invarena.cz\/index.php?rest_route=%2Fwp%2Fv2%2Fcomments&post=25164"}],"version-history":[{"count":0,"href":"https:\/\/www.invarena.cz\/index.php?rest_route=\/wp\/v2\/posts\/25164\/revisions"}],"wp:featuredmedia":[{"embeddable":true,"href":"https:\/\/www.invarena.cz\/index.php?rest_route=\/wp\/v2\/media\/7022"}],"wp:attachment":[{"href":"https:\/\/www.invarena.cz\/index.php?rest_route=%2Fwp%2Fv2%2Fmedia&parent=25164"}],"wp:term":[{"taxonomy":"category","embeddable":true,"href":"https:\/\/www.invarena.cz\/index.php?rest_route=%2Fwp%2Fv2%2Fcategories&post=25164"},{"taxonomy":"post_tag","embeddable":true,"href":"https:\/\/www.invarena.cz\/index.php?rest_route=%2Fwp%2Fv2%2Ftags&post=25164"}],"curies":[{"name":"wp","href":"https:\/\/api.w.org\/{rel}","templated":true}]}}