{"id":25171,"date":"2016-04-09T20:10:29","date_gmt":"2016-04-09T18:10:29","guid":{"rendered":"http:\/\/www.invarena.cz\/?p=25171"},"modified":"2016-04-09T20:10:59","modified_gmt":"2016-04-09T18:10:59","slug":"slunce-sviti-vsem","status":"publish","type":"post","link":"https:\/\/www.invarena.cz\/?p=25171","title":{"rendered":"Slunce sv\u00edt\u00ed v\u0161em"},"content":{"rendered":"<p>Je tomu pr\u00e1v\u011b 25 let, co ve Stochov\u011b byla zalo\u017eena prvn\u00ed speci\u00e1ln\u00ed \u0161kola pro posti\u017een\u00e9 d\u011bti v na\u0161em regionu. Od t\u00e9 doby se k n\u00ed p\u0159ipojily dal\u0161\u00ed mate\u0159sk\u00e9 a z\u00e1kladn\u00ed \u0161koly; v Unho\u0161ti pak vznikla i st\u0159edn\u00ed praktick\u00e1 \u0161kola. <!--more--><\/p>\n<p>Od sam\u00e9ho za\u010d\u00e1tku je v \u010dele tohoto projektu jako \u0159editelka PaedDr. Blanka Dvo\u0159\u00e1kov\u00e1. <\/p>\n<p>&#8222;Kdy\u017e si vzpom\u00edn\u00e1m na za\u010d\u00e1tky v roce 1991, bylo to tristn\u00ed. Setk\u00e1vali jsme se tehdy s rodi\u010di ment\u00e1ln\u011b posti\u017een\u00fdch d\u011bt\u00ed, kte\u0159\u00ed m\u011bli velk\u00fd probl\u00e9m: V regionu neexistovala speci\u00e1ln\u00ed \u0161kola pro \u017e\u00e1ky s handicapem a jejich d\u011bti tak m\u011bly velmi zt\u00ed\u017een\u00fd p\u0159\u00edstup ke vzd\u011bl\u00e1n\u00ed,&#8220; \u0159\u00edk\u00e1 na \u00favod na\u0161eho setk\u00e1n\u00ed pan\u00ed Dvo\u0159\u00e1kov\u00e1. Rodi\u010de to tehdy \u0159e\u0161ili r\u016fzn\u011b: N\u011bkte\u0159\u00ed se sna\u017eili d\u011bti vzd\u011bl\u00e1vat sami, jin\u00ed je pos\u00edlali do \u0161kol, kter\u00e9 v\u0161ak byly daleko od jejich bydli\u0161t\u011b. &#8222;Napadlo m\u011b zalo\u017eit speci\u00e1ln\u00ed \u0161kolu, kde bychom se o posti\u017een\u00e9 d\u011bti mohli komplexn\u011b postarat,&#8220; vzpom\u00edn\u00e1 Blanka Dvo\u0159\u00e1kov\u00e1. Jako vystudovan\u00e1 speci\u00e1ln\u00ed pedago\u017eka m\u011bla k t\u00e9to problematice velmi bl\u00edzko. Na za\u010d\u00e1tku d\u00edky V\u00fdboru Dobr\u00e9 v\u016fle z\u00edskali budovu ve Stochov\u011b, kter\u00e1 byla p\u0159estav\u011bna na z\u00e1kladn\u00ed \u0161kolu. Hodn\u011b p\u0159itom pom\u00e1hali samotn\u00ed rodi\u010de, na otev\u0159en\u00ed p\u0159ijela i pan\u00ed Olga Havlov\u00e1.<br \/>\n&#8211; Pokra\u010dov\u00e1n\u00ed na stran\u011b 3 <\/p>\n<p>Slunce sv\u00edt\u00ed v\u0161em <\/p>\n<p>&#8211; Dokon\u010den\u00ed ze strany 1<br \/>\nZa\u010d\u00ednali tehdy s 26 d\u011btmi. Postupn\u011b p\u0159ib\u00fdvaly mate\u0159sk\u00e9 a z\u00e1kladn\u00ed \u0161koly s pobo\u010dkami ve Stochov\u011b, Horn\u00edm Bezd\u011bkov\u011b, Ky\u0161ic\u00edch a v Nouzov\u011b. &#8222;Dnes m\u00e1me 125 d\u011bt\u00ed, v\u011bt\u0161inou z Kladenska, Prahyz\u00e1pad a z Berounska,&#8220; uv\u00e1d\u00ed pan\u00ed \u0159editelka. Unik\u00e1tnost t\u011bchto za\u0159\u00edzen\u00ed tkv\u00ed v tom, \u017ee se zde nesch\u00e1zej\u00ed jen \u017e\u00e1ci s ment\u00e1ln\u00edmi poruchami, ale i d\u011bti nesly\u0161\u00edc\u00ed, nevidom\u00e9 \u010di jinak t\u011blesn\u011b posti\u017een\u00e9. V\u0161ichni si pr\u00fd n\u00e1ramn\u011b rozum\u011bj\u00ed. &#8222;Je to dan\u00e9 samoz\u0159ejm\u011b t\u00edm, \u017ee dnes m\u00e1me specializovan\u00e9 pedagogy (t\u011bch je zhruba 30) a hlavn\u011b: Ve t\u0159\u00edd\u011b je m\u00e1lo \u017e\u00e1k\u016f (\u010dty\u0159i a\u017e dev\u011bt), tak\u017ee se jim m\u016f\u017eeme individu\u00e1ln\u011b v\u011bnovat,&#8220; \u0159\u00edk\u00e1 pan\u00ed Dvo\u0159\u00e1kov\u00e1.<br \/>\nMate\u0159sk\u00e1 \u0161kola s\u00eddl\u00ed v budov\u00e1ch v Ky\u0161ic\u00edch a v Horn\u00edm Bezd\u011bkov\u011b, z\u00e1kladn\u00ed \u0161kola pak v budov\u00e1ch ve Stochov\u011b a v Unho\u0161ti, p\u0159\u00edpravn\u00fd stupe\u0148 z\u00e1kladn\u00ed \u0161koly je v Ky\u0161ic\u00edch. P\u0159i za\u0159azov\u00e1n\u00ed \u017e\u00e1k\u016f do t\u0159\u00edd p\u0159ihl\u00ed\u017e\u00ed \u0161kola p\u0159edev\u0161\u00edm k psychick\u00fdm a osobnostn\u00edm zvl\u00e1\u0161tnostem d\u011bt\u00ed a sna\u017e\u00ed se napl\u0148ovat jeden ze sv\u00fdch st\u011b\u017eejn\u00edch c\u00edl\u016f, integraci \u017e\u00e1k\u016f s r\u016fzn\u00fdm stupn\u011bm a druhem posti\u017een\u00ed. \u017d\u00e1ci jsou klasifikov\u00e1ni \u0161ir\u0161\u00edm slovn\u00edm hodnocen\u00edm. \u0160kola je fakultn\u00ed \u0161kolou Pedagogick\u00e9 fakulty Univerzity Karlovy v Praze.<br \/>\nSt\u0159edn\u00ed \u0161kola s\u00eddl\u00ed v budov\u011b v Unho\u0161ti. V\u00fduka je zam\u011b\u0159ena na zvl\u00e1dnut\u00ed p\u00e9\u010de o dom\u00e1cnost a k vytvo\u0159en\u00ed dovednost\u00ed a n\u00e1vyk\u016f pot\u0159ebn\u00fdch k vykon\u00e1v\u00e1n\u00ed jednoduch\u00fdch zam\u011bstn\u00e1n\u00ed. &#8222;D\u00edky takto \u0161irok\u00e9mu z\u00e1b\u011bru jsme unik\u00e1tn\u00ed v republice v tom, \u017ee se star\u00e1me o posti\u017een\u00e9 d\u011bti zhruba od jednoho roku a\u017e po st\u0159edn\u00ed \u0161kolu,&#8220; zd\u016fraz\u0148uje pan\u00ed Dvo\u0159\u00e1kov\u00e1. A s p\u00fdchou p\u0159ipom\u00edn\u00e1, \u017ee \u0159ada jejich \u017e\u00e1k\u016f pozd\u011bji vystudovala gymn\u00e1zium a n\u011bkte\u0159\u00ed i vysokou \u0161kolu. Krom\u011b \u0161kol zmi\u0148uje tak\u00e9 centrum Slunce v\u0161em, kter\u00e9 v Unho\u0161ti, Stochov\u011b a v Nouzov\u011b nab\u00edz\u00ed speci\u00e1ln\u00ed slu\u017eby pro seniory. V Unho\u0161ti na autobusov\u00e9m n\u00e1dra\u017e\u00ed pak najdeme i kav\u00e1rnu s pek\u00e1rnou, kde pracuj\u00ed zdravotn\u011b posti\u017een\u00ed lid\u00e9. <\/p>\n<p>Nada\u010dn\u00ed fond Slunce pro v\u0161echny <\/p>\n<p>V roce 2002 byl zalo\u017een Nada\u010dn\u00ed fond Slunce pro v\u0161echny se s\u00eddlem v Ky\u0161ic\u00edch za \u00fa\u010delem podpory d\u011bt\u00ed a dosp\u011bl\u00fdch se speci\u00e1ln\u00edmi pot\u0159ebami a podpory v\u0161ech \u0161kol. Hlavn\u00edm programem nada\u010dn\u00edho fondu je sh\u00e1n\u011bn\u00ed finan\u010dn\u00edch prost\u0159edk\u016f (nap\u0159\u00edklad po\u0159\u00e1d\u00e1n\u00edm benefi\u010dn\u00edch koncert\u016f v Praze a ve Stochov\u011b, aukc\u00ed v\u00fdtvarn\u00fdch prac\u00ed apod.). Nejbli\u017e\u0161\u00ed akce se bude konat 26. dubna ve Smetanov\u011b s\u00edni Obecn\u00edho domu v Praze, v\u00fdt\u011b\u017eek z p\u0159ipravovan\u00e9ho koncertu p\u016fjde na aktivity Nada\u010dn\u00edho fondu. Nap\u0159\u00edklad z lo\u0148sk\u00e9ho koncertu se opravily st\u0159echy na \u0161kol\u00e1ch v Unho\u0161ti a v Nouzov\u011b. <\/p>\n<p>\u0158\u00e1d slunce <\/p>\n<p>Lid\u00ed, jako je Blanka Dvo\u0159\u00e1kov\u00e1, si velmi v\u00e1\u017e\u00edm. Jejich pr\u00e1ce je mimo\u0159\u00e1dn\u011b z\u00e1slu\u017en\u00e1; v\u017edy\u0165 bez nich by se \u0159ada posti\u017een\u00fdch ocitla na \u00fapln\u00e9m kraji spole\u010dnosti. A \u2013 jak se uk\u00e1zalo p\u0159i ned\u00e1vn\u00e9m hlasov\u00e1n\u00ed \u010dten\u00e1\u0159\u016f novin ve St\u0159edo\u010desk\u00e9m kraji \u2013 nejsem v \u00fact\u011b k t\u011bmto klidem s\u00e1m: Pan\u00ed Dvo\u0159\u00e1kov\u00e1 z\u00edskala 10. b\u0159ezna leto\u0161n\u00edho roku mezi 219 osobnostmi kraje \u0158\u00e1d slunce. Ostatn\u011b, kdy\u017e n\u011bco d\u011bl\u00e1te srdcem, nen\u00ed se co divit!<\/p>\n<p>Michal Korol<br \/>\nN\u00e1\u0161 region<\/p>\n","protected":false},"excerpt":{"rendered":"<div class=\"mh-excerpt\"><p>Je tomu pr\u00e1v\u011b 25 let, co ve Stochov\u011b byla zalo\u017eena prvn\u00ed speci\u00e1ln\u00ed \u0161kola pro posti\u017een\u00e9 d\u011bti v na\u0161em regionu. Od t\u00e9 doby se k n\u00ed <a class=\"mh-excerpt-more\" href=\"https:\/\/www.invarena.cz\/?p=25171\" title=\"Slunce sv\u00edt\u00ed v\u0161em\">[&#8230;]<\/a><\/p>\n<\/div>","protected":false},"author":1,"featured_media":0,"comment_status":"open","ping_status":"closed","sticky":false,"template":"","format":"standard","meta":{"footnotes":""},"categories":[9],"tags":[],"class_list":["post-25171","post","type-post","status-publish","format-standard","hentry","category-zpravy"],"_links":{"self":[{"href":"https:\/\/www.invarena.cz\/index.php?rest_route=\/wp\/v2\/posts\/25171","targetHints":{"allow":["GET"]}}],"collection":[{"href":"https:\/\/www.invarena.cz\/index.php?rest_route=\/wp\/v2\/posts"}],"about":[{"href":"https:\/\/www.invarena.cz\/index.php?rest_route=\/wp\/v2\/types\/post"}],"author":[{"embeddable":true,"href":"https:\/\/www.invarena.cz\/index.php?rest_route=\/wp\/v2\/users\/1"}],"replies":[{"embeddable":true,"href":"https:\/\/www.invarena.cz\/index.php?rest_route=%2Fwp%2Fv2%2Fcomments&post=25171"}],"version-history":[{"count":0,"href":"https:\/\/www.invarena.cz\/index.php?rest_route=\/wp\/v2\/posts\/25171\/revisions"}],"wp:attachment":[{"href":"https:\/\/www.invarena.cz\/index.php?rest_route=%2Fwp%2Fv2%2Fmedia&parent=25171"}],"wp:term":[{"taxonomy":"category","embeddable":true,"href":"https:\/\/www.invarena.cz\/index.php?rest_route=%2Fwp%2Fv2%2Fcategories&post=25171"},{"taxonomy":"post_tag","embeddable":true,"href":"https:\/\/www.invarena.cz\/index.php?rest_route=%2Fwp%2Fv2%2Ftags&post=25171"}],"curies":[{"name":"wp","href":"https:\/\/api.w.org\/{rel}","templated":true}]}}